{"id":554917,"date":"2022-07-28T00:04:47","date_gmt":"2022-07-28T05:04:47","guid":{"rendered":"https:\/\/www.diarioimagen.net\/?p=554917"},"modified":"2022-07-28T04:50:42","modified_gmt":"2022-07-28T09:50:42","slug":"2024-sin-piso-parejo","status":"publish","type":"post","link":"https:\/\/www.diarioimagen.net\/?p=554917","title":{"rendered":"2024, sin piso parejo"},"content":{"rendered":"<h2>Desde el portal<\/h2>\n<h5>\u00c1ngel Soriano<\/h5>\n<p>&nbsp;<\/p>\n<p>Los prop\u00f3sitos del presidente Andr\u00e9s Manuel L\u00f3pez Obrador de elegir al candidato presidencial de Morena mediante el m\u00e9todo de encuesta con la participaci\u00f3n directa de los electores chocan con la realidad que considera que no hay ni habr\u00e1 piso parejo para los contendientes.<\/p>\n<p>Desde una posici\u00f3n de secretario de Estado con la disposici\u00f3n de amplio presupuesto federal y la intervenci\u00f3n en los asuntos p\u00fablicos nacionales e internacionales, con los reflectores las 24 horas del d\u00eda y el manejo de la vasta infraestructura administrativa, se est\u00e1 en condiciones de ventaja contra quienes no tienen esas posibilidades.<\/p>\n<p>Y desde luego que no las tienen porque no forman parte de la burbuja presidencial, ni la cercan\u00eda ni la confianza con quien maneja el poder, ni la posibilidad de garantizar la continuidad de la obra de la 4T porque, obviamente, no forman parte de ella y, si acaso, con un acceso de sana distancia del lugar donde se toman las decisiones.<\/p>\n<p>Desde luego que hay quien s\u00ed se acerca a esas posibilidades, como es el caso del senador Ricardo Monreal, que cuenta con los m\u00e9ritos y atributos necesarios para enfrentar al resto de los aspirantes presidenciales, pero habr\u00e1 que ver si funciona el m\u00e9todo de encuesta u otro sistema para garantizar una contienda justa y equitativa.<\/p>\n<p style=\"text-align: center;\"><strong>Turbulencias<br \/>\n\u201cAlito\u201d Moreno sigue dando la batalla<\/strong><\/p>\n<p>Hay casos como el del ex gobernador campecha\u00f1o, \u201cAlito\u201d Moreno, que impulsa la alianza opositora en condiciones de desventaja por la amplia campa\u00f1a de desprestigio que hay su contra y porque detr\u00e1s de la misma hay intereses econ\u00f3micos poderosos que est\u00e1n en contra del avance de la Cuarta Transformaci\u00f3n, con sus socios extranjeros, que desean seguir haciendo negocios con colosales utilidades en el manejo de los recursos naturales y teniendo al pa\u00eds como un gran mercado de consumo\u2026 El T-MEC ser\u00e1 un instrumento de presi\u00f3n pero para el cual el presidente Andr\u00e9s Manuel L\u00f3pez Obrador ha pintado la raya: la soberan\u00eda nacional no se negocia. El petr\u00f3leo, la industria el\u00e9ctrica y los minerales son propiedad de la Naci\u00f3n para el disfrute de sus habitantes y no para ensanchar la bolsa de los inversionistas extranjeros que siempre han gozado de privilegios para saquear al pa\u00eds. Lo mismo que el tren Maya, los llamados ecologistas tienen tras s\u00ed el impulso y financiamiento de los grandes capitalistas para detener el crecimiento de la regi\u00f3n, pero antes no se preocuparon por ello: Se construyeron grandes hoteles y consorcios tur\u00edsticos arrasando la selva y destruyendo el entorno ecol\u00f3gico, pero hoy se convierten en defensores de lo que lleva ya varios d\u00e9cadas de saqueo y de enriquecimiento desmedido. En esta lucha tiene que ver tambi\u00e9n el manejo de los tribunales y de los recursos legales que, por un lado, los utiliza el Estado mexicano en beneficio de la Naci\u00f3n como obras de inter\u00e9s estrat\u00e9gico, y por otro lado los opositores demandan la defensa de la ley como instrumento v\u00e1lido para perseguir sus fines, pero por encima de ello debe estar el inter\u00e9s de las comunidades ind\u00edgenas y de sus tierras y de sus bosques, de su bienestar social y de acceder a mejores condiciones de vida. Necesariamente se tendr\u00e1 que encontrar un equilibrio entre la explotaci\u00f3n de nuestros recursos naturales, el bienestar de la poblaci\u00f3n, el inter\u00e9s del sector privado y del derecho de propios y extra\u00f1os en conocer una inmensa riqueza nacional inexplorada en el sureste de M\u00e9xico, en donde miles viven todav\u00eda en el subdesarrollo, sin acceso a los recursos que ofrecen los avances tecnol\u00f3gicos.<\/p>\n<p><u><a href=\"mailto:asorianocarrasco@yahoo.com\" target=\"_blank\" rel=\"noopener noreferrer\"><em>asorianocarrasco@yahoo.com<\/em><\/a><br \/>\n<em><a href=\"https:\/\/revistabrecha.com\" target=\"_blank\" rel=\"noopener noreferrer\">www.revistabrecha.com<\/a><br \/>\n<\/em><\/u><em>facebook oficial <a href=\"https:\/\/es-la.facebook.com\/RevistaBrecha.Oficial\" target=\"_blank\" rel=\"noopener\">@BrechaRevista<\/a><\/em><\/p>\n","protected":false},"excerpt":{"rendered":"<p><span style=\"color: #005497;\"><strong>\u00c1ngel Soriano<\/strong><\/span><\/p>\n","protected":false},"author":3,"featured_media":0,"comment_status":"open","ping_status":"open","sticky":false,"template":"","format":"standard","meta":{"_monsterinsights_skip_tracking":false,"_monsterinsights_sitenote_active":false,"_monsterinsights_sitenote_note":"","_monsterinsights_sitenote_category":0,"footnotes":""},"categories":[135],"tags":[85,86],"class_list":["post-554917","post","type-post","status-publish","format-standard","hentry","category-angel-soriano-opinion","tag-angel-soriano","tag-desde-el-portal"],"_links":{"self":[{"href":"https:\/\/www.diarioimagen.net\/index.php?rest_route=\/wp\/v2\/posts\/554917","targetHints":{"allow":["GET"]}}],"collection":[{"href":"https:\/\/www.diarioimagen.net\/index.php?rest_route=\/wp\/v2\/posts"}],"about":[{"href":"https:\/\/www.diarioimagen.net\/index.php?rest_route=\/wp\/v2\/types\/post"}],"author":[{"embeddable":true,"href":"https:\/\/www.diarioimagen.net\/index.php?rest_route=\/wp\/v2\/users\/3"}],"replies":[{"embeddable":true,"href":"https:\/\/www.diarioimagen.net\/index.php?rest_route=%2Fwp%2Fv2%2Fcomments&post=554917"}],"version-history":[{"count":0,"href":"https:\/\/www.diarioimagen.net\/index.php?rest_route=\/wp\/v2\/posts\/554917\/revisions"}],"wp:attachment":[{"href":"https:\/\/www.diarioimagen.net\/index.php?rest_route=%2Fwp%2Fv2%2Fmedia&parent=554917"}],"wp:term":[{"taxonomy":"category","embeddable":true,"href":"https:\/\/www.diarioimagen.net\/index.php?rest_route=%2Fwp%2Fv2%2Fcategories&post=554917"},{"taxonomy":"post_tag","embeddable":true,"href":"https:\/\/www.diarioimagen.net\/index.php?rest_route=%2Fwp%2Fv2%2Ftags&post=554917"}],"curies":[{"name":"wp","href":"https:\/\/api.w.org\/{rel}","templated":true}]}}