{"id":554921,"date":"2022-07-28T00:08:54","date_gmt":"2022-07-28T05:08:54","guid":{"rendered":"https:\/\/www.diarioimagen.net\/?p=554921"},"modified":"2022-07-28T04:33:45","modified_gmt":"2022-07-28T09:33:45","slug":"los-morenistas-y-su-guerra-interna","status":"publish","type":"post","link":"https:\/\/www.diarioimagen.net\/?p=554921","title":{"rendered":"Los morenistas y su guerra interna"},"content":{"rendered":"<h2>Punto por punto<\/h2>\n<h5>Augusto Corro<\/h5>\n<p>&nbsp;<\/p>\n<p>Nadie duda que la guerra por las candidaturas presidenciales tendr\u00e1 un costo importante que podr\u00eda afectar la disciplina y la unidad de los partidos pol\u00edticos.<\/p>\n<p>Los conflictos desembocar\u00edan en el divisionismo. As\u00ed, conforme avance el tiempo veremos de que tama\u00f1o ser\u00e1n los conflictos.<\/p>\n<p>En el partido Movimiento Regeneraci\u00f3n Nacional (Morena) ya empezaron las quejas porque no hay piso parejo.<\/p>\n<p>El propio l\u00edder guinda, Mario Delgado, dijo que en el pr\u00f3ximo Congreso del partido se plantear\u00e1 un acuerdo entre los precandidatos para evitar conflictos.<\/p>\n<p>Concretamente, el dirigente propuso que la mencionada reuni\u00f3n sea el marco para definir condiciones de \u201ccertidumbre y tranquilidad de que la disputa no es entre nosotros\u201d.<\/p>\n<p>Pues las declaraciones de Delgado se interpretan como un aviso de que la lucha en el interior de Morena no ser\u00e1 f\u00e1cil.<\/p>\n<p>As\u00ed la guerra de Morena ser\u00e1 en el exterior y en el interior. Hacia fuera con las organizaciones pol\u00edticas que competir\u00e1n por la silla presidencial.<\/p>\n<p>En el partido la lucha se desatar\u00e1 entre las llamadas \u201ccorcholatas\u201d ya destapadas por el presidente L\u00f3pez Obrador.<\/p>\n<p>Nos referimos a los precandidatos y precandidata tempraneros: Claudia Sheinbaum, jefa de Gobierno capitalino; Marcelo Ebrard, secretario de Relaciones Exteriores; y Ad\u00e1n Augusto L\u00f3pez, secretario de Gobernaci\u00f3n.<\/p>\n<p>Y aunque no es \u201ccorcholata\u201d tambi\u00e9n se debe incluir en esa lista de aspirantes presidenciales, al senador Ricardo Monreal.<\/p>\n<p>En las encuestas sobre las preferencias electorales, Claudia y Marcelo van empatados. Por ahora, ninguno de los dos precandidatos tiene la f\u00f3rmula para separarse de su competidor.<\/p>\n<p>Salvo que el l\u00edder moral de Morena, L\u00f3pez Obrador, intervenga para decidir por d\u00f3nde va la jugada; es decir, manifestar sin rodeos qui\u00e9n es su candidata o candidato.<\/p>\n<p>En el escenario pol\u00edtico, se ve que al mandatario tabasque\u00f1o le simpatiza m\u00e1s la aspirante Claudia. Quiz\u00e1s esa actitud de L\u00f3pez Obrador llev\u00f3 a los seguidores de Ebrard a demandar el piso parejo.<\/p>\n<p>En el partido guinda, durante el proceso de selecci\u00f3n del precandidato, a trav\u00e9s de encuestas, surgir\u00e1n las inconformidades; porque no todos los militantes morenistas est\u00e1n de acuerdo con ese m\u00e9todo.<\/p>\n<p>No olvidar que tambi\u00e9n est\u00e1n como aspirantes presidenciales el exgobernador de Tabasco y secretario de Gobernaci\u00f3n, Ad\u00e1n Augusto L\u00f3pez. No parece representar obst\u00e1culo alguno.<\/p>\n<p>En cambio, el senador zacatecano, Ricardo Monreal, s\u00ed dar\u00e1 la pelea en la b\u00fasqueda de la silla presidencial. \u00bfCu\u00e1l ser\u00e1 la actitud de los morenistas hacia el legislador?<\/p>\n<p>Mientras se acerca la fecha de las definiciones, ya alg\u00fan partido pol\u00edtico de la oposici\u00f3n le ofreci\u00f3 el apoyo a su candidatura.<\/p>\n<p>En fin, la actividad pol\u00edtica en Morena ser\u00e1 intensa., sin duda.<\/p>\n<p>Del lado de los partidos opositores, la destapada tempranera de las \u201ccorcholatas\u201d apenas si les interes\u00f3.<\/p>\n<p>Por ejemplo, en la alianza Va por M\u00e9xico (PAN, PRI y PRD) no encuentran a su representante,<\/p>\n<p>En Acci\u00f3n Nacional se manejan los nombres de posibles aspirantes; se trata de figuras pol\u00edticas del pasado que tratan de resucitar.<\/p>\n<p>Ah\u00ed est\u00e1 Margarita Zavala, esposa del ex presidente Felipe Calder\u00f3n que fracas\u00f3 en la formaci\u00f3n de un partido pol\u00edtico y en su participaci\u00f3n como candidata independiente a la silla presidencial.<\/p>\n<p>El panista designado podr\u00eda surgir entre los exgobernadores y los actuales mandatarios de los estados.<\/p>\n<p>En Revolucionario Institucional, los tricolores no parecen contar con un representante.<\/p>\n<p>En el presente est\u00e1n sumidos en una lucha que evite su desaparici\u00f3n de la escena pol\u00edtica.<\/p>\n<p>Los jerarcas tricolores pelean por lo que qued\u00f3 de la organizaci\u00f3n. Su l\u00edder, Alejandro Moreno (a) \u201cAlito\u201d, enfrenta una serie de acusaciones que lo afectan su autoridad pol\u00edtica.<\/p>\n<p>En el PRD se empe\u00f1aron en continuar con los dirigentes de siempre: no se ven cambios para darle una nueva vida a esa organizaci\u00f3n pol\u00edtica.<\/p>\n<p>Esto es a grandes rasgos lo que ocurre en Morena y en la oposici\u00f3n.<\/p>\n<p>\u00bfUsted qu\u00e9 opina amable lector?<\/p>\n<p><a href=\"mailto:aco2742@hotmail.com\" target=\"_blank\" rel=\"noopener noreferrer\"><em>aco2742@hotmail.com<\/em><\/a><\/p>\n","protected":false},"excerpt":{"rendered":"<p><span style=\"color: #005497;\"><strong>Augusto Corro<\/strong><\/span><\/p>\n","protected":false},"author":3,"featured_media":0,"comment_status":"open","ping_status":"open","sticky":false,"template":"","format":"standard","meta":{"_monsterinsights_skip_tracking":false,"_monsterinsights_sitenote_active":false,"_monsterinsights_sitenote_note":"","_monsterinsights_sitenote_category":0,"footnotes":""},"categories":[157],"tags":[43686,43674,11515],"class_list":["post-554921","post","type-post","status-publish","format-standard","hentry","category-augusto-corro","tag-augusto-corro","tag-opinion","tag-punto-por-punto"],"_links":{"self":[{"href":"https:\/\/www.diarioimagen.net\/index.php?rest_route=\/wp\/v2\/posts\/554921","targetHints":{"allow":["GET"]}}],"collection":[{"href":"https:\/\/www.diarioimagen.net\/index.php?rest_route=\/wp\/v2\/posts"}],"about":[{"href":"https:\/\/www.diarioimagen.net\/index.php?rest_route=\/wp\/v2\/types\/post"}],"author":[{"embeddable":true,"href":"https:\/\/www.diarioimagen.net\/index.php?rest_route=\/wp\/v2\/users\/3"}],"replies":[{"embeddable":true,"href":"https:\/\/www.diarioimagen.net\/index.php?rest_route=%2Fwp%2Fv2%2Fcomments&post=554921"}],"version-history":[{"count":0,"href":"https:\/\/www.diarioimagen.net\/index.php?rest_route=\/wp\/v2\/posts\/554921\/revisions"}],"wp:attachment":[{"href":"https:\/\/www.diarioimagen.net\/index.php?rest_route=%2Fwp%2Fv2%2Fmedia&parent=554921"}],"wp:term":[{"taxonomy":"category","embeddable":true,"href":"https:\/\/www.diarioimagen.net\/index.php?rest_route=%2Fwp%2Fv2%2Fcategories&post=554921"},{"taxonomy":"post_tag","embeddable":true,"href":"https:\/\/www.diarioimagen.net\/index.php?rest_route=%2Fwp%2Fv2%2Ftags&post=554921"}],"curies":[{"name":"wp","href":"https:\/\/api.w.org\/{rel}","templated":true}]}}