{"id":554925,"date":"2022-07-28T00:03:09","date_gmt":"2022-07-28T05:03:09","guid":{"rendered":"https:\/\/www.diarioimagen.net\/?p=554925"},"modified":"2022-07-28T04:35:32","modified_gmt":"2022-07-28T09:35:32","slug":"elecciones-en-italia","status":"publish","type":"post","link":"https:\/\/www.diarioimagen.net\/?p=554925","title":{"rendered":"Elecciones en Italia"},"content":{"rendered":"<h2>Espacio Electoral<\/h2>\n<h5>Eleazar Flores<\/h5>\n<p>&nbsp;<\/p>\n<p><strong>SARTORI, EL MAESTRO-.<\/strong> Las inminentes elecciones italianas a celebrarse el pr\u00f3ximo 25 de septiembre son buen pretexto para escribir acerca del mortal m\u00e1s estudioso de la ciencia pol\u00edtica, de los \u00faltimos a\u00f1os, Giovanni Sartori, autor de muchos libros en la materia y multi laureado<\/p>\n<p>Tuve la oportunidad de escucharlo en alguno de su veintena de viajes a M\u00e9xico, justamente para recibir reconocimientos en la capital del pa\u00eds y en la Universidad de Guadalajara.<\/p>\n<p>Orgullo pleno de la Universidad de su natal Florencia, sin duda alguna Giovanni Sartori influy\u00f3 con los ricos contenidos de su decena de libros, o m\u00e1s, en los procesos electorales de muchos pa\u00edses del mundo, y M\u00e9xico no podr\u00eda ser la excepci\u00f3n pues, coincidencia o no, uno de sus muchos viajes fue al a\u00f1o y meses de la famosa transici\u00f3n democr\u00e1tica, cuando Vicente Fox, con etiqueta panista, gana la Presidencia de la Rep\u00fablica al PRI y saca de Los Pinos a Ernesto Zedillo.<\/p>\n<p>Siguiendo su estad\u00eda en M\u00e9xico, el polit\u00f3logo Sartori -nunca mejor aplicado el adjetivo-, recibi\u00f3 la medalla del \u00c1guila Azteca, m\u00e1ximo reconocimiento que se otorga a un civil; en tanto que en la perla tapat\u00edo recibi\u00f3 en otra fecha el doctorado Honoris Causa, por merecimientos m\u00e1s que de sobra por sus aportaciones a la ciencia pol\u00edtica.<\/p>\n<p><strong>ELECCIONES-.<\/strong> Pero el tema de hoy es el proceso electoral italiano, tan diferente a primera vista, pero tan parecido al de M\u00e9xico, con muchos partidos pol\u00edticos,-m\u00e1s de diez-,\u00a0 cientos de diputados y cientos de senadores, de mayor\u00eda y de representaci\u00f3n, logrados, estos \u00faltimos, por medio del \u201ccociente o resto mayor\u201d, naciendo as\u00ed los plurinominales.<\/p>\n<p>S\u00ed, esos t\u00e9rminos empleados por primera vez en M\u00e9xico, cuando otro estudioso de la pol\u00edtica dise\u00f1\u00f3 la Ley de Organizaciones Pol\u00edticas y Procesos Electorales, LOPPE, don Jes\u00fas Reyes Heroles siendo secretario de Gobernaci\u00f3n en el sexenio de Jos\u00e9 L\u00f3pez Portillo, cuando los presidentes ten\u00edan funcionarios pensantes y, lo m\u00e1s importante, les hac\u00edan caso.<\/p>\n<p>A diferencia de nuestros sexenios -que a veces se nos hacen muy largos-, en Italia son quinquenios y a dos meses de los comicios hay doce partidos inmersos en la competencia y, para variar, hay liberales, neoliberales, conservadores, verdes o ecologistas y de entre todos ellos est\u00e1n los ultras de derecha e izquierda.<\/p>\n<p>Los partidos m\u00e1s fuertes son el Nuevo 5 Estrellas, N5S del actual presidente Giuseppe Conte, el derechista Liga Popular, de Mateo Salvini, el famoso Forza Italia, del pol\u00e9mico ex presidente Silvio Berlusconi, el Partido Democr\u00e1tico de Enrico Tota y el Hermanos de Italia que lidera una mujer, Georgina Melonni.<\/p>\n<p>En la \u00faltima reforma de hace tres a\u00f1os se redujeron de 600 a 400 diputados y de 400 a 200 senadores, cargos a renovarse.<\/p>\n<p><em><a href=\"mailto:elefa44@gmail.com\" target=\"_blank\" rel=\"noopener noreferrer\">elefa44@gmail.com<\/a><\/em><\/p>\n","protected":false},"excerpt":{"rendered":"<p><span style=\"color: #005497;\"><strong>Eleazar Flores<\/strong><\/span><\/p>\n","protected":false},"author":3,"featured_media":0,"comment_status":"open","ping_status":"open","sticky":false,"template":"","format":"standard","meta":{"_monsterinsights_skip_tracking":false,"_monsterinsights_sitenote_active":false,"_monsterinsights_sitenote_note":"","_monsterinsights_sitenote_category":0,"footnotes":""},"categories":[81743],"tags":[81744,81776,43674],"class_list":["post-554925","post","type-post","status-publish","format-standard","hentry","category-eleazar-flores","tag-eleazar-flores","tag-espacio-electoral","tag-opinion"],"_links":{"self":[{"href":"https:\/\/www.diarioimagen.net\/index.php?rest_route=\/wp\/v2\/posts\/554925","targetHints":{"allow":["GET"]}}],"collection":[{"href":"https:\/\/www.diarioimagen.net\/index.php?rest_route=\/wp\/v2\/posts"}],"about":[{"href":"https:\/\/www.diarioimagen.net\/index.php?rest_route=\/wp\/v2\/types\/post"}],"author":[{"embeddable":true,"href":"https:\/\/www.diarioimagen.net\/index.php?rest_route=\/wp\/v2\/users\/3"}],"replies":[{"embeddable":true,"href":"https:\/\/www.diarioimagen.net\/index.php?rest_route=%2Fwp%2Fv2%2Fcomments&post=554925"}],"version-history":[{"count":0,"href":"https:\/\/www.diarioimagen.net\/index.php?rest_route=\/wp\/v2\/posts\/554925\/revisions"}],"wp:attachment":[{"href":"https:\/\/www.diarioimagen.net\/index.php?rest_route=%2Fwp%2Fv2%2Fmedia&parent=554925"}],"wp:term":[{"taxonomy":"category","embeddable":true,"href":"https:\/\/www.diarioimagen.net\/index.php?rest_route=%2Fwp%2Fv2%2Fcategories&post=554925"},{"taxonomy":"post_tag","embeddable":true,"href":"https:\/\/www.diarioimagen.net\/index.php?rest_route=%2Fwp%2Fv2%2Ftags&post=554925"}],"curies":[{"name":"wp","href":"https:\/\/api.w.org\/{rel}","templated":true}]}}