{"id":554929,"date":"2022-07-28T00:06:28","date_gmt":"2022-07-28T05:06:28","guid":{"rendered":"https:\/\/www.diarioimagen.net\/?p=554929"},"modified":"2022-07-28T04:41:34","modified_gmt":"2022-07-28T09:41:34","slug":"la-iglesia-catolica-mexicana-pregunta","status":"publish","type":"post","link":"https:\/\/www.diarioimagen.net\/?p=554929","title":{"rendered":"La Iglesia cat\u00f3lica mexicana pregunta"},"content":{"rendered":"<h2>As\u00ed las cosas&#8230;<\/h2>\n<h5>Humberto Mares N.<\/h5>\n<p>&nbsp;<\/p>\n<p>\u00bfD\u00f3nde est\u00e1 el Estado de Derecho?, pregunta la Iglesia. En la Jornada Nacional por la Paz, el secretario general de la Conferencia del Episcopado Mexicano, Ram\u00f3n Castro pregunt\u00f3: \u00bfM\u00e9xico qu\u00e9 te pasa?, \u00bfD\u00f3nde est\u00e1 la autoridad? \u00bfD\u00f3nde est\u00e1 el Estado de Derecho?, \u00a1no es posible!<\/p>\n<p>LaIglesia cat\u00f3lica mexicana desde todas sus parroquias, iglesias y catedrales, el domingo pasado durante la segunda Jornada Nacional por la Paz, pidieron orar por los asesinados y feminicidios, pero cuestion\u00f3 el plan del gobierno federal en materia de seguridad, como lo ha hecho desde siempre, pero a partir de los asesinatos de los padres jesuitas en Chihuahua, ha insistido en ello.<\/p>\n<p>El presidente AMLO ha insistido que no va a cambiar su estrategia de seguridad y que seguir\u00e1 con \u201cabrazos, no balazos\u201d, a pesar que los homicidios y los actos de violencia brutal se incrementan y M\u00e9xico se ha convertido en el pa\u00eds m\u00e1s violento del mundo, sin tener una guerra en curso, pero como si lo tuviera, pero no como la declarada por Felipe Calder\u00f3n contra el crimen, sino entre bandas disputando los territorios, sin que la autoridad haga algo.<\/p>\n<p>Los llamados publicados en los medios de comunicaci\u00f3n fueron hechos por los padres y obispos que participaron en esta segunda jornada realizada pr\u00e1cticamente en todos los recintos cat\u00f3licos del pa\u00eds. En Culiac\u00e1n, el obispo Jon\u00e1s Guerrero, advirti\u00f3 a sus feligreses tener mucho ojo cuando haya elecciones y emitan su voto, pues los puede llevar a ser c\u00f3mplices de leyes asesinas.<br \/>\nEn nuestro pa\u00eds, por a\u00f1os, siglos, la palabra del padre de la iglesia es la palabra con mayor peso y para los feligreses devotos, como hay millones en M\u00e9xico, es casi una orden del se\u00f1or, pero no el de Palacio Nacional. Esta situaci\u00f3n al parecer no la han entendido en Palacio Nacional.<\/p>\n<p>EL secretario del episcopado, Ram\u00f3n Castro, en su homil\u00eda en Cuernavaca, Morelos, critic\u00f3 la impunidad que vive M\u00e9xico y la humillaci\u00f3n del crimen organizado hacia las fuerzas armadas federales. \u201cQu\u00e9 triste es ver a los militares humillados porque tienen la orden estricta de no responder a ninguna agresi\u00f3n\u201d, expres\u00f3 el obispo de Cuernavaca desde su p\u00falpito, donde lament\u00f3 la desaparici\u00f3n de 120 mil personas y el asesinato de 122 mil en lo que va de esta administraci\u00f3n.<\/p>\n<p>Algo que duele tambi\u00e9n much\u00edsimo es la impunidad, ya que de cada 100 delitos cometidos en M\u00e9xico s\u00f3lo se denuncian siete y de esos siete delitos que s\u00ed se denuncian, s\u00f3lo 5 es sentenciado sostuvo el obispo de Cuernavaca. Sobre la posibilidad de convocar a una marcha nacional para plantear su demanda de justicia paz y verdad afirm\u00f3 que ese punto se encuentra en perspectiva. Nosotros tenemos que ser muy prudentes y tenemos que llevar las cosas de la mejor manera.<\/p>\n<p>El obispo Castro se le cuestion\u00f3: De cristiano a cristiano qu\u00e9 le dice al Presidente, se le cuestion\u00f3 al concluir su misa. \u201cQue yo sepa \u00e9l no es cristiano. Hasta donde yo s\u00e9 es filocristiano. Yo le dir\u00eda como mi Presidente que nos ayude a salir de este bache tan fuerte que tenemos\u201d. El obispo hizo un llamado al titular de las Fuerzas Armadas a revisar que los soldados cumplan con la funci\u00f3n que tienen de servir a la naci\u00f3n.<\/p>\n<p>Sin duda, la fuerza de la Iglesia cat\u00f3lica en el mundo es innegable y en nuestro pa\u00eds, sin duda, influye en mucho en las decisiones de las familias mexicanas y hoy en d\u00eda la Iglesia est\u00e1 agraviada por los asesinatos y las respuestas nulas del gobierno.<\/p>\n<p style=\"text-align: center;\"><strong>Descontento en la ma\u00f1anera<\/strong><\/p>\n<p>Los compa\u00f1eros reporteros que asisten a la conferencia ma\u00f1anera en Palacio Nacional levantaron la voz, con toda raz\u00f3n, debido a la irrupci\u00f3n de supuestos periodistas que jam\u00e1s han ejercido la profesi\u00f3n de reportero y mucho menos han trabajado para alg\u00fan medio de comunicaci\u00f3n.<\/p>\n<p>El descontento creci\u00f3 por segundo d\u00eda consecutivo cuando una compa\u00f1era reportera cuestion\u00f3 al presidente Andr\u00e9s Manuel L\u00f3pez Obrador por reconocer como periodistas a quienes entran a la ma\u00f1anera a aplaudirle y atacar a quienes ejercen el oficio. La irrupci\u00f3n de los paleros, dicen los verdaderos reporteros en la ma\u00f1anera, que por aplaudir y apoyar abiertamente a la 4T en las ma\u00f1aneras, tienen los lugares de enfrente o les dan preferencias para preguntar.<\/p>\n<p>La reportera de la revista \u201cProceso\u201d, Dalila Escobar, levanto la mano y se\u00f1alo que es muy sencillo que alguien entre, aplauda y ya con eso, se le reconozca como periodista. No, no deber\u00eda de ser as\u00ed porque s\u00ed aqu\u00ed habl\u00e1ramos de afinidades y se cayeran m\u00e1scaras, habr\u00eda muchas sorpresas. Si aqu\u00ed venimos es para ejercer nuestro oficio que hemos ejercido desde hace much\u00edsimos a\u00f1os resalt\u00f3 Dalila.<\/p>\n<p>Es una pena, pero no es la primera vez que, pseudoperiodistas hacen su presencia en eventos y los verdaderos reporteros son relegados o bien, los supuestos periodistas y no reporteros, les dan todo tipo de facilidades y a los verdaderos reporteros de los medios son hechos a un lado.<\/p>\n<p>AMLO defendi\u00f3 a los reporteros que lo apoyan, seg\u00fan \u00e9l, son tratados como paleros por los conservadores. El que un periodista participe simpatice en una causa no es ning\u00fan delito afirm\u00f3 el mandatario. Siempre y cuando sea periodista, Presidente, le revir\u00f3 la reportera. Si vas a cubrir una conferencia, vas para informar, no dar tu opini\u00f3n. Punto no hay m\u00e1s.<\/p>\n<p style=\"text-align: center;\"><strong>Piden Piso parejo<\/strong><\/p>\n<p>En Morena piden piso parejo y AMLO\u00a0 les contesta que pedirlo es menospreciar a la gente, al pueblo porque ser\u00e1 quien decidir\u00e1. Ebrard y Monreal lo piden y Sheinbaum dice que falta un a\u00f1o. As\u00ed las cosas, hasta pronto. Use cubrebocas.<\/p>\n<p><a href=\"mailto:hmares21@gmail.com\" target=\"_blank\" rel=\"noopener noreferrer\"><em>mares21@gmail.com<\/em><\/a><\/p>\n","protected":false},"excerpt":{"rendered":"<p><span style=\"color: #005497;\"><strong>Humberto Mares N.<\/strong><\/span><\/p>\n","protected":false},"author":3,"featured_media":0,"comment_status":"open","ping_status":"open","sticky":false,"template":"","format":"standard","meta":{"_monsterinsights_skip_tracking":false,"_monsterinsights_sitenote_active":false,"_monsterinsights_sitenote_note":"","_monsterinsights_sitenote_category":0,"footnotes":""},"categories":[15043],"tags":[92044,92045,43674],"class_list":["post-554929","post","type-post","status-publish","format-standard","hentry","category-humberto-mares-n","tag-asi-las-cosas","tag-humberto-mares-n","tag-opinion"],"_links":{"self":[{"href":"https:\/\/www.diarioimagen.net\/index.php?rest_route=\/wp\/v2\/posts\/554929","targetHints":{"allow":["GET"]}}],"collection":[{"href":"https:\/\/www.diarioimagen.net\/index.php?rest_route=\/wp\/v2\/posts"}],"about":[{"href":"https:\/\/www.diarioimagen.net\/index.php?rest_route=\/wp\/v2\/types\/post"}],"author":[{"embeddable":true,"href":"https:\/\/www.diarioimagen.net\/index.php?rest_route=\/wp\/v2\/users\/3"}],"replies":[{"embeddable":true,"href":"https:\/\/www.diarioimagen.net\/index.php?rest_route=%2Fwp%2Fv2%2Fcomments&post=554929"}],"version-history":[{"count":0,"href":"https:\/\/www.diarioimagen.net\/index.php?rest_route=\/wp\/v2\/posts\/554929\/revisions"}],"wp:attachment":[{"href":"https:\/\/www.diarioimagen.net\/index.php?rest_route=%2Fwp%2Fv2%2Fmedia&parent=554929"}],"wp:term":[{"taxonomy":"category","embeddable":true,"href":"https:\/\/www.diarioimagen.net\/index.php?rest_route=%2Fwp%2Fv2%2Fcategories&post=554929"},{"taxonomy":"post_tag","embeddable":true,"href":"https:\/\/www.diarioimagen.net\/index.php?rest_route=%2Fwp%2Fv2%2Ftags&post=554929"}],"curies":[{"name":"wp","href":"https:\/\/api.w.org\/{rel}","templated":true}]}}