{"id":554936,"date":"2022-07-28T00:12:06","date_gmt":"2022-07-28T05:12:06","guid":{"rendered":"https:\/\/www.diarioimagen.net\/?p=554936"},"modified":"2022-07-28T04:46:10","modified_gmt":"2022-07-28T09:46:10","slug":"ni-cartas-marcadas-ni-dados-cargados-afirma-amlo-a-monreal-y-a-marcelo","status":"publish","type":"post","link":"https:\/\/www.diarioimagen.net\/?p=554936","title":{"rendered":"Ni cartas marcadas ni dados cargados, afirma AMLO a Monreal y a Marcelo"},"content":{"rendered":"<h2>Tras la puerta del poder<\/h2>\n<h5>Roberto Vizca\u00edno<\/h5>\n<p>&nbsp;<\/p>\n<p>Presente,<strong> Marcelo Ebrard<\/strong> sinti\u00f3 como esa ma\u00f1ana su jefe <strong>Andr\u00e9s Manuel L\u00f3pez Obrador<\/strong> le vaciaba la cubeta fr\u00eda encima.<\/p>\n<p>Ausente, incluso del discurso, el senador <strong>Ricardo Monreal<\/strong> igual, seguro, sinti\u00f3 correr el agua helada presidencial sobre su espalda.<\/p>\n<p>\u201cCuando se habla de que <strong>no hay piso parejo<\/strong>, eso es un menosprecio a la gente, porque ya nadie se deja manipular. Que no se use eso como excusa.<\/p>\n<p>\u201c\u00bfC\u00f3mo no va a haber piso parejo, si va a ser el pueblo el que va a decidir? Y si la gente ve que el Presidente se est\u00e1 inclinando a favor de alguien o los dirigentes se est\u00e1n inclinando a favor de alguien, eso lo rechaza la gente, eso tiene un efecto de b\u00fameran\u201d, respondi\u00f3.<\/p>\n<p>Fue sin embargo una admonici\u00f3n a \u201cvalores entendidos\u201d, ya que no mencion\u00f3 a ningunos de los dos, pero todos supieron que el se\u00f1alamiento era para <strong>Ebrard<\/strong> y <strong>Monreal<\/strong> porque ambos son quienes reclaman reglas claras y equidad en la sucesi\u00f3n presidencial adelantad\u00edsima.<\/p>\n<p>As\u00ed, seguro con una sonrisa interior, les pidi\u00f3 y asegur\u00f3:<\/p>\n<p>\u201cTengan confianza de que <strong>no hay dados cargados<\/strong>, <strong>no hay cartas marcadas<\/strong>. Quienes apuestan a las trampas, les va mal. Ya lo del fraude, lo del querer manipular al pueblo, lo de la demagogia, eso no funciona\u201d.<\/p>\n<p>Due\u00f1o del juego al 2024, les dijo:<\/p>\n<p>\u201cEmpezando porque ya no hay dedazo, f\u00edjense el cambio tan importante, el Presidente no tiene un candidato o candidata predilecta o predilecto\u201d.<\/p>\n<p>Luego, a pesar de que \u00e9l fue quien abri\u00f3 el 5 de julio de 2021 el juego de la sucesi\u00f3n al mencionar a cinco de sus colaboradores como sus posibles sucesores, el tabasque\u00f1o les pidi\u00f3 a los aspirantes a sucederlo no ans\u00eden por una se\u00f1al de su parte, ya que el sucesor \u201cno se decidir\u00e1 por dedazo\u201d.<\/p>\n<p>Agreg\u00f3:<\/p>\n<p>\u201cFue tanta la subcultura antidemocr\u00e1tica que todav\u00eda en nuestro movimiento est\u00e1n esperando una se\u00f1al. No va a haber se\u00f1al, la se\u00f1al la va a dar la gente y es muy sencillo: en el caso de los candidatos a la Presidencia,<strong>encuesta, y lo que diga la gente, y yo voy a apoyar al que gane la encuesta<\/strong>\u201d, insisti\u00f3.<\/p>\n<p>Yo, mal pensado que soy, veo a <strong>AMLO<\/strong> entrar a su lugar m\u00e1s \u00edntimo a carcajearse de sus propias ocurrencias y de saber que ah\u00ed trae mareados a todos los del juego \u2014<strong>Claudia, Marcelo, Ricardo y a Ad\u00e1n Augusto<\/strong>\u2014 y al p\u00fablico en general, a analistas y polit\u00f3logos de cafet\u00edn, mientras faltan nada m\u00e1s ni nada menos que 2 largos a\u00f1os todav\u00eda para las elecciones de junio de 2024.<\/p>\n<p>Hoy \u2014fuera de L\u00f3pez Obrador\u2014, nadie tiene ni idea de lo que el tabasque\u00f1o nos tiene preparado.<\/p>\n<p>Indicios y deducciones a partir de la propia historia del tabasque\u00f1o, advierten que <strong>L\u00f3pez Obrador<\/strong> agudizar\u00e1 el contexto inequitativo del juego y que entre m\u00e1s inseguridad genere entre los jugadores estos y sus equipos tender\u00e1n a crear confrontaci\u00f3n y quiz\u00e1 hasta violencia.<\/p>\n<p>El escenario perfecto en el que <strong>AMLO<\/strong> se mueve con mayor gusto. Una pista en la que bien puede descalificar o cambiar a todos o puede incorporar a quien se le ocurra.<\/p>\n<p>El que al parecer lo ha adivinado y por ello construye su propio camino, es Monreal quien ya cuenta con una ampl\u00eda red de apoyos entre universitarios, empresarios, campesinos, mujeres, comunidad LGTB y otros muchos a quienes el zacatecano se ha acercado, luego de que AMLO los ha golpeado.<\/p>\n<p>Al ser el \u00fanico incluso ya con Plan de Gobierno para despu\u00e9s del 2024, y al mantener una cercan\u00eda y alianzas estrechas con la oposici\u00f3n es quien podr\u00eda bien ser cobijado por las siglas de otro partido para ir a la presidencial del 2024.<\/p>\n<p>Es obvio que <strong>Monreal<\/strong> conoce perfectamente a <strong>AMLO<\/strong> y sabe que todo lo que dice es papel mojado respecto de equidad y piso parejo y de que no hay intenciones de designar candidato por dedazo.<\/p>\n<p>S\u00f3lo un ciego no ve lo que el tabasque\u00f1o est\u00e1 construyendo.<\/p>\n<p>Un escenario alarmante que cada vez se fortalece m\u00e1s entre muchos esc\u00e9pticos, es que <strong>AMLO <\/strong>va a buscar desconocer las elecciones de 2024 y a anular el proceso, colocar un Presidente interino para organizar elecciones presidenciales extraordinarias y alargar as\u00ed un mandato bajo el modo del Maximato por dos o 3 a\u00f1os m\u00e1s.<\/p>\n<p>De resultar cierta esta percepci\u00f3n a quienes afecta de entrada, es justo a sus alfiles electorales y eje de su juego, a <strong>Claudia, Marcelo, Ricardo y a Ad\u00e1n Augusto.<\/strong><\/p>\n<p>Seguro,<strong> Monreal <\/strong>no apoyar\u00eda nada de esto, como no apoya hoy ese juego suyo de las encuestas. Es obvio que el zacatecano desconf\u00eda de todo este escenario.<\/p>\n<p style=\"text-align: center;\"><strong>Se acab\u00f3 la m\u00fasica<\/strong><\/p>\n<p>Ya sin el fondo musical de <strong>Chico Che<\/strong>, el gobierno de <strong>AMLO<\/strong>, indic\u00f3 el canciller <strong>Marcelo Ebrard, se prepara ya para responder los reclamos <\/strong>en materia energ\u00e9tica de Estados Unidos y Canad\u00e1 dentro del T-MEC.<\/p>\n<p>Eso es, agreg\u00f3, para evitar llegar al panel donde todo ser\u00eda \u201cun juego suma cero\u201d, de una tercer\u00eda especializada donde <strong><em>se gana o se pierde todo<\/em><\/strong>.<\/p>\n<p>\u201cYa estamos trabajando junto con la Secretar\u00eda de Econom\u00eda que tiene pues las potestades legales para, es la contraparte del USTR que es quien nos pide las consultas por parte de Estados Unidos, y as\u00ed tambi\u00e9n con el Ministerio de Comercio de Canad\u00e1. Estamos trabajando en equipo para identificar claramente cu\u00e1les son los argumentos, contestarlos e iniciar este di\u00e1logo del que estoy hablando\u201d, explic\u00f3.<\/p>\n<p>En esta contenci\u00f3n quien encabezar\u00e1 la negociaci\u00f3n es justo <strong>Ebrard<\/strong> y no <strong>Tatiana Clouthier<\/strong>, titular de Econom\u00eda.<\/p>\n<p><em><a href=\"mailto:rvizcainoa@gmail.com\" target=\"_blank\" rel=\"noopener noreferrer\">vizcainoa@gmail.com<\/a><a href=\"mailto:rvizcainoa@gmail.com\" target=\"_blank\" rel=\"noopener noreferrer\"><br \/>\n<\/a><a href=\"http:\/\/endirecto.mx\" target=\"_blank\" rel=\"noopener noreferrer\">www.endirecto.mx<\/a><a href=\"mailto:rvizcainoa@gmail.com\" target=\"_blank\" rel=\"noopener noreferrer\"><br \/>\n<\/a><a href=\"https:\/\/twitter.com\/_rvizcaino\" target=\"_blank\" rel=\"noopener noreferrer\">@_RVizcaino<\/a><a href=\"mailto:rvizcainoa@gmail.com\" target=\"_blank\" rel=\"noopener noreferrer\"><br \/>\n<\/a><a href=\"https:\/\/www.facebook.com\/rvizcainoa\" target=\"_blank\" rel=\"noopener noreferrer\">facebook.com\/rvizcainoa<\/a><\/em><\/p>\n","protected":false},"excerpt":{"rendered":"<p><span style=\"color: #005497;\"><strong>Roberto Vizca\u00edno<\/strong><\/span><\/p>\n","protected":false},"author":3,"featured_media":0,"comment_status":"open","ping_status":"open","sticky":false,"template":"","format":"standard","meta":{"_monsterinsights_skip_tracking":false,"_monsterinsights_sitenote_active":false,"_monsterinsights_sitenote_note":"","_monsterinsights_sitenote_category":0,"footnotes":""},"categories":[136],"tags":[43674,93,94],"class_list":["post-554936","post","type-post","status-publish","format-standard","hentry","category-roberto-vizcaino-opinion","tag-opinion","tag-roberto-vizcaino","tag-tras-la-puerta-del-poder"],"_links":{"self":[{"href":"https:\/\/www.diarioimagen.net\/index.php?rest_route=\/wp\/v2\/posts\/554936","targetHints":{"allow":["GET"]}}],"collection":[{"href":"https:\/\/www.diarioimagen.net\/index.php?rest_route=\/wp\/v2\/posts"}],"about":[{"href":"https:\/\/www.diarioimagen.net\/index.php?rest_route=\/wp\/v2\/types\/post"}],"author":[{"embeddable":true,"href":"https:\/\/www.diarioimagen.net\/index.php?rest_route=\/wp\/v2\/users\/3"}],"replies":[{"embeddable":true,"href":"https:\/\/www.diarioimagen.net\/index.php?rest_route=%2Fwp%2Fv2%2Fcomments&post=554936"}],"version-history":[{"count":0,"href":"https:\/\/www.diarioimagen.net\/index.php?rest_route=\/wp\/v2\/posts\/554936\/revisions"}],"wp:attachment":[{"href":"https:\/\/www.diarioimagen.net\/index.php?rest_route=%2Fwp%2Fv2%2Fmedia&parent=554936"}],"wp:term":[{"taxonomy":"category","embeddable":true,"href":"https:\/\/www.diarioimagen.net\/index.php?rest_route=%2Fwp%2Fv2%2Fcategories&post=554936"},{"taxonomy":"post_tag","embeddable":true,"href":"https:\/\/www.diarioimagen.net\/index.php?rest_route=%2Fwp%2Fv2%2Ftags&post=554936"}],"curies":[{"name":"wp","href":"https:\/\/api.w.org\/{rel}","templated":true}]}}