{"id":554951,"date":"2022-07-29T00:02:36","date_gmt":"2022-07-29T05:02:36","guid":{"rendered":"https:\/\/www.diarioimagen.net\/?p=554951"},"modified":"2022-07-29T04:10:35","modified_gmt":"2022-07-29T09:10:35","slug":"hay-margen-presupuestario-para-transitar-a-pobreza-franciscana-lopez-obrador","status":"publish","type":"post","link":"https:\/\/www.diarioimagen.net\/?p=554951","title":{"rendered":"Hay margen presupuestario para transitar a pobreza franciscana: L\u00f3pez Obrador"},"content":{"rendered":"<p>&nbsp;<\/p>\n<ul>\n<li><em><strong>Se lanz\u00f3 contra titulares de organismos aut\u00f3nomos<\/strong><\/em><\/li>\n<\/ul>\n<p>&nbsp;<\/p>\n<div id=\"attachment_555012\" style=\"width: 470px\" class=\"wp-caption aligncenter\"><a href=\"https:\/\/www.diarioimagen.net\/?attachment_id=555012\" rel=\"attachment wp-att-555012\"><img loading=\"lazy\" decoding=\"async\" aria-describedby=\"caption-attachment-555012\" class=\"size-full wp-image-555012\" src=\"https:\/\/www.diarioimagen.net\/wp-content\/uploads\/2022\/07\/amlo-10.jpg\" alt=\"\" width=\"460\" height=\"270\" \/><\/a><p id=\"caption-attachment-555012\" class=\"wp-caption-text\">El presidente Andr\u00e9s Manuel L\u00f3pez Obrador dijo que el gobierno federal a\u00fan tiene margen de maniobra para recortar m\u00e1s gasto operativo y adelgazar las funciones de dependencias.<\/p><\/div>\n<p>&nbsp;<\/p>\n<p>Aunque ya hay austeridad, el presidente Andr\u00e9s Manuel L\u00f3pez Obrador dijo que el gobierno federal a\u00fan tiene margen de maniobra para recortar m\u00e1s gasto operativo y adelgazar las funciones de dependencias que permitan generar m\u00e1s ahorros que puedan financiar obras de desarrollo.<\/p>\n<p>El mandatario federal dijo que en la segunda parte de este a\u00f1o, su administraci\u00f3n tendr\u00eda que pasar de la austeridad republicana a la pobreza franciscana reduciendo al m\u00e1ximo los viajes de funcionarios al extranjero, la asignaci\u00f3n de vi\u00e1ticos, entre otros gastos que las secretar\u00edas tienen.<\/p>\n<p>\u201cS\u00ed hay margen de maniobra, siempre hay m\u00e1rgenes. Tenemos que cuidar todos los gastos de operaci\u00f3n, ayer hablaba de que no hemos comprado veh\u00edculos nuevos. \u00bfCu\u00e1ndo se hab\u00eda visto esto? En cualquier gobierno, siempre eran carros, aviones, todo eso ya no existe.<\/p>\n<p>\u201cEl ejemplo lo da Presidencia porque tambi\u00e9n recuerdo que el \u00faltimo a\u00f1o del presidente Pe\u00f1a, Presidencia ejerci\u00f3 3,600 millones de pesos y nosotros ejercimos el a\u00f1o pasado como 600 millones de pesos y no ha pasado nada. O sea, no se ha debilitado el gobierno, hemos seguido trabajando sin problema\u201d, dijo el tabasque\u00f1o.<\/p>\n<p>Critic\u00f3 que el gobierno tenga que ser una carga muy pesada para la ciudadan\u00eda y se lanz\u00f3 contra titulares de organismos aut\u00f3nomos y funcionarios del Poder Judicial que siguen teniendo salarios por arriba de los 300 mil pesos.<\/p>\n<p>El jefe del Ejecutivo federal explic\u00f3 que su plan de austeridad ha permitido a la hacienda p\u00fablica recaudar m\u00e1ximos hist\u00f3ricos, por ejemplo, hasta el 27 de julio, el SAT registr\u00f3 una recaudaci\u00f3n de 2 billones 845 mil millones de pesos, 250 mil millones de pesos arriba de la registrada en el mismo per\u00edodo del a\u00f1o pasado.<\/p>\n<p>\u201cEsto es en t\u00e9rminos reales, si le agregamos inflaci\u00f3n es un incremento del 10%, lo nominal, esto nos da mucha tranquilidad, y si tienes lo del peso, para darlo a conocer, o no, si no les cuesta mucho trabajo, para que la gente tenga informaci\u00f3n, ya le llaman el s\u00faper peso, yo no quiero decirle de esa forma, fortach\u00f3n, s\u00ed\u201d, dijo.<\/p>\n<p style=\"text-align: center;\"><strong>Anteproyecto de presupuesto para 2023<\/strong><\/p>\n<p>Sin dar mayores detalles, el presidente L\u00f3pez Obrador dijo que en estos d\u00edas, el gabinete econ\u00f3mico preparar\u00e1 el anteproyecto de presupuesto para el siguiente a\u00f1o y que ser\u00e1 enviado al Congreso de la Uni\u00f3n para su an\u00e1lisis.<\/p>\n<p>El mandatario federal dijo que hoy sostendr\u00e1 una reuni\u00f3n con su gabinete y ser\u00e1 la Secretar\u00eda de Hacienda la que d\u00e9 un informe sobre c\u00f3mo marcha la econom\u00eda y sus proyecciones de egresos para el siguiente a\u00f1o.<\/p>\n<p>\u201cYa conociendo c\u00f3mo estamos, les dec\u00eda yo que Hacienda va a informar sobre ingresos y otras fuentes de financiamiento y luego vemos los egresos, cu\u00e1nto necesitamos para financiar los programas de bienestar, de desarrollo.<\/p>\n<p>\u201cAdelant\u00f3 que no vamos a tener dificultad, no vamos a detener ninguna obra, tenemos para terminar este a\u00f1o, no hay subejercicio, esto significa que el avance f\u00edsico corresponde al avance financiero y lo que es sagrado es la n\u00f3mina de todos los que trabajan al servicio del pueblo, maestros, m\u00e9dicos, enfermeras, servidores p\u00fablicos, todos, marinos, soldados, polic\u00edas tienen garantizados sus sueldos, aguinaldos, no hay recorte\u201d, explic\u00f3.<\/p>\n<p style=\"text-align: center;\"><strong>Celebra que M\u00e9xico crecer\u00e1 m\u00e1s que EU, Alemania, Francia\u2026<\/strong><\/p>\n<p>El presidente destac\u00f3 la proyecci\u00f3n de crecimiento del Fondo Monetario Internacional; asegur\u00f3 que el fuerte est\u00e1 \u2018fuerte\u2019 frente al d\u00f3lar y la inflaci\u00f3n est\u00e1 controlada<\/p>\n<p>El presidente L\u00f3pez Obrador destac\u00f3 que de acuerdo con la proyecci\u00f3n de crecimiento econ\u00f3mico del Fondo Monetario Internacional (FMI), M\u00e9xico crecer\u00e1 2.4 por ciento este a\u00f1o, m\u00e1s que Estados Unidos, Alemania, Francia y Jap\u00f3n, por ejemplo.<\/p>\n<p>Resalt\u00f3 que el organismo internacional \u201caument\u00f3 su pron\u00f3stico de crecimiento para M\u00e9xico en este a\u00f1o, va a ser de las econom\u00edas que a pesar de la crisis va a crecer\u201d.<\/p>\n<p>Y es que de acuerdo con el FMI, se proyecta que M\u00e9xico tenga un crecimiento econ\u00f3mico de 2.4 por ciento, mientras que Estados Unidos de 2.3 por ciento; Alemania, 1.2 por ciento; Francia, 2.3 por ciento; y Jap\u00f3n, 1.7 por ciento.<\/p>\n<p>L\u00f3pez Obrador agreg\u00f3 que la econom\u00eda nacional va por buen camino a pesar de las crisis que se vive y que la inflaci\u00f3n est\u00e1 controlada.<\/p>\n<p>\u201cEstamos esperando c\u00f3mo se contin\u00faa comportando la econom\u00eda, la verdad estamos muy bien, sigue muy fuerte el peso, tenemos una inflaci\u00f3n controlada debajo de la inflaci\u00f3n de Estados Unidos y de Europa\u201d, dijo.<\/p>\n<p>Reiter\u00f3 que pese a ello, se reforzar\u00e1 el plan antiinflacionario y por ello hoy el secretario de Hacienda, Rogelio Ram\u00edrez de la O, sostendr\u00e1 un encuentro con productores y distribuidores de alimentos.<\/p>\n<p style=\"text-align: center;\"><strong>Invit\u00f3 a empresarios a comprar \u2018cachitos\u2019<br \/>\npara terrenos en Sinaloa; esperan 1,000 mdp<\/strong><\/p>\n<p>Sobre la reuni\u00f3n realizada con empresarios en Palacio Nacional, L\u00f3pez Obrador detall\u00f3 este jueves que la cena tuvo como objetivo invitar a los empresarios de Sinaloa y del resto de M\u00e9xico a comprar cachitos para el sorteo del 15 de septiembre que rifa terrenos en Playa Esp\u00edritu.<\/p>\n<p>Explic\u00f3 que con esta rifa, el gobierno federal busca recaudar alrededor de 1,000 millones de pesos mismos que ser\u00e1n invertidos en la construcci\u00f3n de la presa Santa Mar\u00eda y otros proyectos de naturaleza h\u00eddrica en Sinaloa.<\/p>\n<p>\u201cS\u00f3lo fue la invitaci\u00f3n a participar en el sorteo del d\u00eda 15 de septiembre. Voy a convocar a todos los mexicanos a este sorteo del d\u00eda 15, son 500 pesos, y s\u00ed son 8 grandes lotes en Playa Esp\u00edritu, Sinaloa. En promedio 100 hect\u00e1reas por lote y tambi\u00e9n dinero en efectivo y estamos estimando obtener alrededor de 1,000 millones de pesos y ese dinero se va a utilizar en la continuidad de la construcci\u00f3n de la presa de Santa Mar\u00eda que se realiza en Sinaloa.<\/p>\n<p>\u201cInvitamos a cenar, estuvo el gobernador de Sinaloa, empresarios de Sinaloa y empresarios del pa\u00eds, representantes empresariales, el Consejo Coordinador Empresarial, el de la Coparmex y otros empresarios y pues todos dispuestos a ayudar y pedirle a todos los mexicanos que nos ayuden, les puede beneficiar la suerte\u201d, expuso ayer el mandatario federal.<\/p>\n","protected":false},"excerpt":{"rendered":"<p>Aunque ya hay austeridad, el presidente Andr\u00e9s Manuel L\u00f3pez Obrador dijo que el gobierno federal a\u00fan tiene margen de maniobra para recortar m\u00e1s gasto operativo y adelgazar las funciones de dependencias que permitan generar m\u00e1s ahorros que puedan financiar obras de desarrollo.<\/p>\n","protected":false},"author":3,"featured_media":555012,"comment_status":"open","ping_status":"open","sticky":false,"template":"","format":"standard","meta":{"_monsterinsights_skip_tracking":false,"_monsterinsights_sitenote_active":false,"_monsterinsights_sitenote_note":"","_monsterinsights_sitenote_category":0,"footnotes":""},"categories":[3],"tags":[90587,6053],"class_list":["post-554951","post","type-post","status-publish","format-standard","has-post-thumbnail","hentry","category-nacional","tag-pobreza-franciscana","tag-presupuesto"],"_links":{"self":[{"href":"https:\/\/www.diarioimagen.net\/index.php?rest_route=\/wp\/v2\/posts\/554951","targetHints":{"allow":["GET"]}}],"collection":[{"href":"https:\/\/www.diarioimagen.net\/index.php?rest_route=\/wp\/v2\/posts"}],"about":[{"href":"https:\/\/www.diarioimagen.net\/index.php?rest_route=\/wp\/v2\/types\/post"}],"author":[{"embeddable":true,"href":"https:\/\/www.diarioimagen.net\/index.php?rest_route=\/wp\/v2\/users\/3"}],"replies":[{"embeddable":true,"href":"https:\/\/www.diarioimagen.net\/index.php?rest_route=%2Fwp%2Fv2%2Fcomments&post=554951"}],"version-history":[{"count":0,"href":"https:\/\/www.diarioimagen.net\/index.php?rest_route=\/wp\/v2\/posts\/554951\/revisions"}],"wp:featuredmedia":[{"embeddable":true,"href":"https:\/\/www.diarioimagen.net\/index.php?rest_route=\/wp\/v2\/media\/555012"}],"wp:attachment":[{"href":"https:\/\/www.diarioimagen.net\/index.php?rest_route=%2Fwp%2Fv2%2Fmedia&parent=554951"}],"wp:term":[{"taxonomy":"category","embeddable":true,"href":"https:\/\/www.diarioimagen.net\/index.php?rest_route=%2Fwp%2Fv2%2Fcategories&post=554951"},{"taxonomy":"post_tag","embeddable":true,"href":"https:\/\/www.diarioimagen.net\/index.php?rest_route=%2Fwp%2Fv2%2Ftags&post=554951"}],"curies":[{"name":"wp","href":"https:\/\/api.w.org\/{rel}","templated":true}]}}