{"id":554971,"date":"2022-07-29T00:02:32","date_gmt":"2022-07-29T05:02:32","guid":{"rendered":"https:\/\/www.diarioimagen.net\/?p=554971"},"modified":"2022-07-29T05:34:00","modified_gmt":"2022-07-29T10:34:00","slug":"consejeros-morenistas-acusan-de-traicion-al-dirigente-mario-delgado-hacia-ebrard","status":"publish","type":"post","link":"https:\/\/www.diarioimagen.net\/?p=554971","title":{"rendered":"Consejeros morenistas acusan de traici\u00f3n al dirigente Mario Delgado, hacia Ebrard"},"content":{"rendered":"<p>&nbsp;<\/p>\n<ul>\n<li><em><strong>Marcelo lo ayud\u00f3 cuando fue jefe de Gobierno<\/strong><\/em><\/li>\n<\/ul>\n<p><strong>\u00a0<\/strong><\/p>\n<h6>Arturo Baena<\/h6>\n<p>&nbsp;<\/p>\n<div id=\"attachment_555081\" style=\"width: 470px\" class=\"wp-caption aligncenter\"><a href=\"https:\/\/www.diarioimagen.net\/?attachment_id=555081\" rel=\"attachment wp-att-555081\"><img loading=\"lazy\" decoding=\"async\" aria-describedby=\"caption-attachment-555081\" class=\"size-full wp-image-555081\" src=\"https:\/\/www.diarioimagen.net\/wp-content\/uploads\/2022\/07\/BANA2.jpg\" alt=\"\" width=\"460\" height=\"270\" \/><\/a><p id=\"caption-attachment-555081\" class=\"wp-caption-text\">Consejeros morenistas acusan de traici\u00f3n a Mario Delgado Carrillo, l\u00edder nacional de Morena.<\/p><\/div>\n<p>&nbsp;<\/p>\n<p><strong>Valle de M\u00e9xico.\u2014<\/strong> Al rechazar cualquier sometimiento a intereses pol\u00edticos por parte de la dirigencia nacional de Morena, como lo pretende hacer Mario Delgado, consejeros pol\u00edticos estatales y nacionales, externaron que \u201cal l\u00edder morenista parece haber olvidado qui\u00e9nes fueron los que le apoyaron para llegar al cargo que ahora ostenta\u201d.<\/p>\n<p>En tono por dem\u00e1s molesto, los denunciantes establecieron que Delgado Carrillo \u201cya se le olvid\u00f3 qui\u00e9n lo sac\u00f3 de la pobreza en la que viv\u00eda, es un mal agradecido, Marcelo Ebrard no se merece esta grave traici\u00f3n\u201d, dijeron.<\/p>\n<p>Destacaron, a trav\u00e9s de la ahora ex consejera Abigail Cruz, que \u201ces un representante digno de este gobierno, en donde las traiciones e intereses est\u00e1n sobre la experiencia, la capacidad y el liderazgo de los candidatos m\u00e1s fuertes y aceptados por la poblaci\u00f3n\u201d, puntualizaron.<\/p>\n<p>Recordaron que cuando el presidente nacional de Morena \u201candaba en autos viejos y en Metro, fue Marcelo Ebrard, \u00a0quien lo ayud\u00f3, \u00a0poni\u00e9ndolo en un excelente cargo en su gabinete cuando fue Jefe de Gobierno de la Ciudad de M\u00e9xico y desde ah\u00ed \u201cmostr\u00f3 el cobre\u201d, sacando dinero suficiente para seguir en la pol\u00edtica, sin perder el gusto por la lana y las transas\u201d.<\/p>\n<p>M\u00e1s adelante, los consejeros de Morena en Edomex,\u00a0recordaron que al entonces secretario\u00a0de Finanzas del gobierno capitalino \u201cnunca le gust\u00f3 reportarle a nadie, pese a ello Marcelo siempre confi\u00f3 en \u00e9l y lo sigui\u00f3 protegiendo, pero como la traici\u00f3n y el ver siempre para s\u00ed mismo ya lo trae en la sangre, el solo obedece \u00f3rdenes de arriba\u201d.<\/p>\n<p>Los denunciantes, dijeron que Mario Delgado \u201ctampoco tiene un gramo de inteligencia y lo poco que hace es por iniciativas de terceros, lo malo es que en esos pocos apoyos comete errores catastr\u00f3ficos que han y siguen da\u00f1ado Morena y a todos sus integrantes ya la gente y la oposici\u00f3n sospechan del por qu\u00e9 sigue en el poder estando claras sus tres virtudes: \u00a1la traici\u00f3n, la tranza y la incompetencia!\u201d, concluyeron.<\/p>\n","protected":false},"excerpt":{"rendered":"<p>Al rechazar cualquier sometimiento a intereses pol\u00edticos por parte de la dirigencia nacional de Morena, como lo pretende hacer Mario Delgado, consejeros pol\u00edticos estatales y nacionales, externaron que \u201cal l\u00edder morenista parece haber olvidado qui\u00e9nes fueron los que le apoyaron para llegar al cargo que ahora ostenta\u201d.<\/p>\n","protected":false},"author":3,"featured_media":555081,"comment_status":"open","ping_status":"open","sticky":false,"template":"","format":"standard","meta":{"_monsterinsights_skip_tracking":false,"_monsterinsights_sitenote_active":false,"_monsterinsights_sitenote_note":"","_monsterinsights_sitenote_category":0,"footnotes":""},"categories":[5],"tags":[84359,95244,34],"class_list":["post-554971","post","type-post","status-publish","format-standard","has-post-thumbnail","hentry","category-estado-de-mexico","tag-consejeros","tag-traicion","tag-valle-de-mexico"],"_links":{"self":[{"href":"https:\/\/www.diarioimagen.net\/index.php?rest_route=\/wp\/v2\/posts\/554971","targetHints":{"allow":["GET"]}}],"collection":[{"href":"https:\/\/www.diarioimagen.net\/index.php?rest_route=\/wp\/v2\/posts"}],"about":[{"href":"https:\/\/www.diarioimagen.net\/index.php?rest_route=\/wp\/v2\/types\/post"}],"author":[{"embeddable":true,"href":"https:\/\/www.diarioimagen.net\/index.php?rest_route=\/wp\/v2\/users\/3"}],"replies":[{"embeddable":true,"href":"https:\/\/www.diarioimagen.net\/index.php?rest_route=%2Fwp%2Fv2%2Fcomments&post=554971"}],"version-history":[{"count":0,"href":"https:\/\/www.diarioimagen.net\/index.php?rest_route=\/wp\/v2\/posts\/554971\/revisions"}],"wp:featuredmedia":[{"embeddable":true,"href":"https:\/\/www.diarioimagen.net\/index.php?rest_route=\/wp\/v2\/media\/555081"}],"wp:attachment":[{"href":"https:\/\/www.diarioimagen.net\/index.php?rest_route=%2Fwp%2Fv2%2Fmedia&parent=554971"}],"wp:term":[{"taxonomy":"category","embeddable":true,"href":"https:\/\/www.diarioimagen.net\/index.php?rest_route=%2Fwp%2Fv2%2Fcategories&post=554971"},{"taxonomy":"post_tag","embeddable":true,"href":"https:\/\/www.diarioimagen.net\/index.php?rest_route=%2Fwp%2Fv2%2Ftags&post=554971"}],"curies":[{"name":"wp","href":"https:\/\/api.w.org\/{rel}","templated":true}]}}