{"id":554973,"date":"2022-07-29T00:01:00","date_gmt":"2022-07-29T05:01:00","guid":{"rendered":"https:\/\/www.diarioimagen.net\/?p=554973"},"modified":"2022-07-29T05:33:28","modified_gmt":"2022-07-29T10:33:28","slug":"no-hay-nada-que-ocultar-sobre-mi-patrimonio-afirma-el-diputado-enrique-vargas-del-villar","status":"publish","type":"post","link":"https:\/\/www.diarioimagen.net\/?p=554973","title":{"rendered":"No hay nada que ocultar sobre mi patrimonio, afirma el diputado Enrique Vargas del Villar"},"content":{"rendered":"<p>&nbsp;<\/p>\n<ul>\n<li><em><strong>Responde a dichos del morenista Faustino de la Cruz<\/strong><\/em><\/li>\n<\/ul>\n<p><strong>\u00a0<\/strong><\/p>\n<h6>Arturo Baena<\/h6>\n<p>&nbsp;<\/p>\n<div id=\"attachment_555079\" style=\"width: 470px\" class=\"wp-caption aligncenter\"><a href=\"https:\/\/www.diarioimagen.net\/?attachment_id=555079\" rel=\"attachment wp-att-555079\"><img loading=\"lazy\" decoding=\"async\" aria-describedby=\"caption-attachment-555079\" class=\"size-full wp-image-555079\" src=\"https:\/\/www.diarioimagen.net\/wp-content\/uploads\/2022\/07\/BAENA1-16.jpg\" alt=\"\" width=\"460\" height=\"270\" \/><\/a><p id=\"caption-attachment-555079\" class=\"wp-caption-text\">El diputado Enrique Vargas del Villar ret\u00f3 a los integrantes de la 4T a hacer p\u00fablicas sus propiedades.<\/p><\/div>\n<p>&nbsp;<\/p>\n<p><strong>Valle de M\u00e9xico.\u2014<\/strong> \u201cLa compra de un departamento en Miami, fue hecha legalmente, por lo que no hay nada irregular en ello, tan es as\u00ed que la propiedad est\u00e1 a mi nombre\u201d, manifest\u00f3 el diputado, Enrique Vargas del Villar, quien ret\u00f3 a los integrantes de la 4T a hacer p\u00fablicas sus propiedades, como el caso de la \u201ccasa gris\u201d, de la cual, hasta el momento, no han dado una explicaci\u00f3n a los mexicanos.<\/p>\n<p>Contrario a ellos, expuso el legislador, \u00e9l no niega la propiedad, pues la documentaci\u00f3n y la forma como se adquiri\u00f3 son p\u00fablicas. \u201cNo hay nada irregular como lo pretende hacer creer el diputado de Morena, Faustino de la Cruz, quien mejor se debe ocupar en que en su partido haya rendici\u00f3n de cuentas a los y las mexicanas\u201d, exclam\u00f3.<\/p>\n<p>En respuesta a la nota que difundi\u00f3 un medio de comunicaci\u00f3n y con la cual el diputado morenista pretende mal informar a la ciudadan\u00eda, Enrique Vargas, reitera que no tiene absolutamente nada que ocultar ya que, antes de ser pol\u00edtico, es un empresario con 30 a\u00f1os de trabajo.<\/p>\n<p>Al tiempo en que recomienda a Faustino de la Cruz conocer del tema para no evidenciar su ignorancia, ya que Delaware es un estado de la Uni\u00f3n Americana y no un para\u00edso fiscal.<\/p>\n<p>La empresa con la que se adquiri\u00f3 la propiedad, est\u00e1 legalmente constituida en Estados Unidos y est\u00e1 a nombre de Enrique Vargas como director y todos los documentos son p\u00fablicos, como la misma nota period\u00edstica lo se\u00f1ala. De esta manera, se rechaza contundentemente que se pretenda hacer creer a la ciudadan\u00eda alguna irregularidad en la compra de esta propiedad en Miami.<\/p>\n","protected":false},"excerpt":{"rendered":"<p>\u201cLa compra de un departamento en Miami, fue hecha legalmente, por lo que no hay nada irregular en ello, tan es as\u00ed que la propiedad est\u00e1 a mi nombre\u201d, manifest\u00f3 el diputado, Enrique Vargas del Villar, quien ret\u00f3 a los integrantes de la 4T a hacer p\u00fablicas sus propiedades, como el caso de la \u201ccasa gris\u201d, de la cual, hasta el momento, no han dado una explicaci\u00f3n a los mexicanos.<\/p>\n","protected":false},"author":3,"featured_media":555079,"comment_status":"open","ping_status":"open","sticky":false,"template":"","format":"standard","meta":{"_monsterinsights_skip_tracking":false,"_monsterinsights_sitenote_active":false,"_monsterinsights_sitenote_note":"","_monsterinsights_sitenote_category":0,"footnotes":""},"categories":[5],"tags":[47218,34],"class_list":["post-554973","post","type-post","status-publish","format-standard","has-post-thumbnail","hentry","category-estado-de-mexico","tag-enrique-vargas-del-villar","tag-valle-de-mexico"],"_links":{"self":[{"href":"https:\/\/www.diarioimagen.net\/index.php?rest_route=\/wp\/v2\/posts\/554973","targetHints":{"allow":["GET"]}}],"collection":[{"href":"https:\/\/www.diarioimagen.net\/index.php?rest_route=\/wp\/v2\/posts"}],"about":[{"href":"https:\/\/www.diarioimagen.net\/index.php?rest_route=\/wp\/v2\/types\/post"}],"author":[{"embeddable":true,"href":"https:\/\/www.diarioimagen.net\/index.php?rest_route=\/wp\/v2\/users\/3"}],"replies":[{"embeddable":true,"href":"https:\/\/www.diarioimagen.net\/index.php?rest_route=%2Fwp%2Fv2%2Fcomments&post=554973"}],"version-history":[{"count":0,"href":"https:\/\/www.diarioimagen.net\/index.php?rest_route=\/wp\/v2\/posts\/554973\/revisions"}],"wp:featuredmedia":[{"embeddable":true,"href":"https:\/\/www.diarioimagen.net\/index.php?rest_route=\/wp\/v2\/media\/555079"}],"wp:attachment":[{"href":"https:\/\/www.diarioimagen.net\/index.php?rest_route=%2Fwp%2Fv2%2Fmedia&parent=554973"}],"wp:term":[{"taxonomy":"category","embeddable":true,"href":"https:\/\/www.diarioimagen.net\/index.php?rest_route=%2Fwp%2Fv2%2Fcategories&post=554973"},{"taxonomy":"post_tag","embeddable":true,"href":"https:\/\/www.diarioimagen.net\/index.php?rest_route=%2Fwp%2Fv2%2Ftags&post=554973"}],"curies":[{"name":"wp","href":"https:\/\/api.w.org\/{rel}","templated":true}]}}