{"id":555026,"date":"2022-07-29T00:02:14","date_gmt":"2022-07-29T05:02:14","guid":{"rendered":"https:\/\/www.diarioimagen.net\/?p=555026"},"modified":"2022-07-29T04:57:53","modified_gmt":"2022-07-29T09:57:53","slug":"rifa-del-avion-no-avion-reloaded-causa-malestar-entre-empresarios","status":"publish","type":"post","link":"https:\/\/www.diarioimagen.net\/?p=555026","title":{"rendered":"Rifa del avi\u00f3n no avi\u00f3n <em>reloaded<\/em> causa malestar entre empresarios"},"content":{"rendered":"<h2>La Retaguardia<\/h2>\n<h5>Adriana Moreno Cordero<\/h5>\n<p>&nbsp;<\/p>\n<ul>\n<li><strong><em>Pobreza franciscana para todos, menos para L\u00f3pez Obrador<\/em><\/strong><\/li>\n<\/ul>\n<p>&nbsp;<\/p>\n<p>Semana de sustos y sorpresas, as\u00ed concluye \u00e9sta, primero, por el anuncio que hiciera el presidente <strong>Andr\u00e9s Manuel L\u00f3pez Obrador<\/strong>, de que pasar\u00e1 de la austeridad republicana a la pobreza franciscana y para ello sostuvo ayer una reuni\u00f3n con los integrantes de su gabinete que salieron de Palacio Nacional con cara de consternaci\u00f3n y dir\u00edase que hasta de preocupaci\u00f3n.<\/p>\n<p>El \u00e9nfasis en dicha encerrona se bas\u00f3 en dos puntos: los programas de Bienestar de esta errada y llamada Cuarta Transformaci\u00f3n, as\u00ed como en sus \u201celefantes blancos\u201d: El \u201ccascar\u00f3n\u201d de Dos Bocas; el Tren Maya y los que el tabasque\u00f1o ha llamado pseudoambientalistas conservadores pagados por el gobierno de Estados Unidos, sin presentar prueba alguna al respecto y la manera en que desde Palacio Nacional se destruye la Terminal 2 del Aeropuerto Internacional de la Ciudad de M\u00e9xico para ver si as\u00ed, las aerol\u00edneas deciden irse al aeropuerto \u201cFelipe \u00c1ngeles\u201d, en donde no se paran ni las moscas.<\/p>\n<p>Y de una cosa, se deriva otra, es decir, el com\u00fan denominador es que el Presidente ya no sabe de d\u00f3nde sacar recursos, de tal forma que un d\u00eda antes, en Palacio Nacional, al calor de un espumoso chocolate, tamales de chipil\u00edn y pan de dulce, por si hicieran falta m\u00e1s carbohidratos, el de Tepetit\u00e1n convoc\u00f3 a los empresarios para ofrecerles billetes de la Loter\u00eda Nacional para el \u201cgran sorteo oficial\u201d a realizarse el pr\u00f3ximo 15 de septiembre y en el que se rifar\u00e1n premios por 240 millones de pesos y ocho macro lotes en Playa Esp\u00edritu, Sinaloa cuyos recursos se destinar\u00e1n, supuestamente, a la construcci\u00f3n de la presa Santa Mar\u00eda, igualmente ubicada en Sinaloa.<\/p>\n<p>O sea, la rifa del avi\u00f3n no avi\u00f3n <em>reloaded<\/em> e incluso esta vez, en el Sal\u00f3n Tesorer\u00eda de Palacio Nacional, se distribuy\u00f3 un formato en el que voluntariamente a fuerzas, se conmin\u00f3 a entrarle a dicho sorteo con 20, 25, 50 millones de pesos o m\u00e1s.<\/p>\n<p>Lo anterior, provoc\u00f3 el justificado malestar e incomodidad entre los hombres del empresariado mexicano y de nueva cuenta se concluy\u00f3 que se trat\u00f3 de un burdo \u201cpase de charola\u201d y por las \u201cex benditas redes\u201d, se especul\u00f3 sobre c\u00f3mo podr\u00eda justificarse la invitaci\u00f3n de Palacio Nacional, de \u201capoyo a la fundaci\u00f3n pobreza franciscana o de plano, derecho de piso\u201d.<\/p>\n<p>Falta ver cu\u00e1l ser\u00e1 la venganza de quien encabeza esta errada y llamada cuarta transformaci\u00f3n para aquellos que decidan no participar en esta nueva rifa y que estar\u00edan en todo su derecho en no hacerlo.<\/p>\n<p>Cuando el tema del sorteo del avi\u00f3n no avi\u00f3n, L\u00f3pez Obrador gir\u00f3 sus apreciables instrucciones ni m\u00e1s ni menos que a los legisladores de Morena que de inmediato y algunos a su pesar, tuvieron que sacar de sus bolsillos para pagar series completas de billetes de loter\u00eda.<\/p>\n<p>Al final, -como se recordar\u00e1-, a la hora de repartir los premios, unos los recibieron a medias, otros de plano no, y total que nadie supo qu\u00e9 pas\u00f3 con los dineros que el inquilino de Palacio Nacional obtuvo.<\/p>\n<p>Lo m\u00e1s probable es que esta vez, pase lo mismo. Baste ver su anuncio de implementar la pobreza franciscana, para todos, menos para \u00e9l.<\/p>\n<p style=\"text-align: center;\"><strong>Municiones<\/strong><\/p>\n<p>*** Pues nada, que el relevo en la presidencia de la Mesa Directiva del Senado de la Rep\u00fablica, se ha vuelto todo un tema, ya que cuando el petista <strong>Jos\u00e9 Narro<\/strong> pens\u00f3 que la ten\u00eda m\u00e1s que segura, le salieron pendientillos que no ha resuelto por los rumbos de Acapulco y si no, que le pregunten a la presidenta municipal del puerto, <strong>Adela Rom\u00e1n<\/strong>, la de la calor. As\u00ed que la versi\u00f3n de que se trata de una campa\u00f1a negra en contra del zacatecano, es puro pretexto. Por su parte, el senador morenista, <strong>Alejandro Armenta<\/strong>, pens\u00f3 que la podr\u00eda disputar, pero al final, sali\u00f3 la posici\u00f3n de la oposici\u00f3n y Germ\u00e1n Mart\u00ednez C\u00e1zares, sali\u00f3 a aclarar que \u201cse necesita un Presidente del Senado, no un porrista de un precandidato presidencial de Morena. El Grupo Plural tiene muy claro eso: se necesita un presidente del Senado que sepa de parlamentario no de aplausos y lambisconer\u00edas\u201d, y en este sentido, Narro y Armenta Mier, son dos que a diario, dispensan grandes loas al presidente L\u00f3pez Obrador. El ex panista a\u00f1adi\u00f3: \u201cSi los candidatos son Narro y Armenta, est\u00e1n obligando a la oposici\u00f3n a presentar una alternativa de oposici\u00f3n\u201d.<\/p>\n<p>*** Y hablando de Guerrero, donde la gobernadora <strong>Evelyn Salgado<\/strong> est\u00e1 en todo, menos en donde debe, el sacerdote <strong>Felipe V\u00e9lez Jim\u00e9nez<\/strong>, de la parroquia de San Gerardo Mar\u00eda Mayela, de Iguala, result\u00f3 con una herida de bala en el paraje conocido como Los Claveles. Luego de recibir atenci\u00f3n hospitalaria, el padre V\u00e9lez Jim\u00e9nez se encuentra ya fuera de peligro y un punto digno de destacar es que la referida parroquia ha venido apoyando a familiares de desaparecidos, as\u00ed como a los de los 43 estudiantes de Ayotzinapa desaparecidos, tema con el que por cierto, el Presidente ha venido lucrando pol\u00edticamente durante toda su administraci\u00f3n. Este hecho, sin duda, va a reavivar la demanda que ha hecho la Conferencia del Episcopado Mexicano, (CEM) para que tanto L\u00f3pez Obrador como su flamante secretaria de Seguridad Ciudadana, <strong>Rosa Icela Rodr\u00edguez<\/strong>, revisen la inexistente estrategia de combate a la inseguridad que tiene esta errada y llamada Cuarta Transformaci\u00f3n. \u00bfSer\u00e1 porque no se puede discutir lo que no existe?, o, como lo se\u00f1alan los hombres de sotana, por m\u00e1s abrazos que dan, los balazos aumentan.<\/p>\n<p>*** Y en aquello de la tan llevada y tra\u00edda pobreza franciscana, el debate lleg\u00f3 al Palacio Legislativo de San L\u00e1zaro, donde el diputado panista <strong>Carlos Valenzuela<\/strong>, advirti\u00f3: \u201cEl Presidente ya no quiere que existan otros datos m\u00e1s que los suyos, y su lucha es contra el INE, pero su lucha tambi\u00e9n es contra el Inegi, su lucha ha sido contra las universidades aut\u00f3nomas, contra los tribunales aut\u00f3nomos, contra los organismos electorales estatales que no se han alineado ante sus datos\u201d. Por su parte, El coordinador de Movimiento Ciudadano en la C\u00e1mara baja, <strong>Jorge \u00c1lvarez M\u00e1ynez<\/strong>, lament\u00f3 que los legisladores del partido oficial hablen de recortes a las autoridades electorales, cuando este gobierno ha despilfarrado cantidades millonarias en proyectos mal planeados y mal ejecutados. Ah\u00ed est\u00e1n como prueba palpable, los \u201celefantes blancos\u201d del tabasque\u00f1o, no han dado un solo resultado de funcionalidad, y as\u00ed seguir\u00e1n.<\/p>\n<p>*** Y para reforzar lo anterior en la parte de que L\u00f3pez Obrador ha emprendido una guerra en contra del INE, ah\u00ed est\u00e1 lo dicho por el presidente de dicho Instituto, <strong>Lorenzo C\u00f3rdova<\/strong>, quien en d\u00edas pasados se\u00f1al\u00f3 que: Una reforma constitucional en cualquier materia implica la perspectiva de que en M\u00e9xico todas y todos tenemos cabida y, por tanto, debe reflejar el pluralismo pol\u00edtico y buscar el consenso. Y a prop\u00f3sito, el parlamento abierto que organizaron los morenistas para tratar de sacar adelante la reforma electoral lopezobradorista, result\u00f3 todo un fiasco.<\/p>\n<p><u><a href=\"mailto:morcora@gmail.com\" target=\"_blank\" rel=\"noopener noreferrer\"><em>morcora@gmail.com<\/em><\/a><\/u><\/p>\n","protected":false},"excerpt":{"rendered":"<p><span style=\"color: #005497;\"><strong>Adriana Moreno Cordero<\/strong><\/span><\/p>\n","protected":false},"author":3,"featured_media":0,"comment_status":"open","ping_status":"open","sticky":false,"template":"","format":"standard","meta":{"_monsterinsights_skip_tracking":false,"_monsterinsights_sitenote_active":false,"_monsterinsights_sitenote_note":"","_monsterinsights_sitenote_category":0,"footnotes":""},"categories":[69370],"tags":[69369,69368,43674],"class_list":["post-555026","post","type-post","status-publish","format-standard","hentry","category-adriana-moreno-cordero","tag-adriana-moreno-cordero","tag-la-retaguardia","tag-opinion"],"_links":{"self":[{"href":"https:\/\/www.diarioimagen.net\/index.php?rest_route=\/wp\/v2\/posts\/555026","targetHints":{"allow":["GET"]}}],"collection":[{"href":"https:\/\/www.diarioimagen.net\/index.php?rest_route=\/wp\/v2\/posts"}],"about":[{"href":"https:\/\/www.diarioimagen.net\/index.php?rest_route=\/wp\/v2\/types\/post"}],"author":[{"embeddable":true,"href":"https:\/\/www.diarioimagen.net\/index.php?rest_route=\/wp\/v2\/users\/3"}],"replies":[{"embeddable":true,"href":"https:\/\/www.diarioimagen.net\/index.php?rest_route=%2Fwp%2Fv2%2Fcomments&post=555026"}],"version-history":[{"count":0,"href":"https:\/\/www.diarioimagen.net\/index.php?rest_route=\/wp\/v2\/posts\/555026\/revisions"}],"wp:attachment":[{"href":"https:\/\/www.diarioimagen.net\/index.php?rest_route=%2Fwp%2Fv2%2Fmedia&parent=555026"}],"wp:term":[{"taxonomy":"category","embeddable":true,"href":"https:\/\/www.diarioimagen.net\/index.php?rest_route=%2Fwp%2Fv2%2Fcategories&post=555026"},{"taxonomy":"post_tag","embeddable":true,"href":"https:\/\/www.diarioimagen.net\/index.php?rest_route=%2Fwp%2Fv2%2Ftags&post=555026"}],"curies":[{"name":"wp","href":"https:\/\/api.w.org\/{rel}","templated":true}]}}