{"id":555030,"date":"2022-07-29T00:04:38","date_gmt":"2022-07-29T05:04:38","guid":{"rendered":"https:\/\/www.diarioimagen.net\/?p=555030"},"modified":"2022-07-29T05:34:56","modified_gmt":"2022-07-29T10:34:56","slug":"tren-maya-inclusion-y-exclusion","status":"publish","type":"post","link":"https:\/\/www.diarioimagen.net\/?p=555030","title":{"rendered":"Tren Maya, inclusi\u00f3n y exclusi\u00f3n"},"content":{"rendered":"<h2>Desde el portal<\/h2>\n<h5>\u00c1ngel Soriano<\/h5>\n<p>&nbsp;<\/p>\n<p>El presidente Andr\u00e9s Manuel L\u00f3pez Obrador cen\u00f3 en Palacio Nacional con empresarios citadinos y de Sinaloa y, de acuerdo al gobernador Rub\u00e9n Rocha, se habl\u00f3 sobre inversiones en la entidad en lo referente a obras hidr\u00e1ulicas en marcha y nuevos proyectos productivos en la entidad.<\/p>\n<p>Y sobre la introducci\u00f3n de t\u00f3mbolas a Palacio Nacional, el presidente L\u00f3pez Obrador inform\u00f3 que se les invit\u00f3 a participar en el sorteo del 15 de septiembre y cuyos recursos obtenidos ser\u00e1n financiar proyectos el proyecto tur\u00edstico de Playa Esp\u00edritu, Sinaloa, con la rifa de lotes e impulsar otras obras que quedaron abandonadas en sexenios pasados debido a la falta de recursos p\u00fablicos y privados.<\/p>\n<p>Si se estimula de una u otra manera la participaci\u00f3n social en obras y con la aportaci\u00f3n de recursos, tambi\u00e9n se les excluye de otros proyectos en marcha, como es el caso del Grupo M\u00e9xico que qued\u00f3 fuera en la construcci\u00f3n del tramo 5 del Tren Maya, al quedar en manos de las Fuerzas Armadas la realizaci\u00f3n de ese tramo, que ha encontrado oposici\u00f3n legal y ecol\u00f3gico.<\/p>\n<p>Lo importante, sin embargo, es que prevalece el di\u00e1logo y el acercamiento, las diferencias y las coincidencias, para la realizaci\u00f3n de obras en el pa\u00eds. Los proyectos son muchos y la participaci\u00f3n del sector p\u00fablico y privado en la ejecuci\u00f3n de tales planes requiere del concurso de todos en beneficio de la Naci\u00f3n.<\/p>\n<p style=\"text-align: center;\"><strong>Turbulencias<br \/>\nSe queja el INE de recortes presupuestales<\/strong><\/p>\n<p>\u00a0La pobreza franciscana hace mella en el INE, de acuerdo al consejero presidente Lorenzo C\u00f3rdova quien dijo que por los recortes no se cumplir\u00e1 del todo en los procesos electorales en puerta en varios estados de la Rep\u00fablica, tampoco con las jubilaciones de su personal, pero en realidad todo es culpa de los fara\u00f3nicos sueldos de los consejeros y de los funcionarios de los organismos aut\u00f3nomos que se siguen despachando con la cuchara grande dentro y fuera del ya superada austeridad republicana\u2026 Y pese a que el presidente Andr\u00e9s Manuel L\u00f3pez Obrador ha explicado que los excedentes petroleros derivados del alza del barril provocado por la invasi\u00f3n rusa a Ucrania, y a que los grandes corporativos otrora evasores fiscales han pagado sus adeudos y de otros rubros, ha permitido cumplir con los programas sociales, el ex secretario de Salud y diputado federal por MC, Salom\u00f3n Chertorivski, insiste en que son utilizados recursos p\u00fablicos para financiar gasolina barata en la frontera y en la escasez de medicamentos\u2026Tres mujeres se disputan la gubernatura del Estado de M\u00e9xico: Alejandra del Monreal y Ana Lilia Herrera, por el PRI, y Delfina G\u00f3mez, por Morena, que la tiene en la bolsa; los otros dos aspirantes morenistas Pedro Zenteno y Horacio Duarte hacen su parte para mantenerse en el candelero y para dar cariz democr\u00e1tico a la contienda\u2026 Piso parejo en Morena para los aspirantes a la candidatura presidencial pide\u00a0 Marcelo Ebrard seguido de Ricardo Monreal, que no busca confrontarlo, pues sabe que es el bueno. Monreal ha insistido en que el m\u00e9todo de encuesta es para beneficiar a uno o a una de los tres contendientes: Ebrard, Ad\u00e1n Augusto o Clauia Sheinbaum, y en donde no entra \u00e9l. Desde ahora se busca la conciliaci\u00f3n y que las propuestas no entren en choque que debilite la estructura del partido en el poder\u2026 Seguramente el INE no organizar\u00e1 los procesos electorales pendientes y el nuevo organismo, una vez aprobada la reforma electoral, contar\u00e1 con todos los recursos del Estado para organizarlos y llevarlos a buen puerto. Ese es el prop\u00f3sito de la nueva reforma electoral: desplazar a los corruptos actuales consejeros y dar paso a una nueva estructura electoral.<\/p>\n<p><u><a href=\"mailto:asorianocarrasco@yahoo.com\" target=\"_blank\" rel=\"noopener noreferrer\"><em>asorianocarrasco@yahoo.com<\/em><\/a><br \/>\n<em><a href=\"https:\/\/revistabrecha.com\" target=\"_blank\" rel=\"noopener noreferrer\">www.revistabrecha.com<\/a><br \/>\n<\/em><\/u><em>facebook oficial <a href=\"https:\/\/es-la.facebook.com\/RevistaBrecha.Oficial\" target=\"_blank\" rel=\"noopener\">@BrechaRevista<\/a><\/em><\/p>\n","protected":false},"excerpt":{"rendered":"<p><span style=\"color: #005497;\"><strong>\u00c1ngel Soriano<\/strong><\/span><\/p>\n","protected":false},"author":3,"featured_media":0,"comment_status":"open","ping_status":"open","sticky":false,"template":"","format":"standard","meta":{"_monsterinsights_skip_tracking":false,"_monsterinsights_sitenote_active":false,"_monsterinsights_sitenote_note":"","_monsterinsights_sitenote_category":0,"footnotes":""},"categories":[135],"tags":[85,86,43674],"class_list":["post-555030","post","type-post","status-publish","format-standard","hentry","category-angel-soriano-opinion","tag-angel-soriano","tag-desde-el-portal","tag-opinion"],"_links":{"self":[{"href":"https:\/\/www.diarioimagen.net\/index.php?rest_route=\/wp\/v2\/posts\/555030","targetHints":{"allow":["GET"]}}],"collection":[{"href":"https:\/\/www.diarioimagen.net\/index.php?rest_route=\/wp\/v2\/posts"}],"about":[{"href":"https:\/\/www.diarioimagen.net\/index.php?rest_route=\/wp\/v2\/types\/post"}],"author":[{"embeddable":true,"href":"https:\/\/www.diarioimagen.net\/index.php?rest_route=\/wp\/v2\/users\/3"}],"replies":[{"embeddable":true,"href":"https:\/\/www.diarioimagen.net\/index.php?rest_route=%2Fwp%2Fv2%2Fcomments&post=555030"}],"version-history":[{"count":0,"href":"https:\/\/www.diarioimagen.net\/index.php?rest_route=\/wp\/v2\/posts\/555030\/revisions"}],"wp:attachment":[{"href":"https:\/\/www.diarioimagen.net\/index.php?rest_route=%2Fwp%2Fv2%2Fmedia&parent=555030"}],"wp:term":[{"taxonomy":"category","embeddable":true,"href":"https:\/\/www.diarioimagen.net\/index.php?rest_route=%2Fwp%2Fv2%2Fcategories&post=555030"},{"taxonomy":"post_tag","embeddable":true,"href":"https:\/\/www.diarioimagen.net\/index.php?rest_route=%2Fwp%2Fv2%2Ftags&post=555030"}],"curies":[{"name":"wp","href":"https:\/\/api.w.org\/{rel}","templated":true}]}}