{"id":555033,"date":"2022-07-29T00:05:37","date_gmt":"2022-07-29T05:05:37","guid":{"rendered":"https:\/\/www.diarioimagen.net\/?p=555033"},"modified":"2022-08-01T04:38:58","modified_gmt":"2022-08-01T09:38:58","slug":"unidos-por-la-misma-tendencia","status":"publish","type":"post","link":"https:\/\/www.diarioimagen.net\/?p=555033","title":{"rendered":"Unidos por la misma tendencia"},"content":{"rendered":"<h2>Perfil de M\u00e9xico<\/h2>\n<h5>Armando R\u00edos Ruiz<\/h5>\n<p>&nbsp;<\/p>\n<p>El fen\u00f3meno pol\u00edtico aparecido en Am\u00e9rica Latina durante los \u00faltimos a\u00f1os, que ha llevado al poder a personajes con claras tendencias populistas, pero m\u00e1s que nada dictatoriales; convertidos en visibles ejemplos de retroceso y destrucci\u00f3n, con una estela de historia negativa a lo largo de sus vidas, ha resultado inexplicable para muchos expertos en el tema.<\/p>\n<p>Las elecciones del pasado 29 de mayo y 19 de junio en dos rondas, que llevaron a la presidencia de Colombia a un ex miembro del M-19, instrumento de guerrilla urbana, al economista Gustavo Petro, o el comandante Andr\u00e9s y Aureliano, \u00e9ste \u00faltimo sobrenombre en memoria del personaje de la novela <em>Cien A\u00f1os de Soledad<\/em>, despertaron alertas en todos los pa\u00edses vecinos como cr\u00f3nica de una equivocaci\u00f3n anunciada, para aludir otro t\u00edtulo de Gabriel Garc\u00eda M\u00e1rquez.<\/p>\n<p>Desde que Petro amenaz\u00f3 con llegar a la presidencia, despu\u00e9s de ganar la primera vuelta, aparecieron en muchos pa\u00edses de Am\u00e9rica Latina, de M\u00e9xico, inclusive, advertencias de lo que podr\u00eda ocurrir en aquel pa\u00eds del sur del continente, si la ciudadan\u00eda decid\u00eda llevarlo al triunfo. Hubo sordera o simplemente ignorancia. Como en nuestro pa\u00eds, el grueso de la gente no se informa.<\/p>\n<p>Voces conocedoras, inteligentes, se empe\u00f1aron en convencer del gran error. No fueron escuchadas. Ahora habr\u00e1n de experimentar en carne propia lo que es tener a un gobernante que ya ha comenzado a manejarse como si fuera due\u00f1o del inmenso territorio que gobierna y no un hombre com\u00fan, en quien el pueblo deposit\u00f3 su confianza para que los representara como el mejor hombre que tiene entre otras obligaciones, velar por su bienestar.<\/p>\n<p>Hoy han aparecido signos de alarma en su propio pa\u00eds, que s\u00f3lo reflejan la raz\u00f3n que asist\u00eda desde antes de su llegada a personas que lo conoc\u00edan bien por seguir sus pasos, como al ex presidente Andr\u00e9s Pastrana, quien desde principios del a\u00f1o anticipo que Gustavo Petro era el Caballo de Troya del narcotr\u00e1fico.<\/p>\n<p>La historia es repetitiva, de acuerdo con el pensador italiano Vico. As\u00ed tambi\u00e9n pensaban Federico Nietzche y Oswald Spengler, en sus respectivas obras, <em>La Teor\u00eda del Eterno Retorno<\/em> y <em>La Decadencia de Occidente<\/em>. Lo que ocurre en la naci\u00f3n sudamericana que cobij\u00f3 al libertador Sim\u00f3n Bol\u00edvar, semeja un reflejo que viaja desde M\u00e9xico, a trav\u00e9s de Los Andes y de vuelta, para hermanar a personajes que parecen incubados en el mismo vientre.<\/p>\n<p>Pero tambi\u00e9n hay un dicho popular que pas\u00f3 de los \u00e1rabes asentados en Espa\u00f1a a este pa\u00eds y de la pen\u00ednsula a M\u00e9xico: \u201cnadie escarmienta en cabeza ajena\u201d. Los colombianos tendr\u00e1n que soportar tal vez cuatro a\u00f1os de vigencia presidencial o m\u00e1s, si las semejanzas con otros mandatarios del mismo continente son tan fuertes y si deciden conservar otros cuatro a\u00f1os al mismo ejemplar.<\/p>\n<p>Petro no ha ocultado un mil\u00edmetro, su intenci\u00f3n de otorgar perd\u00f3n a las organizaciones criminales, que han recibido con verdadero benepl\u00e1cito la noticia y que han prometido inclusive, portarse bien. Pero \u00bfalguien acostumbrado a ganar cantidades inmensa de dinero o los que aspiran a ganarlas, se conformar\u00e1n as\u00ed de f\u00e1cil? \u00a1Es claro que no! Los expertos afirman lo mismo.<\/p>\n<p>Petro argument\u00f3 que \u201cel perd\u00f3n social no es impunidad, es justicia reparativa. El perd\u00f3n social no es encubrimiento, es un proceso de verdad hist\u00f3rica. El perd\u00f3n social no lo ordena el presidente, sino la sociedad\u201d. Mucho m\u00e1s fino, pero el mismo contenido\u00a0 tendencioso que en M\u00e9xico.<\/p>\n<p>\u201cEsto puede resultar en un fortalecimiento del narcotr\u00e1fico y en un deterioro de la seguridad\u201d, dijo el abogado, socioeconomista y analista pol\u00edtico Rafael Nieto, viceministro del Interior y de Justicia de 2003 y 2004, en el primero de los dos gobiernos de \u00c1lvaro Uribe y presidente de Colombia de 2002 a 2010\u201d.<\/p>\n<p>Dif\u00edcil explicar conductas\u00a0 de personas que ven el precipicio y no se detienen. Dif\u00edcil como despejar por qu\u00e9, una vez en el poder y ante las acciones destructoras de esos mandatarios, persiste un delirio en un espacio social por defenderlos y por consentir la destrucci\u00f3n. M\u00e9xico es el gran ejemplo.<\/p>\n<p><a href=\"mailto:ariosruiz@gmail.com\" target=\"_blank\" rel=\"noopener noreferrer\"><em>ariosruiz@gmail.com<\/em><\/a><\/p>\n","protected":false},"excerpt":{"rendered":"<p><span style=\"color: #005497;\"><strong>Armando R\u00edos Ruiz<\/strong><\/span><\/p>\n","protected":false},"author":3,"featured_media":0,"comment_status":"open","ping_status":"open","sticky":false,"template":"","format":"standard","meta":{"_monsterinsights_skip_tracking":false,"_monsterinsights_sitenote_active":false,"_monsterinsights_sitenote_note":"","_monsterinsights_sitenote_category":0,"footnotes":""},"categories":[88405],"tags":[88407,43674,91193],"class_list":["post-555033","post","type-post","status-publish","format-standard","hentry","category-armando-rios-ruiz","tag-armando-rios-ruiz","tag-opinion","tag-perfil-de-mexico"],"_links":{"self":[{"href":"https:\/\/www.diarioimagen.net\/index.php?rest_route=\/wp\/v2\/posts\/555033","targetHints":{"allow":["GET"]}}],"collection":[{"href":"https:\/\/www.diarioimagen.net\/index.php?rest_route=\/wp\/v2\/posts"}],"about":[{"href":"https:\/\/www.diarioimagen.net\/index.php?rest_route=\/wp\/v2\/types\/post"}],"author":[{"embeddable":true,"href":"https:\/\/www.diarioimagen.net\/index.php?rest_route=\/wp\/v2\/users\/3"}],"replies":[{"embeddable":true,"href":"https:\/\/www.diarioimagen.net\/index.php?rest_route=%2Fwp%2Fv2%2Fcomments&post=555033"}],"version-history":[{"count":0,"href":"https:\/\/www.diarioimagen.net\/index.php?rest_route=\/wp\/v2\/posts\/555033\/revisions"}],"wp:attachment":[{"href":"https:\/\/www.diarioimagen.net\/index.php?rest_route=%2Fwp%2Fv2%2Fmedia&parent=555033"}],"wp:term":[{"taxonomy":"category","embeddable":true,"href":"https:\/\/www.diarioimagen.net\/index.php?rest_route=%2Fwp%2Fv2%2Fcategories&post=555033"},{"taxonomy":"post_tag","embeddable":true,"href":"https:\/\/www.diarioimagen.net\/index.php?rest_route=%2Fwp%2Fv2%2Ftags&post=555033"}],"curies":[{"name":"wp","href":"https:\/\/api.w.org\/{rel}","templated":true}]}}