{"id":555042,"date":"2022-07-29T00:11:12","date_gmt":"2022-07-29T05:11:12","guid":{"rendered":"https:\/\/www.diarioimagen.net\/?p=555042"},"modified":"2022-07-29T06:48:53","modified_gmt":"2022-07-29T11:48:53","slug":"edomex-nemer-salvaria-al-pri","status":"publish","type":"post","link":"https:\/\/www.diarioimagen.net\/?p=555042","title":{"rendered":"Edomex: Nemer salvar\u00eda al PRI"},"content":{"rendered":"<h2>\u00cdndice pol\u00edtico<\/h2>\n<h5>Francisco Rodr\u00edguez<\/h5>\n<p>&nbsp;<\/p>\n<ul>\n<li><strong><em>Bucaneros tras el bot\u00edn de Cruz Azul<\/em><\/strong><\/li>\n<li><strong><em>\u00a1Otro round Sheinbaum-Cuevas!\u00a0<\/em><\/strong><\/li>\n<\/ul>\n<p>&nbsp;<\/p>\n<p>A mediados de junio, hace mes y medio,\u00a0<strong>Ernesto Nemer\u00a0<\/strong>entr\u00f3 al despacho del gobernador del Estado de M\u00e9xico,<strong><em>Alfreditito<\/em>\u00a0del Mazo<\/strong>, cargando una larga y consistente carrera pol\u00edtica\u2026 pero tambi\u00e9n su renuncia a la secretar\u00eda general del gobierno mexiquense. El segundo de a bordo, pues.<\/p>\n<p>\u2014 \u00bfPor qu\u00e9 te quieres ir? \u2013pregunt\u00f3 el nieto de\u00a0<strong>Alfredo del Mazo V\u00e9lez<\/strong>\u00a0e hijo de\u00a0<strong><em>Alfredito<\/em>\u00a0del Mazo Gonz\u00e1lez<\/strong>, gobernadores de esa entidad de 1945 a 1951 y de 1981 a 1986, respectivamente.<\/p>\n<p>Palabras m\u00e1s, palabras menos, Nemer habr\u00eda respondido que no ve\u00eda piso parejo. Que mientras a la titular de Desarrollo Social de ese gobierno, Alejandra Del Moral Vela, le permit\u00eda estar en abierta precampa\u00f1a por la candidatura del PRI a \u00e9l y a otros los estaban \u201cbajando\u201d de la contienda en la que observaban dados cargados.<\/p>\n<p>El renunciante tambi\u00e9n habr\u00eda argumentado que desde siempre ten\u00eda como objetivo ser el siguiente gobernador, que su trayectoria lo respaldaba y que, por todos los cargos que hab\u00eda ocupado en los planos estatal y federal es el m\u00e1s capacitado y conocido de entre quienes aspiraban.<\/p>\n<p><em>Alfreditito\u00a0<\/em>acept\u00f3 la dimisi\u00f3n y, como sustituto en el cargo n\u00famero dos del organigrama gubernamental nombr\u00f3 a\u00a0<strong>Luis Felipe Puente Espinoza<\/strong>, quien hace tiempo fuera alcalde de Atizap\u00e1n.<\/p>\n<p>Del Mazo Maza estaba en la l\u00f3gica de que, para enfrentar a\u00a0<strong>Delfina G\u00f3mez \u00c1lvarez,<\/strong>\u00a0quien entonces se perfilaba para ser otra vez la candidata de Morena, otra mujer ser\u00eda la mejor contrincante.<\/p>\n<p>Pero hace fue mes y medio atr\u00e1s.<\/p>\n<p>Hoy, la situaci\u00f3n parece haber cambiado diametralmente.<\/p>\n<p style=\"text-align: center;\"><strong>Delincuente electoral\u00a0<\/strong><\/p>\n<p>El Tribunal Electoral del Poder Judicial de la Federaci\u00f3n (TEPJF) que el Instituto Nacional Electoral (INE) le impuso en septiembre a Morena, el partido pol\u00edtico del presidente Andr\u00e9s Manuel L\u00f3pez Obrador, por una red de financiaci\u00f3n irregular llevada a cabo entre febrero de 2013 y julio de 2015 en Texcoco, Estado de M\u00e9xico, cuando la actual secretaria de Educaci\u00f3n, Delfina G\u00f3mez, era presidenta municipal.<\/p>\n<p>Durante el tiempo que dur\u00f3 el sistema, se retuvo el 10% de salario de cientos de trabajadores p\u00fablicos de la localidad, m\u00e1s de dos millones de pesos -de acuerdo con la investigaci\u00f3n del INE- que sirvieron para costear la formaci\u00f3n de Morena y apoyar la en\u00e9sima precampa\u00f1a de AMLO a la Presidencia de la Rep\u00fablica.<\/p>\n<p>Y todo parece indicar que esa calificaci\u00f3n del INE y del TEPJF hacia la se\u00f1ora G\u00f3mez \u00c1lvarez es uno de los varios negativos que ahora mismo se estar\u00edan evaluando en Palacio Nacional para otorgarle o no la candidatura morenista al gobierno del EdoMex, ama\u00f1adas encuestas de por medio.<\/p>\n<p>Una calificaci\u00f3n con la que sus contrincantes har\u00edan campa\u00f1a y la har\u00edan perder no pocos puntos de los que dicen ahora goza en las preferencias de los potenciales electores de la entidad circunvecina a la CDMX.<\/p>\n<p>Todav\u00eda peor: En las elecciones de 2021 Morena registr\u00f3 el 35.69% de los votos, que sumados al 5.03% del Verde y el 1.96% del PT, que son sus aliados, sum\u00f3 un 42.68%.<\/p>\n<p>A su vez, el PRI contabiliz\u00f3 26.47% de los votos, el PAN 13.58% y el PRD 3.41%, que llevan a la alianza Va por M\u00e9xico al 43.46%, es decir, la oposici\u00f3n gan\u00f3 en el Edomex hace ya m\u00e1s de un a\u00f1o por apenas 0.78%.<\/p>\n<p>Y de no ser Delfina G\u00f3mez la candidata, se abrir\u00edan las posibilidades de los aspirantes varones del movimiento de L\u00f3pez Obrador: el senador Higinio Mart\u00ednez, el director de Aduanas, Horacio Duarte; el director del ISSSTE, Pedro Zenteno; y el alcalde de Ecatepec, Fernando Vilchis.<\/p>\n<p>Tambi\u00e9n Ernesto Nemer volver\u00eda a la lucha electoral, con todav\u00eda m\u00e1s posibilidades de ganar el puesto con el PRI, PAN y PRD.<\/p>\n<p style=\"text-align: center;\"><strong>Indicios\u00a0<\/strong><\/p>\n<p>Otra posibilidad que en el Edomex tiene la alianza Va por M\u00e9xico en el EdoMex es el panista\u00a0<strong>Enrique Vargas del Villar, <\/strong>quien<strong>\u00a0<\/strong>hasta hace<strong>\u00a0<\/strong>poco<strong>\u00a0<\/strong>fuera<strong>\u00a0<\/strong>presidente municipal de Huixquilucan, donde tuvo un desempe\u00f1o que todav\u00eda hoy aplauden los vecinos, y que ahora se desempe\u00f1a como diputado del Congreso del Estado de M\u00e9xico. * * * Dicen los panegiristas de la 4T, el propio AMLO para empezar, que su gobierno est\u00e1 del lado de los trabajadores. No se ve que eso suceda. Con la pr\u00e1ctica ausencia de sus tareas, la titular de Trabajo y Previsi\u00f3n Social\u00a0<strong>Luisa Mar\u00eda Alcalde<\/strong>\u00a0\u2013deja todo en manos de su padre-, el factor de la producci\u00f3n que en este sexenio siempre lleva todas las de ganar es el capital\u2026 y los dineros bajo la mesa, principalmente. Porque, pese a ser m\u00e1s que p\u00fablicos y muy notorios los ataques violentos a los cooperativistas de la cementera Cruz Azul, las autoridades federales se hacen de la vista gorda y dejan que las posibles soluciones al conflicto sean planteadas por el gobierno de Hidalgo, encabezado por\u00a0<strong>Omar Fayad<\/strong>. Hace dos tardes, los bucaneros que van tras el control de la cooperativa, capitaneados por el abogado\u00a0<strong>Rafael Anzures<\/strong>, \u201cacarrearon\u201d a decenas de integrantes del lumpen proletariado para que, a cambio de 500 o hasta de mil pesos, llegaran hasta Tula a lapidar a los trabajadores de esa empresa social. Ten\u00edan apostados, tambi\u00e9n, a francotiradores que, en ocasi\u00f3n anterior, ya asesinaron a varios trabajadores. \u00bfA qu\u00e9 le tira el grupo disidente que encabezan\u00a0<strong>Jos\u00e9 Antonio Mar\u00edn Guti\u00e9rrez<\/strong>\u00a0y\u00a0<strong>V\u00edctor Manuel Vel\u00e1zquez Rangel<\/strong>\u00a0al intentar tomar mediante violencia la planta productora de cemento? \u00bfHasta cu\u00e1ndo intervendr\u00e1 la \u201cautoridad\u201d federal para solucionar este otro problema que enfrenta? \u00bfDejar\u00e1n solo al gobierno local? * * * Los encontronazos entre la \u201cregenta\u201d\u00a0<strong>Claudia Sheinbaum<\/strong>\u00a0y la alcaldesa de Cuauht\u00e9moc\u00a0<strong>Sandra Cuevas\u00a0<\/strong>son cada vez m\u00e1s frecuentes. En el viejo palacio del Ayuntamiento capitalino a\u00fan no digieren la derrota que sufriera ah\u00ed Morena. Por el nivel, perd\u00f3neme usted, ya parece pleito de comadres en la misma vecindad. * * *\u00a0<strong>Ad\u00e1n Augusto L\u00f3pez<\/strong>\u00a0adquiere relevancia no por la gobernabilidad que su actuar brinda al pa\u00eds. Tampoco por ser un mediador imparcial entre las distintas fuerzas pol\u00edticas. Trascender\u00e1 por sus floridas y tropicales frases que, por tal, se destacan en los medios de comunicaci\u00f3n. La m\u00e1s reciente: que de llegar a la Presidencia, este otro L\u00f3pez mantendr\u00eda la \u201chermosa frase\u201d de \u201cabrazos, no balazos\u201d\u2026 \u00bfHermosa? Tal vez hasta po\u00e9tica, pero de efectividad, nada. * * * Por hoy es todo. Muchas gracias por acompa\u00f1arme en la lectura de estas l\u00edneas, y aprovecho la ocasi\u00f3n para desearle, como siempre, que tenga usted \u00a1buenas gracias y muchos, muchos d\u00edas!<\/p>\n<p><em><u><a href=\"http:\/\/www.indicepolitico.com\" target=\"_blank\" rel=\"noopener noreferrer\">www.indicepolitico.com<\/a><\/u><u><br \/>\n<\/u><a href=\"mailto:indicepolitico@gmail.com\" target=\"_blank\" rel=\"noopener noreferrer\">indicepolitico@gmail.com<\/a><\/em><br \/>\n<em><a href=\"https:\/\/twitter.com\/indicepolitico?lang=es\" target=\"_blank\" rel=\"noopener noreferrer\">@IndicePolitico<\/a><\/em><br \/>\n<em><u><a href=\"https:\/\/twitter.com\/pacorodriguez\" target=\"_blank\" rel=\"noopener noreferrer\">@pacorodriguez<\/a><\/u><\/em><\/p>\n","protected":false},"excerpt":{"rendered":"<p><span style=\"color: #005497;\"><strong>Francisco Rodr\u00edguez<\/strong><\/span><\/p>\n","protected":false},"author":3,"featured_media":0,"comment_status":"open","ping_status":"open","sticky":false,"template":"","format":"standard","meta":{"_monsterinsights_skip_tracking":false,"_monsterinsights_sitenote_active":false,"_monsterinsights_sitenote_note":"","_monsterinsights_sitenote_category":0,"footnotes":""},"categories":[549],"tags":[43689,550,43674],"class_list":["post-555042","post","type-post","status-publish","format-standard","hentry","category-francisco-rodriguez","tag-francisco-rodriguez","tag-indice-politico","tag-opinion"],"_links":{"self":[{"href":"https:\/\/www.diarioimagen.net\/index.php?rest_route=\/wp\/v2\/posts\/555042","targetHints":{"allow":["GET"]}}],"collection":[{"href":"https:\/\/www.diarioimagen.net\/index.php?rest_route=\/wp\/v2\/posts"}],"about":[{"href":"https:\/\/www.diarioimagen.net\/index.php?rest_route=\/wp\/v2\/types\/post"}],"author":[{"embeddable":true,"href":"https:\/\/www.diarioimagen.net\/index.php?rest_route=\/wp\/v2\/users\/3"}],"replies":[{"embeddable":true,"href":"https:\/\/www.diarioimagen.net\/index.php?rest_route=%2Fwp%2Fv2%2Fcomments&post=555042"}],"version-history":[{"count":0,"href":"https:\/\/www.diarioimagen.net\/index.php?rest_route=\/wp\/v2\/posts\/555042\/revisions"}],"wp:attachment":[{"href":"https:\/\/www.diarioimagen.net\/index.php?rest_route=%2Fwp%2Fv2%2Fmedia&parent=555042"}],"wp:term":[{"taxonomy":"category","embeddable":true,"href":"https:\/\/www.diarioimagen.net\/index.php?rest_route=%2Fwp%2Fv2%2Fcategories&post=555042"},{"taxonomy":"post_tag","embeddable":true,"href":"https:\/\/www.diarioimagen.net\/index.php?rest_route=%2Fwp%2Fv2%2Ftags&post=555042"}],"curies":[{"name":"wp","href":"https:\/\/api.w.org\/{rel}","templated":true}]}}