{"id":555133,"date":"2022-08-01T00:01:29","date_gmt":"2022-08-01T05:01:29","guid":{"rendered":"https:\/\/www.diarioimagen.net\/?p=555133"},"modified":"2022-08-01T05:09:06","modified_gmt":"2022-08-01T10:09:06","slug":"tulancingo-es-duena-de-encanto-que-seduce-gracias-a-la-hospitalidad-de-su-gente","status":"publish","type":"post","link":"https:\/\/www.diarioimagen.net\/?p=555133","title":{"rendered":"Tulancingo, es due\u00f1a de encanto que seduce gracias a la hospitalidad de su gente"},"content":{"rendered":"<h2>De cinco estrellas<\/h2>\n<h5>Victoria Gonz\u00e1lez Prado<\/h5>\n<p>&nbsp;<\/p>\n<ul>\n<li><strong><em>\u00a1Aqu\u00ed nos vemos!, inici\u00f3 la feria y lleg\u00f3 con nuevos y fuertes aires para mostrar su grandeza y tradiciones <\/em><\/strong><\/li>\n<li><strong><em>Con una inversi\u00f3n de 22 millones de d\u00f3lares, inici\u00f3 la construcci\u00f3n de la Terminal de cruceros Saman\u00e1 Bayport, en Rep\u00fablica Dominicana<\/em><\/strong><\/li>\n<\/ul>\n<p>&nbsp;<\/p>\n<div id=\"attachment_555229\" style=\"width: 470px\" class=\"wp-caption aligncenter\"><a href=\"https:\/\/www.diarioimagen.net\/?attachment_id=555229\" rel=\"attachment wp-att-555229\"><img loading=\"lazy\" decoding=\"async\" aria-describedby=\"caption-attachment-555229\" class=\"size-full wp-image-555229\" src=\"https:\/\/www.diarioimagen.net\/wp-content\/uploads\/2022\/08\/turismo.jpg\" alt=\"\" width=\"460\" height=\"270\" \/><\/a><p id=\"caption-attachment-555229\" class=\"wp-caption-text\">Al centro, el presidente municipal Jorge M\u00e1rquez, su esposa Yolanda y periodistas de la Ciudad de M\u00e9xico.<\/p><\/div>\n<p>&nbsp;<\/p>\n<p><strong>Tulancingo, Hidalgo.\u2014<\/strong> \u00a1Aqu\u00ed nos vemos!, es el lema de la feria de esta ciudad que es due\u00f1a de encanto que seduce gracias a la hospitalidad de su gente, la grandeza de sus tradiciones, su excelente gastronom\u00eda y mucho m\u00e1s. Es la fiesta m\u00e1s importante de la entidad, la que deja mayor derrama econ\u00f3mica y luego de dos a\u00f1os sin realizarse lleg\u00f3 con nuevos y fuertes aires, seguramente procedentes de la Bella Airosa \u2014Pachuca\u2014 y dejar\u00e1 remolino de felicidad para sus habitantes y visitantes.<\/p>\n<p>Este a\u00f1o cuentan con stands de Brasil, Cuba, Hungr\u00eda, Marruecos y Rep\u00fablica Checa. El viernes pasado, fue inaugurada por el alcalde <strong>Jorge Marquez Alvarado<\/strong>; el presidente del patronato, <strong>Pedro Escudero<\/strong>; otros funcionarios y personalidades y concluir\u00e1 el pr\u00f3ximo 14 de agosto. Excelente oportunidad para conocer la ciudad, que tiene interesantes atractivos, y recorrer las instalaciones de la feria.<\/p>\n<p>La pandemia por la Covid-19, tambi\u00e9n detuvo las actividades en Tulancingo y se convirti\u00f3 en la fiesta m\u00e1s esperada. A su regreso tiene diversas actividades, espect\u00e1culos y grandes artistas para entretener a ni\u00f1os y adultos con distintas actividades que ya se presentan en el Teatro del Pueblo. Hay pabellones: el cultural, educativo, artesanal y \u00e1rea ganadera. La intenci\u00f3n es reactivar la econom\u00eda de los tulancinguenses. El costo de entrada es de 60 pesos por persona y pueden disfrutar del Teatro del Pueblo, la pista de patinaje sobre hielo, todos los juegos mec\u00e1nicos, la granja interactiva, torneo charro y escaramuzas, la rueda de la fortuna de 35 metros de altura y la rueda Infantil, opciones para las familias como <em>The greatest Circus Show,<\/em> donde la magia, m\u00fasica, imaginaci\u00f3n y acrobacias son parte del espect\u00e1culo que rescata la tradici\u00f3n circense.<\/p>\n<p><strong>Gloria Trevi<\/strong>, se present\u00f3 en el primer d\u00eda de feria con sus famosos \u00e9xitos: \u201cTodos me miran\u201d, \u201cNo quer\u00edas lastimarme\u201d, y \u201cPelo suelto\u201d, \u201cEsa hembra es mala\u201d, \u201cVestida de az\u00facar\u201d, \u201cVivir sin miedo\u201d, entre otros. En el Teatro del Pueblo se presentar\u00e1n artistas como: R\u00edo Roma, Kumbia Kings, Factor\u00eda, Motel, Kinky y Juli\u00f3n \u00c1lvarez.<\/p>\n<p>No menos importante es el Foro Cultural donde se compagina la experiencia y talento de artistas ya reconocidos, con exponentes que inician su carrera y buscan dar a conocer sus propuestas en m\u00fasica, baile y otras expresiones. La denominada zona <em>selfie<\/em>, espacio de mucho color, creado para que todo el que visite la expo, se lleve la fotograf\u00eda del recuerdo.<\/p>\n<p>No podemos dejar de mencionar que durante la Feria Tulancingo 2022, se lleva a cabo la celebraci\u00f3n de la Virgen de los Angelitos \u2013ma\u00f1ana 2 de agosto\u2013- es la \u201cFiesta Grande\u201d, que por cierto en 2020 se llev\u00f3 a cabo junto con la conmemoraci\u00f3n de los 250 a\u00f1os de la celebraci\u00f3n de la Se\u00f1ora de los \u00c1ngeles, patrona de la Arquidi\u00f3cesis. La fiesta fue distinta. Se trasmitieron misas por redes sociales y solo algunas personas llegaron a dejar flores, cumplir mandas y pedir favores a la virgen, que dicen es muy milagrosa.<\/p>\n<p>Este a\u00f1o, ma\u00f1ana martes ser\u00e1 ma\u00f1ana la fiesta y de esas costumbres que nadie sabe por qu\u00e9 surgieron est\u00e1 la de comprar un jarrito de barro o cer\u00e1mica y poner el nombre de la persona a quien se lo vas a regalar y coleccionarlo.<\/p>\n<p>El presidente municipal, <strong>Jorge M\u00e1rquez Alvarado<\/strong>, dijo que en 2019 se recibieron 300 mil asistentes durante los d\u00edas de fiesta y este 2022 se espera lleguen visitantes de lugares cercanos como Cuautepec de Hinojosa, Huasca de Ocampo, Ciudad Sahag\u00fan, Pachuca e incluso desde la Ciudad de M\u00e9xico \u2013a s\u00f3lo una hora y media de viaje\u2013 por lo que esperan la feria dejar\u00e1 a diversas unidades econ\u00f3micas del municipio derrama econ\u00f3mica sustancial, adem\u00e1s de superar el numero de visitantes de 2019.<\/p>\n<p>Y seguramente no ser\u00e1 de otra manera, todos, de una u otra forma, tienen sed de fiesta y en Tulancingo est\u00e1n dispuestos a disfrutar todos sus atrativos.<\/p>\n<p>\u2730\u2730\u2730\u2730\u2730 Con inversi\u00f3n de 22 millones de d\u00f3lares, Saman\u00e1 Bayport, recibir\u00e1 hasta 10 mil turistas diarios, generando 150 empleos directos y 500 indirectos, una vez concluida la construcci\u00f3n de la terminal de cruceros edificada por el sector privado, ah\u00ed en la provincia de Saman\u00e1.<\/p>\n<p><strong>Luis Abinader<\/strong>, presidente de la Rep\u00fablica Dominicana, coloc\u00f3 la primera piedra de lo que ser\u00e1 la terminal de cruceros de la provincia de Saman\u00e1 construida por el sector privado<\/p>\n<p>Con esa terminal, el pa\u00eds se ubica a la vanguardia de la oferta tur\u00edstica y de cruceros de la zona del Caribe. El nuevo puerto tendr\u00e1 capacidad de operar tres cruceros de hasta cinco mil pasajeros de forma simult\u00e1nea, con el m\u00ednimo posible de contaminaci\u00f3n visual e impacto ambiental.<\/p>\n<p>El director de la Autoridad Portuaria Dominicana, <strong>Jean Luis Rodr\u00edguez<\/strong>, destac\u00f3 la importancia de la obra para la pen\u00ednsula de Saman\u00e1, la cual tendr\u00e1 impacto econ\u00f3mico importante y garantizar\u00e1 el desarrollo de los residentes en ese territorio y zonas aleda\u00f1as.<\/p>\n<p>La nueva infraestructura contar\u00e1 con \u00e1rea comercial y de recreaci\u00f3n, establecimientos de alimentos y bebidas, centro de informaci\u00f3n al turista y de primeros auxilios, entre otros.<\/p>\n<p>&nbsp;<\/p>\n<blockquote>\n<p style=\"text-align: right;\">\u201c<strong>El<\/strong> <strong>\u00e1ngel de la fama tiene sus alas hechas de papel&#8230; peri\u00f3dico\u201d.<br \/>\n<\/strong><\/p>\n<\/blockquote>\n<p>&nbsp;<\/p>\n<p><em><span class=\"Apple-converted-space\"><a href=\"mailto:victoriagprado@gmail.com\" target=\"_blank\" rel=\"noopener noreferrer\">victoriagprado@gmail.com<\/a><br \/>\nTwitter: <a href=\"https:\/\/twitter.com\/victoriagprado\" target=\"_blank\" rel=\"noopener noreferrer\">@victoriagprado<\/a><\/span><\/em><\/p>\n","protected":false},"excerpt":{"rendered":"<p>\u00a1Aqu\u00ed nos vemos!, es el lema de la feria de esta ciudad que es due\u00f1a de encanto que seduce gracias a la hospitalidad de su gente, la grandeza de sus tradiciones, su excelente gastronom\u00eda y mucho m\u00e1s. Es la fiesta m\u00e1s importante de la entidad, la que deja mayor derrama econ\u00f3mica y luego de dos a\u00f1os sin realizarse lleg\u00f3 con nuevos y fuertes aires, seguramente procedentes de la Bella Airosa \u2014Pachuca\u2014 y dejar\u00e1 remolino de felicidad para sus habitantes y visitantes.<\/p>\n","protected":false},"author":3,"featured_media":555229,"comment_status":"open","ping_status":"open","sticky":false,"template":"","format":"standard","meta":{"_monsterinsights_skip_tracking":false,"_monsterinsights_sitenote_active":false,"_monsterinsights_sitenote_note":"","_monsterinsights_sitenote_category":0,"footnotes":""},"categories":[11],"tags":[107,43674,43681,106],"class_list":["post-555133","post","type-post","status-publish","format-standard","has-post-thumbnail","hentry","category-turismo","tag-de-cinco-estrellas","tag-opinion","tag-turismo","tag-victoria-gonzalez-prado"],"_links":{"self":[{"href":"https:\/\/www.diarioimagen.net\/index.php?rest_route=\/wp\/v2\/posts\/555133","targetHints":{"allow":["GET"]}}],"collection":[{"href":"https:\/\/www.diarioimagen.net\/index.php?rest_route=\/wp\/v2\/posts"}],"about":[{"href":"https:\/\/www.diarioimagen.net\/index.php?rest_route=\/wp\/v2\/types\/post"}],"author":[{"embeddable":true,"href":"https:\/\/www.diarioimagen.net\/index.php?rest_route=\/wp\/v2\/users\/3"}],"replies":[{"embeddable":true,"href":"https:\/\/www.diarioimagen.net\/index.php?rest_route=%2Fwp%2Fv2%2Fcomments&post=555133"}],"version-history":[{"count":0,"href":"https:\/\/www.diarioimagen.net\/index.php?rest_route=\/wp\/v2\/posts\/555133\/revisions"}],"wp:featuredmedia":[{"embeddable":true,"href":"https:\/\/www.diarioimagen.net\/index.php?rest_route=\/wp\/v2\/media\/555229"}],"wp:attachment":[{"href":"https:\/\/www.diarioimagen.net\/index.php?rest_route=%2Fwp%2Fv2%2Fmedia&parent=555133"}],"wp:term":[{"taxonomy":"category","embeddable":true,"href":"https:\/\/www.diarioimagen.net\/index.php?rest_route=%2Fwp%2Fv2%2Fcategories&post=555133"},{"taxonomy":"post_tag","embeddable":true,"href":"https:\/\/www.diarioimagen.net\/index.php?rest_route=%2Fwp%2Fv2%2Ftags&post=555133"}],"curies":[{"name":"wp","href":"https:\/\/api.w.org\/{rel}","templated":true}]}}