{"id":555150,"date":"2022-08-01T00:02:48","date_gmt":"2022-08-01T05:02:48","guid":{"rendered":"https:\/\/www.diarioimagen.net\/?p=555150"},"modified":"2022-08-01T06:00:35","modified_gmt":"2022-08-01T11:00:35","slug":"secretarias-maquinaria-del-gobierno-lider-general-del-suteym-naucalpan-tomas-palomares-parra","status":"publish","type":"post","link":"https:\/\/www.diarioimagen.net\/?p=555150","title":{"rendered":"Secretarias, maquinaria del gobierno: l\u00edder general del SUTEyM-Naucalpan, Tom\u00e1s Palomares\u00a0Parra"},"content":{"rendered":"<p>&nbsp;<\/p>\n<ul>\n<li style=\"text-align: justify;\"><strong><em>Destaca su dedicaci\u00f3n y responsabilidad<\/em><\/strong><\/li>\n<\/ul>\n<p>&nbsp;<\/p>\n<h6>Arturo Baena<strong><br \/>\n<\/strong><\/h6>\n<p>&nbsp;<\/p>\n<div id=\"attachment_555255\" style=\"width: 470px\" class=\"wp-caption aligncenter\"><a href=\"https:\/\/www.diarioimagen.net\/?attachment_id=555255\" rel=\"attachment wp-att-555255\"><img loading=\"lazy\" decoding=\"async\" aria-describedby=\"caption-attachment-555255\" class=\"size-full wp-image-555255\" src=\"https:\/\/www.diarioimagen.net\/wp-content\/uploads\/2022\/08\/edomex.jpg\" alt=\"\" width=\"460\" height=\"270\" \/><\/a><p id=\"caption-attachment-555255\" class=\"wp-caption-text\">Tom\u00e1s Palomares Parra, secretario general del SUTEyM, secci\u00f3n Naucalpan,\u00a0 reconoci\u00f3 el alto compromiso de las secretarias en el marco de la celebraci\u00f3n de su d\u00eda, llevado a cabo en el Centro de Exposiciones y Ferias (CEFE), del Parque Naucalli.<\/p><\/div>\n<p>&nbsp;<\/p>\n<p><strong>Naucalpan, Estado de M\u00e9xico.\u2014<\/strong> El secretario general del SUTEyM, secci\u00f3n Naucalpan, Tom\u00e1s Palomares Parra, reconoci\u00f3 el alto compromiso de las secretarias, de quienes afirm\u00f3 son la maquinaria del gobierno municipal.<\/p>\n<p>Subray\u00f3 el esfuerzo, la dedicaci\u00f3n y responsabilidad en el trabajo que realizan a diario en las oficinas p\u00fablicas, y m\u00e1s a\u00fan, aquellas que asumen un doble rol, en la estructura de gobierno y en el hogar, y agradeci\u00f3 su lealtad a\u00fan y en los momentos m\u00e1s dif\u00edciles de la pandemia que las oblig\u00f3 a explorar otras rutas labores desde su casa a trav\u00e9s de los medios digitales.<\/p>\n<p>En el marco del D\u00eda de la Secretaria, llevado a cabo en el Centro de Exposiciones y Ferias (CEFE), del Parque Naucalli, el l\u00edder sindical, tambi\u00e9n hizo un llamado al \u00d3rgano de Fiscalizaci\u00f3n del Congreso del estado de M\u00e9xico (OSFEM), a asumir su responsabilidad y audite al gobierno morenista de la ex alcaldesa, Patricia Dur\u00e1n Reveles.<\/p>\n<p>En presencia de la alcaldesa, Ang\u00e9lica Moya Mar\u00edn; del diputado local, David Parra S\u00e1nchez; y de Jes\u00fas C\u00e9sar Esqueda Tapia, representante de Herminio Cahue, secretario en la entidad, enfatiz\u00f3 que los agravios a la organizaci\u00f3n fueron tr\u00e1gicos, en donde hered\u00f3 una hacienda p\u00fablica en el desastre financiero.<\/p>\n<p>Por otra parte, convoc\u00f3 a los m\u00e1s de 8 mil trabajadores e igualmente a sus familias, a la construcci\u00f3n de un amplio bloque opositor constituido por m\u00e1s de 32 mil ciudadanos a evitar que \u201cel mal gobierno morenista y mentiroso, corrupto y de cuarta\u201d, pretenda regresar a la gerencia.<\/p>\n<p>\u201cNo vamos a permitir, que vuelvan a saquear, devastar y endeudar a Naucalpan e impactar en la comunidad, elevar la inseguridad y romper dram\u00e1ticamente el tejido social\u201d, apunt\u00f3.<\/p>\n<p>Tom\u00e1s pidi\u00f3 a la base de trabajadores sindicalizados a participar y apoyar la gesti\u00f3n p\u00fablica de la mun\u00edcipe, Ang\u00e9lica Moya, para volver y recuperar el brillo de la \u201cjoya de la corona\u201d.<\/p>\n","protected":false},"excerpt":{"rendered":"<p>El secretario general del SUTEyM, secci\u00f3n Naucalpan, Tom\u00e1s Palomares Parra, reconoci\u00f3 el alto compromiso de las secretarias, de quienes afirm\u00f3 son la maquinaria del gobierno municipal.<\/p>\n","protected":false},"author":3,"featured_media":555255,"comment_status":"open","ping_status":"open","sticky":false,"template":"","format":"standard","meta":{"_monsterinsights_skip_tracking":false,"_monsterinsights_sitenote_active":false,"_monsterinsights_sitenote_note":"","_monsterinsights_sitenote_category":0,"footnotes":""},"categories":[5],"tags":[2572,56429],"class_list":["post-555150","post","type-post","status-publish","format-standard","has-post-thumbnail","hentry","category-estado-de-mexico","tag-suteym","tag-tomas-palomares-parra"],"_links":{"self":[{"href":"https:\/\/www.diarioimagen.net\/index.php?rest_route=\/wp\/v2\/posts\/555150","targetHints":{"allow":["GET"]}}],"collection":[{"href":"https:\/\/www.diarioimagen.net\/index.php?rest_route=\/wp\/v2\/posts"}],"about":[{"href":"https:\/\/www.diarioimagen.net\/index.php?rest_route=\/wp\/v2\/types\/post"}],"author":[{"embeddable":true,"href":"https:\/\/www.diarioimagen.net\/index.php?rest_route=\/wp\/v2\/users\/3"}],"replies":[{"embeddable":true,"href":"https:\/\/www.diarioimagen.net\/index.php?rest_route=%2Fwp%2Fv2%2Fcomments&post=555150"}],"version-history":[{"count":0,"href":"https:\/\/www.diarioimagen.net\/index.php?rest_route=\/wp\/v2\/posts\/555150\/revisions"}],"wp:featuredmedia":[{"embeddable":true,"href":"https:\/\/www.diarioimagen.net\/index.php?rest_route=\/wp\/v2\/media\/555255"}],"wp:attachment":[{"href":"https:\/\/www.diarioimagen.net\/index.php?rest_route=%2Fwp%2Fv2%2Fmedia&parent=555150"}],"wp:term":[{"taxonomy":"category","embeddable":true,"href":"https:\/\/www.diarioimagen.net\/index.php?rest_route=%2Fwp%2Fv2%2Fcategories&post=555150"},{"taxonomy":"post_tag","embeddable":true,"href":"https:\/\/www.diarioimagen.net\/index.php?rest_route=%2Fwp%2Fv2%2Ftags&post=555150"}],"curies":[{"name":"wp","href":"https:\/\/api.w.org\/{rel}","templated":true}]}}