{"id":555152,"date":"2022-08-01T00:01:09","date_gmt":"2022-08-01T05:01:09","guid":{"rendered":"https:\/\/www.diarioimagen.net\/?p=555152"},"modified":"2022-08-01T06:01:56","modified_gmt":"2022-08-01T11:01:56","slug":"agravia-a-militancia-morenista-intento-de-reeleccion-del-dirigente-mario-delgado","status":"publish","type":"post","link":"https:\/\/www.diarioimagen.net\/?p=555152","title":{"rendered":"Agravia a militancia morenista intento de reelecci\u00f3n del dirigente Mario Delgado\u00a0"},"content":{"rendered":"<p>&nbsp;<\/p>\n<ul>\n<li><em><strong>Descontento en Edomex<\/strong><\/em><\/li>\n<\/ul>\n<p>&nbsp;<\/p>\n<div id=\"attachment_555257\" style=\"width: 470px\" class=\"wp-caption aligncenter\"><a href=\"https:\/\/www.diarioimagen.net\/?attachment_id=555257\" rel=\"attachment wp-att-555257\"><img loading=\"lazy\" decoding=\"async\" aria-describedby=\"caption-attachment-555257\" class=\"wp-image-555257 size-full\" src=\"https:\/\/www.diarioimagen.net\/wp-content\/uploads\/2022\/08\/mario-delgado.jpg\" alt=\"\" width=\"460\" height=\"270\" \/><\/a><p id=\"caption-attachment-555257\" class=\"wp-caption-text\">Mario Delgado Carrillo, l\u00edder nacional de Morena.<\/p><\/div>\n<p>&nbsp;<\/p>\n<p><strong>Valle de M\u00e9xico.\u2014<\/strong> Gran descontento ha causado entre la militancia de Morena en el Estado de M\u00e9xico, saber que su dirigente nacional, Mario Delgado Carrillo, buscar\u00e1 reelegirse en el cargo pese, a la adversidad que existe en su contra debido al mal papel que al interior del \u00f3rgano pol\u00edtico ha jugado, independientemente de los diversos se\u00f1alamientos que existen en su contra.<\/p>\n<p>Ante ello, consejeros nacionales y estatales del partido en el poder han destacado la necesidad de que organismos internacionales como \u201cla DEA, el FBI y la CIA, sepan de estas pretensiones de alguien que quiere seguir en el poder pese a su relaci\u00f3n con el crimen organizado as\u00ed como algunos personajes cercanos a \u00e9l y quienes tambi\u00e9n tomaron el mismo camino\u201d, dijeron.<\/p>\n<p>Tras se\u00f1alar que el l\u00edder partidista s\u00f3lo atiende las indicaciones \u201cde arriba\u201d y de quienes lo mantienen en el cargo, los denunciantes establecieron que \u201cya se vio demasiado obvio que su p\u00e9simo desempe\u00f1o como l\u00edder del partido les vale y no existen ecos de los reclamos del pueblo, de sus consejeros, ni de los grandes empresarios quienes han visto amenazadas sus inversiones, e incluso del mismo Poder Judicial, del INE\u201d.<\/p>\n","protected":false},"excerpt":{"rendered":"<p>Gran descontento ha causado entre la militancia de Morena en el Estado de M\u00e9xico, saber que su dirigente nacional, Mario Delgado Carrillo, buscar\u00e1 reelegirse en el cargo pese, a la adversidad que existe en su contra debido al mal papel que al interior del \u00f3rgano pol\u00edtico ha jugado, independientemente de los diversos se\u00f1alamientos que existen en su contra.<\/p>\n","protected":false},"author":3,"featured_media":555257,"comment_status":"open","ping_status":"open","sticky":false,"template":"","format":"standard","meta":{"_monsterinsights_skip_tracking":false,"_monsterinsights_sitenote_active":false,"_monsterinsights_sitenote_note":"","_monsterinsights_sitenote_category":0,"footnotes":""},"categories":[5],"tags":[66569,67941,1410],"class_list":["post-555152","post","type-post","status-publish","format-standard","has-post-thumbnail","hentry","category-estado-de-mexico","tag-dirigente","tag-militancia","tag-reeleccion"],"_links":{"self":[{"href":"https:\/\/www.diarioimagen.net\/index.php?rest_route=\/wp\/v2\/posts\/555152","targetHints":{"allow":["GET"]}}],"collection":[{"href":"https:\/\/www.diarioimagen.net\/index.php?rest_route=\/wp\/v2\/posts"}],"about":[{"href":"https:\/\/www.diarioimagen.net\/index.php?rest_route=\/wp\/v2\/types\/post"}],"author":[{"embeddable":true,"href":"https:\/\/www.diarioimagen.net\/index.php?rest_route=\/wp\/v2\/users\/3"}],"replies":[{"embeddable":true,"href":"https:\/\/www.diarioimagen.net\/index.php?rest_route=%2Fwp%2Fv2%2Fcomments&post=555152"}],"version-history":[{"count":0,"href":"https:\/\/www.diarioimagen.net\/index.php?rest_route=\/wp\/v2\/posts\/555152\/revisions"}],"wp:featuredmedia":[{"embeddable":true,"href":"https:\/\/www.diarioimagen.net\/index.php?rest_route=\/wp\/v2\/media\/555257"}],"wp:attachment":[{"href":"https:\/\/www.diarioimagen.net\/index.php?rest_route=%2Fwp%2Fv2%2Fmedia&parent=555152"}],"wp:term":[{"taxonomy":"category","embeddable":true,"href":"https:\/\/www.diarioimagen.net\/index.php?rest_route=%2Fwp%2Fv2%2Fcategories&post=555152"},{"taxonomy":"post_tag","embeddable":true,"href":"https:\/\/www.diarioimagen.net\/index.php?rest_route=%2Fwp%2Fv2%2Ftags&post=555152"}],"curies":[{"name":"wp","href":"https:\/\/api.w.org\/{rel}","templated":true}]}}