{"id":555194,"date":"2022-08-01T00:02:22","date_gmt":"2022-08-01T05:02:22","guid":{"rendered":"https:\/\/www.diarioimagen.net\/?p=555194"},"modified":"2022-08-01T04:36:15","modified_gmt":"2022-08-01T09:36:15","slug":"mario-delgado-con-el-agua-al-cuello-su-dirigencia-se-tambalea","status":"publish","type":"post","link":"https:\/\/www.diarioimagen.net\/?p=555194","title":{"rendered":"Mario Delgado, con el agua al cuello; su dirigencia se tambalea"},"content":{"rendered":"<h2>La Retaguardia<\/h2>\n<h5>Adriana Moreno Cordero<\/h5>\n<p>&nbsp;<\/p>\n<ul>\n<li><strong><em>Elecci\u00f3n de congresistas en Morena, un cochinero<\/em><\/strong><\/li>\n<\/ul>\n<p><em>\u00a0<\/em><\/p>\n<p>El saldo de este fin de semana, es que el dirigente nacional de Morena,\u00a0<strong>Mario Mart\u00edn Delgado<\/strong>, entr\u00f3 en una de sus peores crisis y eso est\u00e1 pr\u00e1cticamente tambaleando su liderazgo al frente del partido oficial, pues resulta que la elecci\u00f3n, supuestamente abierta a toda la militancia para seleccionar a quienes integrar\u00e1n el Congreso Nacional de ese partido -alrededor de tres mil-, fue todo un cochinero y haciendo gala de las pr\u00e1cticas m\u00e1s a\u00f1ejas del priismo de la d\u00e9cada de los setenta.<\/p>\n<p>La fractura y la divisi\u00f3n se acentuaron luego de este proceso en el que las \u201cpatadas por debajo de la mesa\u201d empezaron desde mucho antes y la iniciaron ni m\u00e1s ni menos que las \u201ccorcholatas y corcholatos\u201d, meti\u00e9ndose el pie entre ellos y descalificando al contrario. Ah\u00ed est\u00e1 como ejemplo que dejaron afuera del congreso nacional del partido oficial, a todos los seguidores del presidente de la Junta de Coordinaci\u00f3n Pol\u00edtica del Senado de la Rep\u00fablica, <strong>Ricardo Monreal<\/strong>, a quien la jefa del Gobierno de la Ciudad de M\u00e9xico, <strong>Claudia Sheinbaum<\/strong>, ha convertido en su m\u00e1s ac\u00e9rrimo enemigo, al igual que al secretario de Relaciones Exteriores, <strong>Marcelo Ebrard<\/strong>, quien, para tener m\u00e1s margen de acci\u00f3n al seno de Morena, termin\u00f3 por afiliarse, no as\u00ed la presidenta de la Mesa Directiva de la C\u00e1mara Alta, <strong>Olga S\u00e1nchez Cordero<\/strong>, que ni \u201ccorcholata\u201d es.<\/p>\n<p>Los llamados de Delgado Carrillo se perdieron en la inmensidad de una militancia por dem\u00e1s enfrentada, as\u00ed que de \u201cfiesta democr\u00e1tica\u201d, Morena pas\u00f3 a exhibir sus m\u00e1s sucias pr\u00e1cticas como la coacci\u00f3n del voto, la compra de \u00e9ste con entrega de despensas y dinero, hasta las amenazas de que si no se votaba por la persona ideal o sugerida, entonces se perder\u00edan todos los apoyos que como limosna, esta errada y llamada Cuarta Transformaci\u00f3n les dispensa a sus militantes.<\/p>\n<p>Ya con \u201cel agua hasta el cuello\u201d, el l\u00edder morenista anunci\u00f3 que en aquellos distritos donde se confirme que se<strong>\u00a0<\/strong>coaccion\u00f3 o compr\u00f3 el voto<strong>\u00a0<\/strong>se anular\u00e1 la elecci\u00f3n. Pues ya estuvo que el atribulado l\u00edder, tendr\u00e1 que invalidar todo el proceso.<\/p>\n<p>Pero adem\u00e1s, el dirigente partidista intent\u00f3 explicar que al\u00a0acarreo de votantes se le puede llamar as\u00ed solamente cuando a los ciudadanos se les haya obligado a sufragar por determinado candidato a congresista. Pero si \u00fanicamente se le ayud\u00f3 a transportarse \u201cpara que votaran en libertad\u201d, no se le puede llamar acarreo.<\/p>\n<p>Bueno, pues que alguien le avise a Mario Delgado que la elecci\u00f3n de congresistas se convirti\u00f3 en un carrusel de acarreados con y sin torta y aqu\u00ed valdr\u00eda preguntar: \u00bfQui\u00e9n pag\u00f3 todos esos veh\u00edculos que circularon por buena parte del pa\u00eds para \u201ctransportar\u201d a votantes?<\/p>\n<p>Y otra pregunta que tambi\u00e9n todos se hacen es: \u00bfC\u00f3mo estar\u00e1 la proceso de selecci\u00f3n del candidato presidencial de Morena? Lo m\u00e1s probable es que ser\u00e1 al triple o m\u00e1s, el cochinero del que har\u00e1n gala las huestes morenistas, que para ese momento estar\u00e1n todav\u00eda m\u00e1s divididas y puede, es lo m\u00e1s probable, con una serie de importantes bajas.<\/p>\n<p>La c\u00fapula del partido oficial no fue la excepci\u00f3n, as\u00ed que ellos no podr\u00edan poner el ejemplo de que se llev\u00f3 a cabo una \u201cfiesta democr\u00e1tica\u201d, al contrario. Y varios \u201cbotones\u201d hay de muestra.<\/p>\n<p>Por ejemplo, la feliz pareja que conforman <strong>John Ackerman<\/strong> y la ex secretaria de la Funci\u00f3n P\u00fablica, <strong>Irma Er\u00e9ndira Sandoval<\/strong>, denunciaron por las \u201cex benditas redes\u201d, la serie de ilegalidades que se cometieron en dicha jornada. Quiz\u00e1 lo que pretenda este grupo familiar tan arm\u00f3nico, sea resurgir de sus cenizas, luego de que la se\u00f1ora Sandoval Ballesteros sali\u00f3 del gabinete lopezobradorista y ambos, junto con <strong>Pablo Am\u00edlcar Sandoval<\/strong>, dejaron de estar en las preferencias de Palacio Nacional.<\/p>\n<p>Para poder sobresalir m\u00e1s, Ackerman se enfrent\u00f3 con uno de los m\u00e1s cercanos al presidente <strong>Andr\u00e9s Manuel L\u00f3pez Obrador<\/strong>, que ha recibido generosas d\u00e1divas de parte de esta errada y llamada Cuarta Transformaci\u00f3n: <strong>Epigmenio Ibarra<\/strong>, quien acus\u00f3 al esposo de la ex titular de la SFP de estar muy cerca del senador Ricardo Monreal. Entrel\u00edneas, puede leerse que la ruptura se acerca; m\u00e1s a\u00fan, luego de que el legislador zacatecano haya desafiado al partido oficial, tom\u00e1ndose una fotograf\u00eda ni m\u00e1s ni menos que con el ex gobernador de Michoac\u00e1n, <strong>Silvano Aureoles<\/strong>.<\/p>\n<p style=\"text-align: center;\"><strong>Municiones<\/strong><\/p>\n<p>*** De acuerdo al estudio elaborado por la Direcci\u00f3n General de Investigaci\u00f3n Estrat\u00e9gica del Instituto Belisario Dom\u00ednguez (IBD), denominado, \u201cHallazgos y recomendaciones del Comit\u00e9 contra la Desaparici\u00f3n Forzada de la ONU a M\u00e9xico\u201d, elaborada por Juan Manuel Rodr\u00edguez Carrillo y Susana Ram\u00edrez Hern\u00e1ndez, entre 1964 y hasta el 31 de mayo de 2022, se ten\u00edan registradas 100 mil 447 personas desaparecidas y no localizadas en M\u00e9xico de las cuales, el 83.7% ocurri\u00f3 en los \u00faltimos 16 a\u00f1os. \u00a0Dicha investigaci\u00f3n resalta que, en el periodo comprendido entre 2006 a mayo de 2022, las diez entidades que han registrado el mayor n\u00famero de personas desaparecidas y no localizadas son: Jalisco con 13 mil 339; Tamaulipas con 10 mil 594; Estado de M\u00e9xico con 6 mil 387; Nuevo Le\u00f3n con 5 mil 913; Sinaloa con 5 mil 112; Sonora con 4 mil 161; Michoac\u00e1n con 4 mil 100; Veracruz con 3 mil 961; Ciudad de M\u00e9xico con 3 mil 501 y Coahuila con 3 mil 287, que en su conjunto representan el 71.8% del total de las registradas.\u00a0El documento del IBD explica que, del 15 al 26 de noviembre del a\u00f1o pasado, el Comit\u00e9 contra la Desaparici\u00f3n Forzada de la Organizaci\u00f3n de las Naciones Unidas (CED, por sus siglas en ingl\u00e9s) visit\u00f3 nuestro pa\u00eds debido a la existencia de informaci\u00f3n que revela violaciones graves de las disposiciones de la Convenci\u00f3n Internacional para la Protecci\u00f3n de Todas las Personas contra la Desaparici\u00f3n Forzada.<\/p>\n<p>*** Los integrantes del grupo Parlamentario del PRI en la C\u00e1mara de Diputados, que coordina <strong>Rub\u00e9n Moreira<\/strong>, condenaron de manera contundente, la falsedad en las cifras que la Secretar\u00eda de Salud, encabezada por <strong>Jorge Alcocer Varela<\/strong>, ha dado a conocer en sus comunicados oficiales respecto al n\u00famero de fallecimientos por Covid-19, al tiempo que reprobaron el mal manejo de la pandemia que, desde sus inicios, ha dejado como consecuencia la muerte de m\u00e1s de 400 mil mexicanos. Lo anterior, despu\u00e9s de que el Instituto Nacional de Estad\u00edstica y Geograf\u00eda (Inegi) inform\u00f3 que en M\u00e9xico murieron en\u00a0 2021, un total de 424 mil 509 personas por el coronavirus, lo que significa m\u00e1s de 125 mil que las 299 mil 428 reportadas por las autoridades sanitarias de manera oficial. Abundaron los legisladores priistas que este subregistro da cuenta no s\u00f3lo de la incapacidad del gobierno para mantener un sistema de informaci\u00f3n robusto y confiable, que requiere una situaci\u00f3n de emergencia como la que estamos padeciendo a causa de la pandemia por Covid-19. Porque, ojo, todav\u00eda estamos en pandemia.<\/p>\n<p><u><a href=\"mailto:morcora@gmail.com\" target=\"_blank\" rel=\"noopener noreferrer\"><em>morcora@gmail.com<\/em><\/a><\/u><\/p>\n","protected":false},"excerpt":{"rendered":"<p><span style=\"color: #005497;\"><strong>Adriana Moreno Cordero<\/strong><\/span><\/p>\n","protected":false},"author":3,"featured_media":0,"comment_status":"open","ping_status":"open","sticky":false,"template":"","format":"standard","meta":{"_monsterinsights_skip_tracking":false,"_monsterinsights_sitenote_active":false,"_monsterinsights_sitenote_note":"","_monsterinsights_sitenote_category":0,"footnotes":""},"categories":[69370],"tags":[69369,69368],"class_list":["post-555194","post","type-post","status-publish","format-standard","hentry","category-adriana-moreno-cordero","tag-adriana-moreno-cordero","tag-la-retaguardia"],"_links":{"self":[{"href":"https:\/\/www.diarioimagen.net\/index.php?rest_route=\/wp\/v2\/posts\/555194","targetHints":{"allow":["GET"]}}],"collection":[{"href":"https:\/\/www.diarioimagen.net\/index.php?rest_route=\/wp\/v2\/posts"}],"about":[{"href":"https:\/\/www.diarioimagen.net\/index.php?rest_route=\/wp\/v2\/types\/post"}],"author":[{"embeddable":true,"href":"https:\/\/www.diarioimagen.net\/index.php?rest_route=\/wp\/v2\/users\/3"}],"replies":[{"embeddable":true,"href":"https:\/\/www.diarioimagen.net\/index.php?rest_route=%2Fwp%2Fv2%2Fcomments&post=555194"}],"version-history":[{"count":0,"href":"https:\/\/www.diarioimagen.net\/index.php?rest_route=\/wp\/v2\/posts\/555194\/revisions"}],"wp:attachment":[{"href":"https:\/\/www.diarioimagen.net\/index.php?rest_route=%2Fwp%2Fv2%2Fmedia&parent=555194"}],"wp:term":[{"taxonomy":"category","embeddable":true,"href":"https:\/\/www.diarioimagen.net\/index.php?rest_route=%2Fwp%2Fv2%2Fcategories&post=555194"},{"taxonomy":"post_tag","embeddable":true,"href":"https:\/\/www.diarioimagen.net\/index.php?rest_route=%2Fwp%2Fv2%2Ftags&post=555194"}],"curies":[{"name":"wp","href":"https:\/\/api.w.org\/{rel}","templated":true}]}}