{"id":555332,"date":"2022-08-02T00:08:41","date_gmt":"2022-08-02T05:08:41","guid":{"rendered":"https:\/\/www.diarioimagen.net\/?p=555332"},"modified":"2022-08-03T04:20:22","modified_gmt":"2022-08-03T09:20:22","slug":"las-elecciones-internas-en-morena","status":"publish","type":"post","link":"https:\/\/www.diarioimagen.net\/?p=555332","title":{"rendered":"Las elecciones internas en Morena"},"content":{"rendered":"<h2>Punto por punto<\/h2>\n<h5>Augusto Corro<\/h5>\n<p>&nbsp;<\/p>\n<p>Las elecciones del partido Movimiento de Regeneraci\u00f3n Nacional (Morena), el fin de semana, estuvieron manchadas por agresiones, acarreo, destrucci\u00f3n de urnas y condicionamientos de apoyos; es decir, lo que se ha practicado en la democracia mexicana desde hace varios sexenios.<\/p>\n<p>Esas innumerables irregularidades para designar a consejeros del partido en el poder fueron la misma manera como cuando el PRI era el partido todo poderoso y se val\u00edan toda clase de triqui\u00f1uelas.<\/p>\n<p>El entonces partido en el poder se las ingeniaba para arreglar, como se pudiera, sus conflictos internos y le sobraba energ\u00eda para enfrentar a los adversarios pol\u00edticos, que al final terminaron como ganadores.<\/p>\n<p>En Morena se dio una lucha interna, que de no encontrar una soluci\u00f3n adecuada, los conflictos podr\u00edan marcar el inicio de una guerra con el divisionismo, como meta, en esa organizaci\u00f3n pol\u00edtica.<\/p>\n<p>Sobran los ejemplos de partidos que no pudieron soportar el desgaste de la pol\u00edtica interna y terminaron con la desaparici\u00f3n del instituto pol\u00edtico o en v\u00edas de extinci\u00f3n.<\/p>\n<p>En uno de esos casos se encuentra el Partido de la Revoluci\u00f3n Democr\u00e1tica (PRD) que mientras mantuvo la unidad, sus triunfos pol\u00edticos fueron importantes.<\/p>\n<p>Se inici\u00f3 el desgaste de la organizaci\u00f3n debido a los conflictos internos y sus principales dirigentes abandonaron el perredismo. El partido del sol azteca qued\u00f3 en mano de l\u00edderes ambiciosos.<\/p>\n<p>Las tribus pol\u00edticas se multiplicaron, con sus luchas debilitaron al PRD que ahora se encuentra en v\u00edas de extinci\u00f3n; aliados en Va por M\u00e9xico, sin esperanza de cambio alguno.<\/p>\n<p>Los l\u00edderes Jes\u00fas Ortega y Jes\u00fas Zambrano, \u201cLos Chuchos\u201d, lograron mantenerse en el poder, pero se quedaron con una parte insignificante del partido. Militancias y dirigencias emigraron en busca de nuevos horizontes.<\/p>\n<p>Esos ex perredistas, incluido su l\u00edder moral, Cuauht\u00e9moc C\u00e1rdenas, no pudo o no quiso limpiar al PRD de gente conflictiva. El propio L\u00f3pez Obrador, abandon\u00f3 el perredismo.<\/p>\n<p>En la misma situaci\u00f3n estuvo Alejandro Encinas y el propio Porfirio Mu\u00f1oz Ledo, ahora despreciado por los morenistas. El divisionismo, pues, llev\u00f3 a dirigentes experimentados a renunciar al PRD.<\/p>\n<p>Cabe preguntar d\u00f3nde quedaron las llamadas tribus.<\/p>\n<p><strong>Los pleitos anunciados<\/strong><\/p>\n<p>D\u00edas antes las mencionadas elecciones ya se comentaban las probables diferencias que surgir\u00edan el fin de semana.\u00a0 Sin embargo, Mario Delgado desatendi\u00f3 o no le dio importancia a las informaciones de descontento de los militantes guindas. Y ocurri\u00f3 lo anunciado, surgieron las inconformidades en varios lugares de la Rep\u00fablica.<\/p>\n<p>Los morenistas descontentos tuvieron el fin de semana para mostrarse de diferentes maneras; y aflor\u00f3 la falta de manejo pol\u00edtico.<\/p>\n<p>En las filas de electores estaban formados acarreados, gente que no sab\u00eda a que la hab\u00edan llevado.<\/p>\n<p>Otros recibieron dinero a cambio del voto. No faltaron los hechos violentos, propios de la falta de orientaci\u00f3n pol\u00edtica y de ambiciones de poder.\u00a0 En t\u00e9rminos generales, como se\u00f1alamos l\u00edneas arriba, las elecciones internas morenistas fueron una copia fiel de las peores pr\u00e1cticas priistas.<\/p>\n<p>Trascendi\u00f3 que algunos ya fueron o van a denunciarlos ante las autoridades electorales con el prop\u00f3sito de que los anulen.<\/p>\n<p>No faltaron las pugnas entre los morenistas distinguidos: John Ackerman y Epigmenio Ibarra.<\/p>\n<p>Ackerman acus\u00f3 a los guindas de acarreo, fraude, embarazo de urnas, boletas ap\u00f3crifas y hasta de haber sido detenido por militantes de su partido.<\/p>\n<p>Epigmenio, en tono de quejumbre, le dijo a Ackerman que estaba muy cerca de Ricardo Monreal y lejos de AMLO. La otra historia es que el senador Monreal se convirti\u00f3 en \u201cave de tempestades\u201d al no ser tomado en cuenta por el presidente L\u00f3pez Obrador, como una de las \u201ccorcholatas\u201d, es decir de presuntos aspirantes a la contienda federal presidencial de 2024.<\/p>\n<p>Dijo el legislador zacatecano que no participar\u00eda en las elecciones de los morenistas.<\/p>\n<p>Textualmente declar\u00f3: \u201cPor respeto y solidaridad a los fundadores y a los militantes que fueron excluidos del proceso interno de Morena o aquellos que dejaron de participar; pero que est\u00e1 ya muy preconfigurada la resoluci\u00f3n y el resultado de este proceso: no decid\u00ed participar\u201d.<\/p>\n<p>Al buen entendedor\u2026<\/p>\n<p>\u00bfUsted qu\u00e9 opina amable lector?<\/p>\n<p><a href=\"mailto:aco2742@hotmail.com\" target=\"_blank\" rel=\"noopener noreferrer\"><em>aco2742@hotmail.com<\/em><\/a><\/p>\n","protected":false},"excerpt":{"rendered":"<p><span style=\"color: #005497;\"><strong>Augusto Corro<\/strong><\/span><\/p>\n","protected":false},"author":3,"featured_media":0,"comment_status":"open","ping_status":"open","sticky":false,"template":"","format":"standard","meta":{"_monsterinsights_skip_tracking":false,"_monsterinsights_sitenote_active":false,"_monsterinsights_sitenote_note":"","_monsterinsights_sitenote_category":0,"footnotes":""},"categories":[157],"tags":[43686,43674,11515],"class_list":["post-555332","post","type-post","status-publish","format-standard","hentry","category-augusto-corro","tag-augusto-corro","tag-opinion","tag-punto-por-punto"],"_links":{"self":[{"href":"https:\/\/www.diarioimagen.net\/index.php?rest_route=\/wp\/v2\/posts\/555332","targetHints":{"allow":["GET"]}}],"collection":[{"href":"https:\/\/www.diarioimagen.net\/index.php?rest_route=\/wp\/v2\/posts"}],"about":[{"href":"https:\/\/www.diarioimagen.net\/index.php?rest_route=\/wp\/v2\/types\/post"}],"author":[{"embeddable":true,"href":"https:\/\/www.diarioimagen.net\/index.php?rest_route=\/wp\/v2\/users\/3"}],"replies":[{"embeddable":true,"href":"https:\/\/www.diarioimagen.net\/index.php?rest_route=%2Fwp%2Fv2%2Fcomments&post=555332"}],"version-history":[{"count":0,"href":"https:\/\/www.diarioimagen.net\/index.php?rest_route=\/wp\/v2\/posts\/555332\/revisions"}],"wp:attachment":[{"href":"https:\/\/www.diarioimagen.net\/index.php?rest_route=%2Fwp%2Fv2%2Fmedia&parent=555332"}],"wp:term":[{"taxonomy":"category","embeddable":true,"href":"https:\/\/www.diarioimagen.net\/index.php?rest_route=%2Fwp%2Fv2%2Fcategories&post=555332"},{"taxonomy":"post_tag","embeddable":true,"href":"https:\/\/www.diarioimagen.net\/index.php?rest_route=%2Fwp%2Fv2%2Ftags&post=555332"}],"curies":[{"name":"wp","href":"https:\/\/api.w.org\/{rel}","templated":true}]}}