{"id":555507,"date":"2022-08-03T00:02:46","date_gmt":"2022-08-03T05:02:46","guid":{"rendered":"https:\/\/www.diarioimagen.net\/?p=555507"},"modified":"2022-08-03T04:06:20","modified_gmt":"2022-08-03T09:06:20","slug":"tv-azteca-imparable-cumple-29-anos","status":"publish","type":"post","link":"https:\/\/www.diarioimagen.net\/?p=555507","title":{"rendered":"TV Azteca, imparable, cumple 29 a\u00f1os"},"content":{"rendered":"<h2>La Retaguardia<\/h2>\n<h5>Adriana Moreno Cordero<\/h5>\n<p>&nbsp;<\/p>\n<ul>\n<li><strong><em>La gobernadora Layda Sansores y su est\u00e9ril primer \u201cinforme del jaguar\u201d<\/em><\/strong><\/li>\n<\/ul>\n<p>&nbsp;<\/p>\n<p>Una fecha muy especial se conmemora, ya que TV Azteca est\u00e1 Imparable, siempre buscando los mejores contenidos para su numerosa audiencia y estar acorde con la modernidad, cumple 29 a\u00f1os de informar y entretener los hogares de M\u00e9xico<\/p>\n<p>La televisora del Ajusco est\u00e1 de fiesta porque cumple 29 a\u00f1os de transformar y refrescar la televisi\u00f3n abierta con el mejor contenido para informar y entretener al p\u00fablico mexicano. As\u00ed, desde el 2 de agosto de 1993, TV Azteca se ha mantenido como uno de los mayores productores y distribuidores de contenido para la televisi\u00f3n en espa\u00f1ol, no s\u00f3lo en M\u00e9xico, sino tambi\u00e9n en el mundo entero.<\/p>\n<p>En ese marco, <strong>Benjam\u00edn Salinas Sada<\/strong>, vicepresidente del Consejo de Administraci\u00f3n de <strong>Grupo Salinas<\/strong>, encabeza la consolidaci\u00f3n de TV Azteca que hoy es l\u00edder en innovaci\u00f3n de la industria, logrando llegar a todas las plataformas digitales.<\/p>\n<p>Haciendo un recuento, a lo largo de su constante y exitosa historia, TV Azteca ha logrado impactar a todos los segmentos de la teleaudiencia, llegando a 99% de los hogares mexicanos con el mejor contenido de entrenamiento, deportes y noticias de la televisi\u00f3n.<\/p>\n<p>Asimismo, esta televisora siempre se ha caracterizado por ir siempre a la vanguardia, renovando su estrategia digital con formatos disruptivos de gran \u00e9xito y los datos duros hablan por s\u00ed solos, ya que uno de cada 2 mexicanos con acceso a internet, consume TV Azteca en plataformas digitales, por lo que puede destacarse que la televisora del Ajusco ha sabido entrar a las diferentes redes sociales y colocarse en la preferencia, por lo que ha<\/p>\n<p>sumado m\u00e1s de 150 millones de seguidores y adem\u00e1s, tiene una alianza comercial muy importante con la plataforma TikTok.<\/p>\n<p>Es as\u00ed como TV Azteca llega a sus 29 a\u00f1os, siendo imparable en cada una de sus f\u00e1bricas y va por m\u00e1s. Felicitaciones por este aniversario y enhorabuena por los retos por venir de los que seguramente saldr\u00e1 adelante.<\/p>\n<p>Y en otro tema totalmente diferente, ayer, la gobernadora de Campeche, <strong>Layda Sansores<\/strong>, no deleit\u00f3 a su numerosa audiencia con su \u201cshow c\u00f3mico m\u00e1gico y musical\u201d denominado \u201cMartes del Jaguar\u201d. Por las \u201cex benditas redes sociales\u201d, explic\u00f3 a quienes llam\u00f3 sus \u201csobrinos\u201d que est\u00e1 trabajando intensamente en preparar su Primer Informe de Gobierno, lo cual resulta extra\u00f1o porque ella misma anunci\u00f3 que en esta rendici\u00f3n de cuentas, que se llevar\u00e1 a cabo el 11 de agosto, no hay rendici\u00f3n alguna ni se har\u00e1n anuncios importantes. O sea, s\u00f3lo har\u00e1 un diagn\u00f3stico sobre la situaci\u00f3n del estado.<\/p>\n<p>En este tenor, lo raro ser\u00eda que la mandataria estatal no recurriera al mismo gastado recurso que pr\u00e1cticamente a diario utiliza el presidente <strong>Andr\u00e9s Manuel L\u00f3pez Obrador<\/strong>; entonces, la animadora del \u201cMartes del Jaguar\u201d aprovechar\u00e1 para arremeter en contra del dirigente nacional del PRI, <strong>Alejandro Moreno C\u00e1rdenas,<\/strong> y dir\u00e1 que le dejaron la entidad revuelta y en el caos. Puede que hasta agregue que el culpable de ese presunto desastre es ni m\u00e1s ni menos que el ex presidente <strong>Felipe Calder\u00f3n<\/strong>, cuyo poder destructivo ha llegado hasta el sureste del pa\u00eds.<\/p>\n<p>Y si alguna prueba se quiere de que la gobernadora campechana no ha hecho nada, ah\u00ed est\u00e1n sus propias declaraciones por las \u201cex benditas redes sociales\u201d diciendo que en este primer a\u00f1o de su gesti\u00f3n \u201cno hubo desarrollo en el estado\u201d, que eso vendr\u00e1 despu\u00e9s, pues est\u00e1 m\u00e1s ocupada en otras cosas, como por ejemplo, impulsar a su \u201ccorcholata\u201d preferida, como es la jefa de Gobierno de la Ciudad de M\u00e9xico, <strong>Claudia Sheinbaum,<\/strong> y esa ardua labor, se lleva su tiempo<\/p>\n<p>Bueno, es evidente que la se\u00f1ora Sansores San Rom\u00e1n ha aprovechado tambi\u00e9n su puesto para arremeter en contra de quienes considera sus ac\u00e9rrimos enemigos, como es el l\u00edder del Revolucionario Institucional, pero de que se ponga a trabajar por el bien de Campeche, nada m\u00e1s no.<\/p>\n<p>Ahora bien, el dirigente del PRI, mientras tanto, sigue protegido en la semana que transcurre contra la difusi\u00f3n de nuevos audios, que de forma tan gustosa hace Layda Sansores. Resulta que <strong>Gabriel Regis<\/strong>, juez D\u00e9cimo Sexto de Distrito en Materia Administrativa, aplaz\u00f3 para el lunes 8 de agosto, la audiencia incidental en la que resolver\u00e1 si concede o niega a \u201cAlito\u201d Moreno la suspensi\u00f3n definitiva contra las acciones de la morenista Sansores.<\/p>\n<p>Y esa es otra de las ocupaciones de Sansores San Rom\u00e1n, -ella misma lo confiesa-, tirar cuanto amparo interponga Moreno C\u00e1rdenas. Ya se consign\u00f3 en este espacio en anterior entrega que la gobernadora de Campeche quiere tambi\u00e9n cubrir las presuntas ilegalidades que han cometido miembros de su familia y adem\u00e1s, un buen porcentaje de campechanos y campechanas, comentan por aquellos lares que este primer \u201cInforme del Jaguar\u201d, es totalmente est\u00e9ril, pues la mandataria estatal sabe que no ha movido un dedo para planear alguna obra.<\/p>\n<p style=\"text-align: center;\"><strong>Municiones<\/strong><\/p>\n<p>*** Tal parece que la gobernadora de Guerrero, <strong>Evelyn Salgado<\/strong>, es otra, emergida de Morena tambi\u00e9n, por cierto, que utiliza despachar desde Palacio de Gobierno de Chilpancingo, para todo, menos para lo que debe. Y es que luego del asesinato de <strong>Jes\u00fas Rivera Rojas<\/strong>, presidente de la Asociaci\u00f3n de Bares y Discotecas en Acapulco, el \u00faltimo d\u00eda de julio, en Acapulco, empresarios del estado han manifestado una justificada preocupaci\u00f3n porque con todo y los operativos de la Guardia Nacional, Sedena y Marina, la violencia sigue imperando en el puerto y eso afecta seriamente la actividad tur\u00edstica en el puerto. Dichos empresarios, han venido solicitando reuni\u00f3n con la gobernadora, pero la se\u00f1ora Salgado s\u00f3lo les ha dado largas y pone como pretexto \u201cproblemas de agenda\u201d para no recibirlos. La queja de dichos empresarios tiene que ver tambi\u00e9n con la flamante fiscal Regional de Zona Norte de Iguala en Guerrero, <strong>Sandra Luz Valdovinos Salmer\u00f3n<\/strong>, que no ha hecho nada respecto a este caso y tampoco recibe a los empresarios que son un pilar fundamental\u00a0 para la activaci\u00f3n de la econom\u00eda en todo el estado. \u00bfNi siquiera se ir\u00e1 a presentar el \u201cgobernador\u201d detr\u00e1s del trono, el senador F\u00e9lix Salgado a dar la cara, o, ya \u201ctir\u00f3 la toalla\u201d?<\/p>\n<p>*** Pues resulta que el secretario de Gobernaci\u00f3n, <strong>Ad\u00e1n Augusto L\u00f3pez<\/strong>, quiso emular a un antecesor suyo, el hoy flamante coordinador de la bancada del PRI en el Senado de la Rep\u00fablica, <strong>Miguel \u00c1ngel Osorio Chong<\/strong>, y sali\u00f3 de su despacho del Palacio de Cobi\u00e1n, solo que no se arremang\u00f3, a diferencia del hidalguense, es m\u00e1s, ni el saco se quit\u00f3, para intentar dialogar con colectivos feministas que se plantaron a las afueras de la dependencia. Y \u00a1qu\u00e9 pena!, porque el responsable de la pol\u00edtica interna del pa\u00eds \u201csali\u00f3 por cuerdas\u201d, cuando las mujeres le pidieron que los acuerdos a los que puedan llegar, queden en papel porque est\u00e1n hartas de las palabras y no conf\u00edan en \u00e9l. Punto malo para el \u201ccorcholato\u201d titular de la Segob que en las encuestas al 24, se reporta que no ganar\u00eda ni en su estado, Tabasco.<\/p>\n<p><u><a href=\"mailto:morcora@gmail.com\" target=\"_blank\" rel=\"noopener noreferrer\"><em>morcora@gmail.com<\/em><\/a><\/u><\/p>\n","protected":false},"excerpt":{"rendered":"<p><span style=\"color: #005497;\"><strong>Adriana Moreno Cordero<\/strong><\/span><\/p>\n","protected":false},"author":3,"featured_media":0,"comment_status":"open","ping_status":"open","sticky":false,"template":"","format":"standard","meta":{"_monsterinsights_skip_tracking":false,"_monsterinsights_sitenote_active":false,"_monsterinsights_sitenote_note":"","_monsterinsights_sitenote_category":0,"footnotes":""},"categories":[69370],"tags":[69369,69368,43674],"class_list":["post-555507","post","type-post","status-publish","format-standard","hentry","category-adriana-moreno-cordero","tag-adriana-moreno-cordero","tag-la-retaguardia","tag-opinion"],"_links":{"self":[{"href":"https:\/\/www.diarioimagen.net\/index.php?rest_route=\/wp\/v2\/posts\/555507","targetHints":{"allow":["GET"]}}],"collection":[{"href":"https:\/\/www.diarioimagen.net\/index.php?rest_route=\/wp\/v2\/posts"}],"about":[{"href":"https:\/\/www.diarioimagen.net\/index.php?rest_route=\/wp\/v2\/types\/post"}],"author":[{"embeddable":true,"href":"https:\/\/www.diarioimagen.net\/index.php?rest_route=\/wp\/v2\/users\/3"}],"replies":[{"embeddable":true,"href":"https:\/\/www.diarioimagen.net\/index.php?rest_route=%2Fwp%2Fv2%2Fcomments&post=555507"}],"version-history":[{"count":0,"href":"https:\/\/www.diarioimagen.net\/index.php?rest_route=\/wp\/v2\/posts\/555507\/revisions"}],"wp:attachment":[{"href":"https:\/\/www.diarioimagen.net\/index.php?rest_route=%2Fwp%2Fv2%2Fmedia&parent=555507"}],"wp:term":[{"taxonomy":"category","embeddable":true,"href":"https:\/\/www.diarioimagen.net\/index.php?rest_route=%2Fwp%2Fv2%2Fcategories&post=555507"},{"taxonomy":"post_tag","embeddable":true,"href":"https:\/\/www.diarioimagen.net\/index.php?rest_route=%2Fwp%2Fv2%2Ftags&post=555507"}],"curies":[{"name":"wp","href":"https:\/\/api.w.org\/{rel}","templated":true}]}}