{"id":555517,"date":"2022-08-03T00:08:15","date_gmt":"2022-08-03T05:08:15","guid":{"rendered":"https:\/\/www.diarioimagen.net\/?p=555517"},"modified":"2022-08-03T04:21:15","modified_gmt":"2022-08-03T09:21:15","slug":"recuerdos-del-viejo-priismo","status":"publish","type":"post","link":"https:\/\/www.diarioimagen.net\/?p=555517","title":{"rendered":"Recuerdos del viejo priismo"},"content":{"rendered":"<h2>Punto por punto<\/h2>\n<h5>Augusto Corro<\/h5>\n<p>&nbsp;<\/p>\n<p>Las elecciones internas de Morena no fueron un ejemplo de democracia como argumentan sus dirigentes partidistas.<\/p>\n<p>M\u00e1s bien, pareci\u00f3 un intento por imitar las viejas pr\u00e1cticas que enturbiaban la vida pol\u00edtica en nuestro pa\u00eds.<\/p>\n<p>Sin embargo, los l\u00edderes morenistas dijeron sentirse satisfechos. Para no darle vueltas al asunto, los guindas, en algunos sitios, se comportaron como aut\u00e9nticos priistas.<\/p>\n<p>En los hechos que marcaron el s\u00e1bado y domingo esas pr\u00e1cticas fallidas de democracia se registraron violencia, coacci\u00f3n del voto, votos inducidos y acarreos.<\/p>\n<p>Lo ocurrido en la elecci\u00f3n de consejeros, los militantes guindas, en un sinn\u00famero de casos, votaron sin saber por qu\u00e9 lo hac\u00edan.<\/p>\n<p>Y por supuesto, tampoco conoc\u00edan a qui\u00e9n favorecer\u00eda su voto, como suced\u00eda cuando los priistas eran due\u00f1os del poder.<\/p>\n<p>Los propios militantes distinguidos de Morena, como es el caso de Gibr\u00e1n Ram\u00edrez, manifestaron su inconformidad por las formas en que se llev\u00f3 a cabo la jornada electoral.<\/p>\n<p>Por ejemplo, el militante y fundador de la organizaci\u00f3n pol\u00edtica se mostr\u00f3 decepcionado por las elecciones internas de su partido, (<em>El Financiero<\/em>).<\/p>\n<p><strong>La pol\u00edtica de Morena, \u00bfcu\u00e1l?<\/strong><\/p>\n<p>Para nadie es un secreto que la actividad pol\u00edtica se sumi\u00f3 en un letargo desde el 2018.<\/p>\n<p>El movimiento encabezado por L\u00f3pez Obrador gan\u00f3 las elecciones presidenciales. A partir de esa fecha, al morenismo ya nada le preocup\u00f3.<\/p>\n<p>El partido y su dirigencia due\u00f1os de la situaci\u00f3n optaron por la pasividad pol\u00edtica. Es decir, por no hacer nada y solo aparecer en eventos partidistas. Por eso, el periodista y militante, Gibr\u00e1n Ram\u00edrez, declar\u00f3 que el partido carece de una vida org\u00e1nica y de una din\u00e1mica constante de sucesi\u00f3n de sus \u00f3rganos internos.<\/p>\n<p>Agreg\u00f3 que Morena est\u00e1 formado por un p\u00fablico que sigue al presidente y se aprovecharon de eso los dirigentes, la c\u00fapula del partido (\u2026) para cerrar el paso a los dirigentes que pod\u00edan parecerles inc\u00f3modos rumbo a las elecciones del 2023 y 2024 y para colocar a sus alfiles.<\/p>\n<p>\u201cNo hay democracia, hay simulaci\u00f3n\u201d, expres\u00f3 Gibr\u00e1n Ram\u00edrez al preguntarle su opini\u00f3n sobre las multicitadas elecciones. Finalmente se pronunci\u00f3 por la anulaci\u00f3n del proceso electoral.<\/p>\n<p style=\"text-align: center;\"><strong>Lo que sigue<\/strong><\/p>\n<p>Los hechos del fin de semana son una muestra de lo que podr\u00eda repetirse, pero con m\u00e1s intensidad, en la lucha rumbo a las elecciones presidenciales federales.<\/p>\n<p>En Morena, son tres \u201ccorcholatas\u201d las que oficialmente est\u00e1n autorizadas para competir por la nominaci\u00f3n a la candidatura.<\/p>\n<p>Y un cuarto precandidato, tambi\u00e9n morenista, con inter\u00e9s por participar en la contienda.<\/p>\n<p>Los oficializados por el propio presidente L\u00f3pez Obrador son las \u201ccorcholatas\u201d Claudia Sheinbaum, jefa de Gobierno capitalino; Marcelo Ebrard, secretario de Relaciones Exteriores (SRE); y Ad\u00e1n Augusto L\u00f3pez, secretario de Gobernaci\u00f3n (SG).<\/p>\n<p>El cuarto aspirante es el senador zacatecano Ricardo Monreal, quien alz\u00f3 la mano para decir que el quiere ser Presidente de M\u00e9xico.\u00a0 Sin duda, los cuatro morenistas tendr\u00e1n que trabajar en el interior de su partido para ganar adeptos.\u00a0 Ese trabajo traer\u00e1 disputas y las corrientes de simpatizantes podr\u00edan crear una serie de conflictos.<\/p>\n<p>Uno de estos problemas surgir\u00e1 con las \u201cencuestas patito\u201d, como calificaron los inconformes el sistema para designar al candidato que buscar\u00e1 la silla presidencial.<\/p>\n<p>Las elecciones internas en Morena servir\u00e1n para que sus dirigentes analicen los resultados con el prop\u00f3sito de evitar el divisionismo. Como quien dice, ahora s\u00ed que tendr\u00e1n que ponerse a trabajar.\u00a0 No ser\u00e1 f\u00e1cil, pues en el partido guinda empezar\u00e1n las pugnas por el poder con miras a 2024.<\/p>\n<p>As\u00ed, la meta principal en Morena ser\u00e1 la de mantener la unidad a toda costa. Tarea nada f\u00e1cil.<\/p>\n<p>\u00bfUsted qu\u00e9 opina amable lector?<\/p>\n<p><a href=\"mailto:aco2742@hotmail.com\" target=\"_blank\" rel=\"noopener noreferrer\"><em>aco2742@hotmail.com<\/em><\/a><\/p>\n","protected":false},"excerpt":{"rendered":"<p><span style=\"color: #005497;\"><strong>Augusto Corro<\/strong><\/span><\/p>\n","protected":false},"author":3,"featured_media":0,"comment_status":"open","ping_status":"open","sticky":false,"template":"","format":"standard","meta":{"_monsterinsights_skip_tracking":false,"_monsterinsights_sitenote_active":false,"_monsterinsights_sitenote_note":"","_monsterinsights_sitenote_category":0,"footnotes":""},"categories":[157],"tags":[43686,43674,11515],"class_list":["post-555517","post","type-post","status-publish","format-standard","hentry","category-augusto-corro","tag-augusto-corro","tag-opinion","tag-punto-por-punto"],"_links":{"self":[{"href":"https:\/\/www.diarioimagen.net\/index.php?rest_route=\/wp\/v2\/posts\/555517","targetHints":{"allow":["GET"]}}],"collection":[{"href":"https:\/\/www.diarioimagen.net\/index.php?rest_route=\/wp\/v2\/posts"}],"about":[{"href":"https:\/\/www.diarioimagen.net\/index.php?rest_route=\/wp\/v2\/types\/post"}],"author":[{"embeddable":true,"href":"https:\/\/www.diarioimagen.net\/index.php?rest_route=\/wp\/v2\/users\/3"}],"replies":[{"embeddable":true,"href":"https:\/\/www.diarioimagen.net\/index.php?rest_route=%2Fwp%2Fv2%2Fcomments&post=555517"}],"version-history":[{"count":0,"href":"https:\/\/www.diarioimagen.net\/index.php?rest_route=\/wp\/v2\/posts\/555517\/revisions"}],"wp:attachment":[{"href":"https:\/\/www.diarioimagen.net\/index.php?rest_route=%2Fwp%2Fv2%2Fmedia&parent=555517"}],"wp:term":[{"taxonomy":"category","embeddable":true,"href":"https:\/\/www.diarioimagen.net\/index.php?rest_route=%2Fwp%2Fv2%2Fcategories&post=555517"},{"taxonomy":"post_tag","embeddable":true,"href":"https:\/\/www.diarioimagen.net\/index.php?rest_route=%2Fwp%2Fv2%2Ftags&post=555517"}],"curies":[{"name":"wp","href":"https:\/\/api.w.org\/{rel}","templated":true}]}}