{"id":555521,"date":"2022-08-03T00:09:17","date_gmt":"2022-08-03T05:09:17","guid":{"rendered":"https:\/\/www.diarioimagen.net\/?p=555521"},"modified":"2022-08-03T05:16:13","modified_gmt":"2022-08-03T10:16:13","slug":"el-cinismo-campea-en-la-4t","status":"publish","type":"post","link":"https:\/\/www.diarioimagen.net\/?p=555521","title":{"rendered":"El cinismo campea en la 4T  \u00a0"},"content":{"rendered":"<h2>Punto por punto<\/h2>\n<h5>Augusto Corro<\/h5>\n<p>&nbsp;<\/p>\n<ul>\n<li><strong><em>Sumisi\u00f3n, peculiar definici\u00f3n de soberan\u00eda<\/em><\/strong><\/li>\n<li><strong><em>TV Azteca, 29 a\u00f1os<\/em><\/strong><\/li>\n<\/ul>\n<p>&nbsp;<\/p>\n<p>Cinismo es la desverg\u00fcenza al mentir o en la defensa y pr\u00e1ctica de actitudes reprochables o acciones condenables.<\/p>\n<p>Y Andr\u00e9s Manuel L\u00f3pez Obrador es un c\u00ednico.<\/p>\n<p>Tambi\u00e9n quienes le rodean.<\/p>\n<p>Mienten. Defienden lo que deber\u00edan condenar.<\/p>\n<p>Y adem\u00e1s, sumando a su cinismo la mediocridad, siempre tienen a quien culpar de sus errores y fracasos.<\/p>\n<p>Corrupci\u00f3n m\u00e1s cinismo es la f\u00f3rmula con la cual los cuatroteros est\u00e1n destruyendo las instituciones. No s\u00f3lo las p\u00fablicas, tambi\u00e9n se han entrometido en las privadas.<\/p>\n<p>Deber\u00edan de desempe\u00f1arse con honestidad y humildad o renunciar para no destruir m\u00e1s nuestra d\u00e9bil democracia, demostrar valent\u00eda y reconocer que necesitan rehabilitar sus valores y principios de vida.<\/p>\n<p>Curemos el cinismo pol\u00edtico con el valor m\u00e1s importante, la verdad. A m\u00e1s valores, menos cinismo.<\/p>\n<p>Los c\u00ednicos est\u00e1n descalificados para ser funcionarios, porque la falta de escr\u00fapulos, de verg\u00fcenza y el descaro enlodan a su familia y contaminan el ambiente pol\u00edtico.<\/p>\n<p>Pero no. Ah\u00ed los tiene usted. Usufructuando el poder pol\u00edtico s\u00f3lo para cuidar sus intereses o, como es el caso actual, para hacer lo que les venga en gana pas\u00e1ndose por alto leyes, reglamentos, todo tipo de normas que rigen el comportamiento humano y tambi\u00e9n pol\u00edtico.<\/p>\n<p>En cada ma\u00f1anera, en cada frase, en cada palabra de AMLO siempre est\u00e1 latente su cinismo.<\/p>\n<p>Lo hemos visto una y otra y otra vez.<\/p>\n<p>La m\u00e1s reciente ha sido su justificaci\u00f3n del acarreo de quienes reciben apoyos gubernamentales y que se propalan como si fuesen d\u00e1divas que salen del bolsillo del Presidente.<\/p>\n<p>Igual que su apolog\u00eda de la violencia desatada entre los lidercillos de Morena en diferentes puntos de la geograf\u00eda nacional.<\/p>\n<p>Y ni qu\u00e9 decir del influyentismo que ostentaron no pocos\u00a0<em>fruncionarios\u00a0<\/em>de la administraci\u00f3n lopezobradorista, lo mismo que de los Legislativos y alcald\u00edas.<\/p>\n<p>Etimol\u00f3gicamente, dicen las enciclopedias, cinismo proviene del genitivo de la palabra griega kiynos (del perro).<\/p>\n<p>Es c\u00ednico aquel sujeto que de modo alguno se inmuta ante la evidencia del mal que ha cometido o ante la acusaci\u00f3n por el mismo.<\/p>\n<p>Las acusaciones le resbalan como agua en pluma de ganso, ni le van ni le vienen.<\/p>\n<p>Hasta podr\u00eda dibujar una sonrisa de valemadrismo con la que pretender\u00eda, no s\u00f3lo deshacer las acusaciones, sino tambi\u00e9n y sobre todo despreciar al acusador.<\/p>\n<p>El cinismo de los cuatroteros es el arma de los incapaces utilizada tambi\u00e9n como escudo para encubrir sus sinverg\u00fcenzadas, desfachatez, obscenidad y procacidad.<\/p>\n<p>\u00bfNo cree usted?<\/p>\n<p style=\"text-align: center;\"><strong>Remesas y autopartes<\/strong><\/p>\n<p>\u00a0La visi\u00f3n presidencial sobre independencia y soberan\u00eda, am\u00e9n de convenenciera, est\u00e1 errada.<\/p>\n<p>En su catilinaria matutina de este martes, L\u00f3pez Obrador habl\u00f3 de la interdependencia comercial entre nuestro pa\u00eds y los Estados Unidos. Dijo que, palabras m\u00e1s o menos, cada vez es mayor y m\u00e1s fuerte, a prop\u00f3sito de la invitaci\u00f3n que el Grupo de los BRIC -Brasil, Rusia, China, India- extiende par que nos sumemos a ellos.<\/p>\n<p>\u00bfRomper la relaci\u00f3n con EU? No.<\/p>\n<p>Porque \u201c\u2026 \u00bfqu\u00e9 har\u00edan en Estados Unidos sin la fuerza de trabajo de los mexicanos?, sino \u00bfqu\u00e9 har\u00edan con su industria sin las autopartes que se producen en M\u00e9xico? Un veh\u00edculo en Estados Unidos costar\u00eda 10 o 15 mil d\u00f3lares m\u00e1s sin el comercio de autopartes producido en M\u00e9xico y as\u00ed en muchas otras actividades, entonces es una relaci\u00f3n muy consolidada\u201d.<\/p>\n<p>Cabr\u00eda preguntar, entonces, a AMLO:<\/p>\n<p>\u00bfPor qu\u00e9 son m\u00e1s baratos los veh\u00edculos en EU?<\/p>\n<p>Y la respuesta que no dar\u00eda:<\/p>\n<p>\u00a1Porque los salarios de los trabajadores de aqu\u00ed son m\u00edseros y eso abarata los costos de producci\u00f3n!<\/p>\n<p>L\u00f3pez Obrador proclama que eso es un triunfo gubernamental.<\/p>\n<p>Igual lo hace con las remesas que aparentemente env\u00edan nuestros paisanos desde el vecino pa\u00eds del norte.<\/p>\n<p>Aunque no todas sean de esos esforzados mexicanos.\u00a0 Muchas son \u201clavado\u201d hormiga de d\u00f3lares.<\/p>\n<p>\u00a1A poco no!<\/p>\n<p style=\"text-align: center;\"><strong>Indicios<\/strong><\/p>\n<p>Como lo destaca TV Azteca en sus diferentes promocionales, \u2018Somos Imparables\u2019. As\u00ed, con ese \u00e1nimo es como la televisora del Ajusco festej\u00f3 ayer (2 de agosto) sus primeros 29 a\u00f1os de vida, de llegar a cada rinc\u00f3n de M\u00e9xico diariamente y convertirse en la mejor opci\u00f3n televisiva del pa\u00eds. Bajo el liderazgo de\u00a0<strong>Benjam\u00edn Salinas Sada<\/strong>, TV Azteca ha superado cualquier expectativa, marcando cifras r\u00e9cord en audiencias y en construir puntos de uni\u00f3n entre las familias mexicanas. Hoy por hoy, TV Azteca llega a 99% de los hogares mexicanos con las mejores producciones de\u00a0<em>realities<\/em>, deportes y noticias, para informar y entretener a todo M\u00e9xico, con los eventos m\u00e1s relevantes y con los mejores analistas. Y no s\u00f3lo eso, TV Azteca ha sabido adaptarse a los nuevos tiempos y ha renovado su estrategia digital con formatos que han resultado en grandes \u00e9xitos. 1 de cada 2 mexicanos con acceso a internet consume TV Azteca en plataformas digitales, adem\u00e1s de tener una robusta base de seguidores en redes sociales que suman m\u00e1s de 150 millones. Sus ventas de publicidad en M\u00e9xico crecieron 11% y gracias a este gran alcance, influencia y posicionamiento comercial, es como TV Azteca ha logrado importantes alianzas con los mejores. Y qu\u00e9 decir de su presencia internacional que es cada vez mayor: llega a 23 pa\u00edses y recientemente incorporaron a Alemania en su portafolio de canales. Sin duda se trata de un caso prodigioso de \u00e9xito en los medios de comunicaci\u00f3n masiva que revolucion\u00f3 el mercado de la televisi\u00f3n en M\u00e9xico y en la que me honro en colaborar. * * * Por hoy es todo. Le agradezco su compa\u00f1\u00eda hasta el final de estas l\u00edneas y, como siempre, le deseo que tenga usted buenas gracias y muchos, muchos d\u00edas!<\/p>\n<p><a href=\"mailto:aco2742@hotmail.com\" target=\"_blank\" rel=\"noopener noreferrer\"><em>aco2742@hotmail.com<\/em><\/a><\/p>\n","protected":false},"excerpt":{"rendered":"<p><span style=\"color: #005497;\"><strong>Augusto Corro<\/strong><\/span><\/p>\n","protected":false},"author":3,"featured_media":0,"comment_status":"open","ping_status":"open","sticky":false,"template":"","format":"standard","meta":{"_monsterinsights_skip_tracking":false,"_monsterinsights_sitenote_active":false,"_monsterinsights_sitenote_note":"","_monsterinsights_sitenote_category":0,"footnotes":""},"categories":[157],"tags":[43686,43674,11515],"class_list":["post-555521","post","type-post","status-publish","format-standard","hentry","category-augusto-corro","tag-augusto-corro","tag-opinion","tag-punto-por-punto"],"_links":{"self":[{"href":"https:\/\/www.diarioimagen.net\/index.php?rest_route=\/wp\/v2\/posts\/555521","targetHints":{"allow":["GET"]}}],"collection":[{"href":"https:\/\/www.diarioimagen.net\/index.php?rest_route=\/wp\/v2\/posts"}],"about":[{"href":"https:\/\/www.diarioimagen.net\/index.php?rest_route=\/wp\/v2\/types\/post"}],"author":[{"embeddable":true,"href":"https:\/\/www.diarioimagen.net\/index.php?rest_route=\/wp\/v2\/users\/3"}],"replies":[{"embeddable":true,"href":"https:\/\/www.diarioimagen.net\/index.php?rest_route=%2Fwp%2Fv2%2Fcomments&post=555521"}],"version-history":[{"count":0,"href":"https:\/\/www.diarioimagen.net\/index.php?rest_route=\/wp\/v2\/posts\/555521\/revisions"}],"wp:attachment":[{"href":"https:\/\/www.diarioimagen.net\/index.php?rest_route=%2Fwp%2Fv2%2Fmedia&parent=555521"}],"wp:term":[{"taxonomy":"category","embeddable":true,"href":"https:\/\/www.diarioimagen.net\/index.php?rest_route=%2Fwp%2Fv2%2Fcategories&post=555521"},{"taxonomy":"post_tag","embeddable":true,"href":"https:\/\/www.diarioimagen.net\/index.php?rest_route=%2Fwp%2Fv2%2Ftags&post=555521"}],"curies":[{"name":"wp","href":"https:\/\/api.w.org\/{rel}","templated":true}]}}