{"id":555523,"date":"2022-08-03T00:08:27","date_gmt":"2022-08-03T05:08:27","guid":{"rendered":"https:\/\/www.diarioimagen.net\/?p=555523"},"modified":"2022-08-03T04:33:08","modified_gmt":"2022-08-03T09:33:08","slug":"la-herencia-del-monopartidismo","status":"publish","type":"post","link":"https:\/\/www.diarioimagen.net\/?p=555523","title":{"rendered":"La herencia del monopartidismo"},"content":{"rendered":"<h2>Detr\u00e1s del Poder<\/h2>\n<h5>Jos\u00e9 Antonio L\u00f3pez Sosa<\/h5>\n<p>&nbsp;<\/p>\n<p>Estamos viviendo un fen\u00f3meno pol\u00edtico muy parecido a lo que ocurr\u00eda en los a\u00f1os setenta en nuestro pa\u00eds en materia de sucesi\u00f3n pol\u00edtica, algo que va m\u00e1s all\u00e1 de los pre candidatos y futuros candidatos.<\/p>\n<p>Estamos de nuevo -por lo menos moment\u00e1neamente- en un monopartidismo por distintos factores, la irresponsabilidad de la oposici\u00f3n, la falta de cuadros, el legado de los sexenios anteriores, as\u00ed que como ocurr\u00eda en aquella d\u00e9cada, todo vislumbra a que el partido gobernante ser\u00e1 el que se suceda a s\u00ed mismo en las pr\u00f3ximas elecciones, tal como ocurr\u00eda en aquellos ayeres del priismo.<\/p>\n<p>Morena tiene la figura del Presidente que, aunque no vaya a estar en la boleta de 2024, seguir\u00e1 en el poder para entonces y su proyecci\u00f3n basta para atraer a millones de votos de sus seguidores. Por eso se pone a\u00fan m\u00e1s complicado el tema de la sucesi\u00f3n al interior de Morena, porque saben que quien quede como candidato, seguramente tiene el triunfo garantizado, como le ocurri\u00f3 a Jos\u00e9 L\u00f3pez Portillo, a Miguel de la Madrid y a tantos presidentes del viejo r\u00e9gimen.<\/p>\n<p>Por supuesto que hay excepciones y todo indica que si alguno de los alfiles del Presidente, particularmente Marcelo Ebrard, no estuviese en los deseos de L\u00f3pez Obrador y no fuese candidato, bien podr\u00eda irse a la oposici\u00f3n y entonces s\u00ed, cerrar la elecci\u00f3n, pero no es m\u00e1s que una conjetura, no sabemos qu\u00e9 pasar\u00e1 con ese tema en particular.<\/p>\n<p>En s\u00edntesis, vivimos la herencia del monopartidismo y pareciera el objetivo del Presidente hacer de la democracia un partido \u00fanico, tal como los reg\u00edmenes que tanto critica y a quienes culpa por nuestros pesares. A L\u00f3pez Obrador no le gusta la democracia cuando se trata de coexistir o cogobernar con quien no piensa como \u00e9l, es decir, una suerte de democracia a su estilo, bajo su tutela y como parte de una autocracia donde se mira a s\u00ed mismo como el elegido y el \u00fanico que puede y debe pensar para gobernar.<\/p>\n<p>El reto para la sociedad es regresar al multipartidismo, no me refiero al piso parejo, sino a la diversidad de opciones pol\u00edticas viables y fuera de las mafias en que se convirtieron con el paso de los a\u00f1os quienes buscan integrar de nuevo una coalici\u00f3n para vencer al partido en el poder.<\/p>\n<p><em><a href=\"http:\/\/www.lopezsosa.com\" target=\"_blank\" rel=\"noopener\">www.lopezsosa.com<\/a><\/em><br \/>\n<em><a href=\"mailto:joseantonio@lopezsosa.com\" target=\"_blank\" rel=\"noopener\">joseantonio@lopezsosa.com<\/a><\/em><br \/>\n<em><a href=\"http:\/\/twitter.com\/joseantonio1977\" target=\"_blank\" rel=\"noopener\">@joseantonio197<\/a><\/em><\/p>\n","protected":false},"excerpt":{"rendered":"<p><span style=\"color: #005497;\"><strong>Jos\u00e9 Antonio L\u00f3pez Sosa<\/strong><\/span><\/p>\n","protected":false},"author":3,"featured_media":0,"comment_status":"open","ping_status":"open","sticky":false,"template":"","format":"standard","meta":{"_monsterinsights_skip_tracking":false,"_monsterinsights_sitenote_active":false,"_monsterinsights_sitenote_note":"","_monsterinsights_sitenote_category":0,"footnotes":""},"categories":[637],"tags":[638,43690,43674],"class_list":["post-555523","post","type-post","status-publish","format-standard","hentry","category-jose-antonio-lopez-sosa","tag-detras-del-poder","tag-jose-antonio-lopez-sosa","tag-opinion"],"_links":{"self":[{"href":"https:\/\/www.diarioimagen.net\/index.php?rest_route=\/wp\/v2\/posts\/555523","targetHints":{"allow":["GET"]}}],"collection":[{"href":"https:\/\/www.diarioimagen.net\/index.php?rest_route=\/wp\/v2\/posts"}],"about":[{"href":"https:\/\/www.diarioimagen.net\/index.php?rest_route=\/wp\/v2\/types\/post"}],"author":[{"embeddable":true,"href":"https:\/\/www.diarioimagen.net\/index.php?rest_route=\/wp\/v2\/users\/3"}],"replies":[{"embeddable":true,"href":"https:\/\/www.diarioimagen.net\/index.php?rest_route=%2Fwp%2Fv2%2Fcomments&post=555523"}],"version-history":[{"count":0,"href":"https:\/\/www.diarioimagen.net\/index.php?rest_route=\/wp\/v2\/posts\/555523\/revisions"}],"wp:attachment":[{"href":"https:\/\/www.diarioimagen.net\/index.php?rest_route=%2Fwp%2Fv2%2Fmedia&parent=555523"}],"wp:term":[{"taxonomy":"category","embeddable":true,"href":"https:\/\/www.diarioimagen.net\/index.php?rest_route=%2Fwp%2Fv2%2Fcategories&post=555523"},{"taxonomy":"post_tag","embeddable":true,"href":"https:\/\/www.diarioimagen.net\/index.php?rest_route=%2Fwp%2Fv2%2Ftags&post=555523"}],"curies":[{"name":"wp","href":"https:\/\/api.w.org\/{rel}","templated":true}]}}