{"id":555529,"date":"2022-08-03T00:10:11","date_gmt":"2022-08-03T05:10:11","guid":{"rendered":"https:\/\/www.diarioimagen.net\/?p=555529"},"modified":"2022-08-03T04:36:48","modified_gmt":"2022-08-03T09:36:48","slug":"entrampadas-las-nominaciones-en-edomex","status":"publish","type":"post","link":"https:\/\/www.diarioimagen.net\/?p=555529","title":{"rendered":"Entrampadas, las nominaciones en Edomex"},"content":{"rendered":"<h2>De frente y de perfil<\/h2>\n<h5>Ram\u00f3n Zurita Sahag\u00fan<\/h5>\n<p>&nbsp;<\/p>\n<p>Lejos de solucionarse, la nominaci\u00f3n de candidatos al gobierno del Estado de M\u00e9xico toma visos de complicaciones.<\/p>\n<p>Cuando parec\u00eda que Alejandra Del Moral se alzaba con la nominaci\u00f3n de la alianza conformada por priistas, panistas y perredistas, el panorama se modifica con el crecimiento exponencial de Ana Lilia Herrera y la lucha por meter en la disputa a Ernesto Nemer \u00c1lvarez. Caso aparte es el de Enrique Vargas del Villar, \u00fanico panista que cumple con los requisitos para encabezar la alianza.<\/p>\n<p>En el otro lado, Delfina G\u00f3mez \u00c1lvarez, emerge como la eventual abanderada de Morena, pero Higinio Mart\u00ednez se mantiene en la lucha y no se baja de la pugna por la candidatura.<\/p>\n<p>Y como abono a la contienda, el dirigente del Verde, Jos\u00e9 Alberto Couttolenc, despliega su popularidad en espectaculares en las principales carreteras de la entidad, para mostrar su m\u00fasculo, al igual que lo hace el perredista Omar Ortega.<\/p>\n<p>Curioso, pero los dos personajes menos conocidos en el estado son los que buscan que sus partidos los postulen, sin alianzas de ning\u00fan tipo. Couttolenc conf\u00eda en la fuerza del Verde en el estado que no sobrepasa el cinco por ciento y Ortega en la del PRD, cuyos n\u00fameros apuntan igualmente por el nivel del cinco por ciento.<\/p>\n<p>Los dos grandes contendientes (Morena y alianza Va por el Estado de M\u00e9xico) miden una y otra vez las posibilidades de sus principales cartas y tratan de que los aspirantes no ocasionen fractura alguna.<\/p>\n<p>Se sabe que Alejandra Del Moral y Ana Lilia Herrera, simplemente, no coinciden en nada, aunque para dar muestras de lo contrario se tomaron unas fotos el pasado fin de semana, en ocasi\u00f3n de un festejo organizado por la diputada local con licencia.<\/p>\n<p>En el lado opuesto se encuentran Delfina G\u00f3mez e Higinio Mart\u00ednez. El segundo fue formador de la primera, a la que condujo por la ruta pol\u00edtica adecuada, sum\u00e1ndola al grupo Texcoco y enfil\u00e1ndola a la alcald\u00eda de ese poblado y a una diputaci\u00f3n federal, de la que salt\u00f3 a su primera incursi\u00f3n como candidata, donde el respaldo alcanzado la ubic\u00f3 a solamente tres puntos del ganador (Alfredo Del Mazo) la posicion\u00f3 para buscar nuevamente la nominaci\u00f3n. Higinio ha regateado la eventual postulaci\u00f3n de Delfina y hasta ha fintado con provocar con una fractura del partido, en caso de no ser el candidato. Sin embargo, ante esos rumores, ya se comprometi\u00f3 a mantenerse en el partido en el caso de no ser el abanderado de Morena.<\/p>\n<p>Los dos casos, los de las fotos de Alejandra y Ana Lilia, y el compromiso de Higinio de mantenerse leal a Morena no hacen m\u00e1s que aumentar las especulaciones sobre lo que habr\u00e1 de pasar conforme se acerquen los d\u00edas de destapes.<\/p>\n<p>Ambos contendientes est\u00e1n haciendo esfuerzos por parchar las fisuras que surgen en los dos campamentos y que hacen ver que el proceso electoral ser\u00e1 m\u00e1s dif\u00edcil de lo que se anticipa.<\/p>\n<p>La puja por incluir a Nemer \u00c1lvarez parte del ex gobernador Emilio Chuayffet Chemor y fractura del grupo Atlacomulco, ya que en contraparte se encuentra Ana Lilia Herrera, avalada por Arturo Montiel Rojas, mientras el gobernador hace lo posible por empujar la nominaci\u00f3n de Alejandra Del Moral.<\/p>\n<p>Lo que se ve sumamente complicado es que esas tres partes que hacen un todo en la entidad queden conformes con la soluci\u00f3n que se tome y donde entrar\u00eda el panista Enrique Vargas como un posible factor que unifique criterios, aunque no alcance la postulaci\u00f3n.<\/p>\n<p>Por lo pronto, las definiciones en el Estado de M\u00e9xico parecen m\u00e1s complicadas que al inicio.<\/p>\n<p style=\"text-align: center;\"><strong>*****\u00a0<\/strong><\/p>\n<p>Se encarece el amor del Partido Verde en el Estado de M\u00e9xico, conforme pasan los d\u00edas, los ofrecimientos para sumarse a las diversas f\u00f3rmulas que competir\u00e1n en 2023 suben sus pretensiones, mientras se envalentona y amenaza con participar solo en la b\u00fasqueda del gobierno mexiquense. Los del Verde se encuentran crecidos, luego de las victorias logradas en San Luis Potos\u00ed y Quintana Roo y sin hacer tanto ruido o festinarlo como lo hace Movimiento Ciudadano.<\/p>\n<p><a href=\"mailto:ramonzurita44@hotmail.com\" target=\"_blank\" rel=\"noopener noreferrer\"><em>ramonzurita44@hotmail.com<\/em><\/a><\/p>\n","protected":false},"excerpt":{"rendered":"<p><span style=\"color: #005497;\"><strong>Ram\u00f3n Zurita Sahag\u00fan<\/strong><\/span><\/p>\n","protected":false},"author":3,"featured_media":0,"comment_status":"open","ping_status":"open","sticky":false,"template":"","format":"standard","meta":{"_monsterinsights_skip_tracking":false,"_monsterinsights_sitenote_active":false,"_monsterinsights_sitenote_note":"","_monsterinsights_sitenote_category":0,"footnotes":""},"categories":[234],"tags":[304,43674,43687],"class_list":["post-555529","post","type-post","status-publish","format-standard","hentry","category-ramon-zurita-sahagun","tag-de-frente-y-de-perfil","tag-opinion","tag-ramon-zurita-sahagun"],"_links":{"self":[{"href":"https:\/\/www.diarioimagen.net\/index.php?rest_route=\/wp\/v2\/posts\/555529","targetHints":{"allow":["GET"]}}],"collection":[{"href":"https:\/\/www.diarioimagen.net\/index.php?rest_route=\/wp\/v2\/posts"}],"about":[{"href":"https:\/\/www.diarioimagen.net\/index.php?rest_route=\/wp\/v2\/types\/post"}],"author":[{"embeddable":true,"href":"https:\/\/www.diarioimagen.net\/index.php?rest_route=\/wp\/v2\/users\/3"}],"replies":[{"embeddable":true,"href":"https:\/\/www.diarioimagen.net\/index.php?rest_route=%2Fwp%2Fv2%2Fcomments&post=555529"}],"version-history":[{"count":0,"href":"https:\/\/www.diarioimagen.net\/index.php?rest_route=\/wp\/v2\/posts\/555529\/revisions"}],"wp:attachment":[{"href":"https:\/\/www.diarioimagen.net\/index.php?rest_route=%2Fwp%2Fv2%2Fmedia&parent=555529"}],"wp:term":[{"taxonomy":"category","embeddable":true,"href":"https:\/\/www.diarioimagen.net\/index.php?rest_route=%2Fwp%2Fv2%2Fcategories&post=555529"},{"taxonomy":"post_tag","embeddable":true,"href":"https:\/\/www.diarioimagen.net\/index.php?rest_route=%2Fwp%2Fv2%2Ftags&post=555529"}],"curies":[{"name":"wp","href":"https:\/\/api.w.org\/{rel}","templated":true}]}}