{"id":555624,"date":"2022-08-04T00:03:43","date_gmt":"2022-08-04T05:03:43","guid":{"rendered":"https:\/\/www.diarioimagen.net\/?p=555624"},"modified":"2022-08-04T05:46:59","modified_gmt":"2022-08-04T10:46:59","slug":"octavo-mes-y-noveno-periodista-asesinado","status":"publish","type":"post","link":"https:\/\/www.diarioimagen.net\/?p=555624","title":{"rendered":"Octavo mes y noveno periodista asesinado"},"content":{"rendered":"<h2>Espacio Electoral<\/h2>\n<h5>Eleazar Flores<\/h5>\n<p>&nbsp;<\/p>\n<p><strong>\u00bfCHORREA SANGRE O NO?-.<\/strong> Mientras el padre de la Cuarta Transformaci\u00f3n anunci\u00f3 jubiloso la presencia de los Tigres del Norte en los festejos patrios, los reporteros de a pie amanecimos con otra lamentable noticia, la muerte del noveno periodista, el guanajuatense Ernesto M\u00e9ndez.<\/p>\n<p>Lo peor que nos pudiera pasar a quienes el destino nos estacion\u00f3 para ejercer la segunda profesi\u00f3n m\u00e1s antigua del mundo, ser\u00eda acostumbrarnos a estas malas noticias por la frecuencia en que suceden, eso quisiera el poder p\u00fablico pero no ser\u00e1, pues el menor apoyo solidario es fijar en nuestra memoria y la de m\u00e1s gente, a quienes escogieron esta noble y ahora riesgosa tarea.<\/p>\n<p>Apenas en el segundo d\u00eda de este octavo mes de 2022, ya han perdido la vida nueve periodistas de distintas formas, pero un denominador com\u00fan, la violencia con armas de fuego de por medio, como para asegurarse el, la o los delincuentes que culminaron con \u201c\u00e9xito\u201d su o sus prop\u00f3sitos delincuenciales, sabedores adem\u00e1s que escaparon al castigo de la justicia, como ha sucedido en la mayor\u00eda de los casos.<\/p>\n<p>Los hechos violentos en contra de compa\u00f1eras-os\u00a0 periodistas, en este 2022, iniciaron muy temprano, de hecho con el inicio del a\u00f1o, el 15 y 17 de enero, y de entonces a la fecha no paran, como tampoco avanzan la mayor parte de las investigaciones para esclarecerlos.<\/p>\n<p><strong>\u00bfQUI\u00c9NES SON?-.<\/strong> S\u00f3lo en enero fueron asesinados Jos\u00e9 Luis Gamboa Arenas en Veracruz y los d\u00edas 17 y 23, en Tijuana, Margarito Ezquivel y Lourdes Maldonado, respectivamente, \u00e9sta \u00faltima habi\u00e9ndole ganado d\u00edas antes una demanda millonaria al entonces gobernador de Baja California, de apellido Bonilla, pero algo m\u00e1s importante, ser amigo de ya sabe qui\u00e9n.<\/p>\n<p>Todav\u00eda el 31 de enero fue asesinado Rodolfo Toledo en su natal Michoac\u00e1n. El diez de febrero pierde la vida en Oaxaca H\u00e9ctor L\u00f3pez V\u00e1zquez y el 24 del mismo mes cae otro reportero, Jorge Castro en su natal Sonora. El cuatro de marzo pierde la vida en el violento Fresnillo, Zacatecas el periodista Juan Carlo Mu\u00f1iz y el 25 del mismo mes, en Zit\u00e1cuaro, fallece Armando Linares L\u00f3pez.<\/p>\n<p>Adem\u00e1s, hay v\u00edctimas colaterales no consignadas como la hija del periodista que acompa\u00f1ando a su pap\u00e1 a bordo de su veh\u00edculo fue herida de bala y a los pocos d\u00edas falleci\u00f3.<\/p>\n<p>Me niego aceptar, como muchas-os colegas con quienes he platicado, ver casi normal y dejar de considerar como noticia la ca\u00edda de un periodista m\u00e1s y menos a causa de la violencia, si de por s\u00ed se no adelantaron muchos a causa de la pandemia y nada efectivas e inmediatas medidas de atenci\u00f3n m\u00e9dica, pero esto es otra historia.<\/p>\n<p>\u00bfParar\u00e1 la violencia contra periodistas?<\/p>\n<p><em><a href=\"mailto:elefa44@gmail.com\" target=\"_blank\" rel=\"noopener noreferrer\">elefa44@gmail.com<\/a><\/em><\/p>\n","protected":false},"excerpt":{"rendered":"<p><span style=\"color: #005497;\"><strong>Eleazar Flores<\/strong><\/span><\/p>\n","protected":false},"author":3,"featured_media":0,"comment_status":"open","ping_status":"open","sticky":false,"template":"","format":"standard","meta":{"_monsterinsights_skip_tracking":false,"_monsterinsights_sitenote_active":false,"_monsterinsights_sitenote_note":"","_monsterinsights_sitenote_category":0,"footnotes":""},"categories":[81743],"tags":[81744,81776,43674],"class_list":["post-555624","post","type-post","status-publish","format-standard","hentry","category-eleazar-flores","tag-eleazar-flores","tag-espacio-electoral","tag-opinion"],"_links":{"self":[{"href":"https:\/\/www.diarioimagen.net\/index.php?rest_route=\/wp\/v2\/posts\/555624","targetHints":{"allow":["GET"]}}],"collection":[{"href":"https:\/\/www.diarioimagen.net\/index.php?rest_route=\/wp\/v2\/posts"}],"about":[{"href":"https:\/\/www.diarioimagen.net\/index.php?rest_route=\/wp\/v2\/types\/post"}],"author":[{"embeddable":true,"href":"https:\/\/www.diarioimagen.net\/index.php?rest_route=\/wp\/v2\/users\/3"}],"replies":[{"embeddable":true,"href":"https:\/\/www.diarioimagen.net\/index.php?rest_route=%2Fwp%2Fv2%2Fcomments&post=555624"}],"version-history":[{"count":0,"href":"https:\/\/www.diarioimagen.net\/index.php?rest_route=\/wp\/v2\/posts\/555624\/revisions"}],"wp:attachment":[{"href":"https:\/\/www.diarioimagen.net\/index.php?rest_route=%2Fwp%2Fv2%2Fmedia&parent=555624"}],"wp:term":[{"taxonomy":"category","embeddable":true,"href":"https:\/\/www.diarioimagen.net\/index.php?rest_route=%2Fwp%2Fv2%2Fcategories&post=555624"},{"taxonomy":"post_tag","embeddable":true,"href":"https:\/\/www.diarioimagen.net\/index.php?rest_route=%2Fwp%2Fv2%2Ftags&post=555624"}],"curies":[{"name":"wp","href":"https:\/\/api.w.org\/{rel}","templated":true}]}}