{"id":555638,"date":"2022-08-04T00:01:41","date_gmt":"2022-08-04T05:01:41","guid":{"rendered":"https:\/\/www.diarioimagen.net\/?p=555638"},"modified":"2022-08-04T07:21:03","modified_gmt":"2022-08-04T12:21:03","slug":"morena-tiene-cerradas-las-puertas-en-edomex-dice-el-diputado-panista-enrique-vargas-del-villar","status":"publish","type":"post","link":"https:\/\/www.diarioimagen.net\/?p=555638","title":{"rendered":"Morena tiene cerradas las puertas en Edomex, dice el diputado panista Enrique Vargas del Villar"},"content":{"rendered":"<p>&nbsp;<\/p>\n<ul>\n<li><em><strong>Aspirantes a candidatura de la alianza Va por el Estado de M\u00e9xico<\/strong><\/em><\/li>\n<\/ul>\n<p>&nbsp;<\/p>\n<h6>Arturo Baena<\/h6>\n<p>&nbsp;<\/p>\n<div id=\"attachment_555713\" style=\"width: 470px\" class=\"wp-caption aligncenter\"><a href=\"https:\/\/www.diarioimagen.net\/?attachment_id=555713\" rel=\"attachment wp-att-555713\"><img loading=\"lazy\" decoding=\"async\" aria-describedby=\"caption-attachment-555713\" class=\"size-full wp-image-555713\" src=\"https:\/\/www.diarioimagen.net\/wp-content\/uploads\/2022\/08\/vargas-del-villar.jpg\" alt=\"\" width=\"460\" height=\"270\" \/><\/a><p id=\"caption-attachment-555713\" class=\"wp-caption-text\">El diputado Enrique Vargas del Villar insisti\u00f3 en que Morena tiene cerradas las puertas para acceder al gobierno del Estado de M\u00e9xico.<\/p><\/div>\n<p>&nbsp;<\/p>\n<p><strong>Valle de Mexico.\u2014<\/strong> Despu\u00e9s de cientos de irregularidades que se cometieron en la elecci\u00f3n de consejeros de Morena, el diputado Enrique Vargas del Villar insisti\u00f3 en que ese instituto pol\u00edtico tiene cerradas las puertas para acceder al gobierno del Estado de M\u00e9xico.<\/p>\n<p>Uno de los fuertes aspirantes a convertirse en candidato de la alianza \u201cVa por el Estado de M\u00e9xico\u201d, conformada por EL PRI, PAN y PRD, puntualiz\u00f3 que: \u201c Morena no ganar\u00e1 las elecciones a gobernador en el 2023 en el Estado de M\u00e9xico\u201d.<\/p>\n<p>Vargas del Villar abund\u00f3 que \u201cel \u00e9xito de esta estrategia entre los tres partidos se deriv\u00f3, principalmente, por el hartazgo de la sociedad a las pol\u00edticas emprendidas por el presidente Andr\u00e9s Manuel L\u00f3pez Obrador y la forma de gobernar de Morena\u201d, dijo.<\/p>\n<p>El tambi\u00e9n coordinador de la fracci\u00f3n del PAN en la C\u00e1mara de Diputados mexiquense que dicha alianza, se tradujo en la copiosa e hist\u00f3rica participaci\u00f3n con 54% de los votantes en elecciones intermedias, donde se eligieron a miembros del ayuntamiento y de la legislatura mexiquense en donde se destaca el equilibrio entre las diferentes fuerzas pol\u00edticas.<\/p>\n<p>Vargas del Villar agreg\u00f3 que \u201clo que yo he hablado con las personas del Edomex, es que est\u00e1n sumamente decepcionados de Morena\u201d, destacando que no ganar\u00e1 la entidad.<\/p>\n<p>Reiter\u00f3 que \u201clos mexiquenses quieren un cambio, en el Estado de M\u00e9xico quieren una alternancia. Estoy muy contento de la respuesta que se ha dado del trabajo que se ha hecho d\u00eda a d\u00eda\u201d.<\/p>\n","protected":false},"excerpt":{"rendered":"<p>Despu\u00e9s de cientos de irregularidades que se cometieron en la elecci\u00f3n de consejeros de Morena, el diputado Enrique Vargas del Villar insisti\u00f3 en que ese instituto pol\u00edtico tiene cerradas las puertas para acceder al gobierno del Estado de M\u00e9xico.<\/p>\n","protected":false},"author":3,"featured_media":555713,"comment_status":"open","ping_status":"open","sticky":false,"template":"","format":"standard","meta":{"_monsterinsights_skip_tracking":false,"_monsterinsights_sitenote_active":false,"_monsterinsights_sitenote_note":"","_monsterinsights_sitenote_category":0,"footnotes":""},"categories":[5],"tags":[47218,34],"class_list":["post-555638","post","type-post","status-publish","format-standard","has-post-thumbnail","hentry","category-estado-de-mexico","tag-enrique-vargas-del-villar","tag-valle-de-mexico"],"_links":{"self":[{"href":"https:\/\/www.diarioimagen.net\/index.php?rest_route=\/wp\/v2\/posts\/555638","targetHints":{"allow":["GET"]}}],"collection":[{"href":"https:\/\/www.diarioimagen.net\/index.php?rest_route=\/wp\/v2\/posts"}],"about":[{"href":"https:\/\/www.diarioimagen.net\/index.php?rest_route=\/wp\/v2\/types\/post"}],"author":[{"embeddable":true,"href":"https:\/\/www.diarioimagen.net\/index.php?rest_route=\/wp\/v2\/users\/3"}],"replies":[{"embeddable":true,"href":"https:\/\/www.diarioimagen.net\/index.php?rest_route=%2Fwp%2Fv2%2Fcomments&post=555638"}],"version-history":[{"count":0,"href":"https:\/\/www.diarioimagen.net\/index.php?rest_route=\/wp\/v2\/posts\/555638\/revisions"}],"wp:featuredmedia":[{"embeddable":true,"href":"https:\/\/www.diarioimagen.net\/index.php?rest_route=\/wp\/v2\/media\/555713"}],"wp:attachment":[{"href":"https:\/\/www.diarioimagen.net\/index.php?rest_route=%2Fwp%2Fv2%2Fmedia&parent=555638"}],"wp:term":[{"taxonomy":"category","embeddable":true,"href":"https:\/\/www.diarioimagen.net\/index.php?rest_route=%2Fwp%2Fv2%2Fcategories&post=555638"},{"taxonomy":"post_tag","embeddable":true,"href":"https:\/\/www.diarioimagen.net\/index.php?rest_route=%2Fwp%2Fv2%2Ftags&post=555638"}],"curies":[{"name":"wp","href":"https:\/\/api.w.org\/{rel}","templated":true}]}}