{"id":555640,"date":"2022-08-04T00:04:13","date_gmt":"2022-08-04T05:04:13","guid":{"rendered":"https:\/\/www.diarioimagen.net\/?p=555640"},"modified":"2022-08-04T07:21:25","modified_gmt":"2022-08-04T12:21:25","slug":"crece-la-violencia-en-ecatepec-diputados-morenistas","status":"publish","type":"post","link":"https:\/\/www.diarioimagen.net\/?p=555640","title":{"rendered":"Crece la violencia en\u00a0Ecatepec: diputados morenistas"},"content":{"rendered":"<p>&nbsp;<\/p>\n<p><a href=\"https:\/\/www.diarioimagen.net\/?attachment_id=555716\" rel=\"attachment wp-att-555716\"><img loading=\"lazy\" decoding=\"async\" class=\"aligncenter size-full wp-image-555716\" src=\"https:\/\/www.diarioimagen.net\/wp-content\/uploads\/2022\/08\/ecatepec.jpg\" alt=\"\" width=\"460\" height=\"270\" \/><\/a><\/p>\n<p>&nbsp;<\/p>\n<p><strong>Ecatepec, Estado de M\u00e9xico.\u2014 <\/strong>Resultados de la Encuesta Nacional de Seguridad P\u00fablica Urbana (ENSU) correspondientes al primer trimestre de 2022, indican un aumento en la percepci\u00f3n de inseguridad entre los habitantes de Ecatepec, la cual paso de 84.3% en diciembre del a\u00f1o pasado a 86.6% en marzo de este 2022, se\u00f1alaron diputados de Morena.<\/p>\n<p>Indicaron que el 95.9% de los ecatepenses mayores de 18 a\u00f1os, dijeron sentirse inseguros cuando viajan en el transporte p\u00fablico de pasajeros, en tanto que el 81.9% presenci\u00f3 o escuch\u00f3 sobre el consumo de alcohol en las calles de su vecindario.<\/p>\n","protected":false},"excerpt":{"rendered":"<p>Resultados de la Encuesta Nacional de Seguridad P\u00fablica Urbana (ENSU) correspondientes al primer trimestre de 2022, indican un aumento en la percepci\u00f3n de inseguridad entre los habitantes de Ecatepec, la cual paso de 84.3% en diciembre del a\u00f1o pasado a 86.6% en marzo de este 2022, se\u00f1alaron diputados de Morena.<\/p>\n","protected":false},"author":3,"featured_media":555716,"comment_status":"open","ping_status":"open","sticky":false,"template":"","format":"standard","meta":{"_monsterinsights_skip_tracking":false,"_monsterinsights_sitenote_active":false,"_monsterinsights_sitenote_note":"","_monsterinsights_sitenote_category":0,"footnotes":""},"categories":[5],"tags":[454,43675,20663],"class_list":["post-555640","post","type-post","status-publish","format-standard","has-post-thumbnail","hentry","category-estado-de-mexico","tag-ecatepec","tag-estado-de-mexico","tag-morena"],"_links":{"self":[{"href":"https:\/\/www.diarioimagen.net\/index.php?rest_route=\/wp\/v2\/posts\/555640","targetHints":{"allow":["GET"]}}],"collection":[{"href":"https:\/\/www.diarioimagen.net\/index.php?rest_route=\/wp\/v2\/posts"}],"about":[{"href":"https:\/\/www.diarioimagen.net\/index.php?rest_route=\/wp\/v2\/types\/post"}],"author":[{"embeddable":true,"href":"https:\/\/www.diarioimagen.net\/index.php?rest_route=\/wp\/v2\/users\/3"}],"replies":[{"embeddable":true,"href":"https:\/\/www.diarioimagen.net\/index.php?rest_route=%2Fwp%2Fv2%2Fcomments&post=555640"}],"version-history":[{"count":0,"href":"https:\/\/www.diarioimagen.net\/index.php?rest_route=\/wp\/v2\/posts\/555640\/revisions"}],"wp:featuredmedia":[{"embeddable":true,"href":"https:\/\/www.diarioimagen.net\/index.php?rest_route=\/wp\/v2\/media\/555716"}],"wp:attachment":[{"href":"https:\/\/www.diarioimagen.net\/index.php?rest_route=%2Fwp%2Fv2%2Fmedia&parent=555640"}],"wp:term":[{"taxonomy":"category","embeddable":true,"href":"https:\/\/www.diarioimagen.net\/index.php?rest_route=%2Fwp%2Fv2%2Fcategories&post=555640"},{"taxonomy":"post_tag","embeddable":true,"href":"https:\/\/www.diarioimagen.net\/index.php?rest_route=%2Fwp%2Fv2%2Ftags&post=555640"}],"curies":[{"name":"wp","href":"https:\/\/api.w.org\/{rel}","templated":true}]}}