{"id":555650,"date":"2022-08-04T00:10:55","date_gmt":"2022-08-04T05:10:55","guid":{"rendered":"https:\/\/www.diarioimagen.net\/?p=555650"},"modified":"2022-08-04T06:15:01","modified_gmt":"2022-08-04T11:15:01","slug":"encarcelar-a-un-ex-presidente","status":"publish","type":"post","link":"https:\/\/www.diarioimagen.net\/?p=555650","title":{"rendered":"Encarcelar a un ex Presidente"},"content":{"rendered":"<h2>De frente y de perfil<\/h2>\n<h5>Ram\u00f3n Zurita Sahag\u00fan<\/h5>\n<p>&nbsp;<\/p>\n<p>El clamor es grande y repetido cada seis a\u00f1os, en el cambio de Presidente de la Rep\u00fablica y se cuestionan los ciudadanos \u00bfser\u00e1 que por fin se actuar\u00e1 contra el antecesor?<\/p>\n<p>Los cuestionamientos sobre la actuaci\u00f3n de los antecesores del Presidente de la Rep\u00fablica en turno son acerca del s\u00fabito enriquecimiento de quienes detentan el Poder Ejecutivo y algunos de los personajes cercanos a su entorno.<\/p>\n<p>Cada uno de los nuevos gobernantes se compromete a reunir pruebas y actuar en consecuencia, aunque en realidad nunca lo hacen.<\/p>\n<p>Se habla de la existencia de un pacto de respeto hacia los antecesores, aunque no de protecci\u00f3n a su equipo, por lo que el hilo siempre se revienta por lo m\u00e1s delgado.<\/p>\n<p>Hay ciertas dudas suspendidas en el aire sobre la pasividad de los Ejecutivos y es que lo que se le haga al anterior, se lo har\u00e1n al posterior.<\/p>\n<p>Es cierto que, en la \u00e9poca de los gobiernos priistas, los sucesores eran parte del mismo equipo gobernante y se eleg\u00eda al candidato que, casi siempre, resultaba ser el hijo putativo del anterior o su hermano o amigo de la vida.<\/p>\n<p>As\u00ed fue como Miguel Alem\u00e1n, llamado el \u201cCachorro de la Revoluci\u00f3n\u201d fue seleccionado y Adolfo Ruiz Cortines hizo lo propio con Adolfo L\u00f3pez Mateos, para refrescar la Presidencia con un joven y \u00e9ste opt\u00f3 por Gustavo D\u00edaz Ordaz su antiguo compa\u00f1ero del Senado y el poblano lo hizo con Luis Echeverr\u00eda su c\u00f3mplice en la represi\u00f3n estudiantil.<\/p>\n<p>Echeverr\u00eda eligi\u00f3 a su compa\u00f1ero de andanzas Jos\u00e9 L\u00f3pez Portillo y Jolopo decidi\u00f3 que Miguel de la Madrid era el indicado para refrescar la conducci\u00f3n del pa\u00eds. De la Madrid se decidi\u00f3 por su hijo putativo. Carlos Salinas de Gortari decidi\u00f3 que Luis Donaldo Colosio seguir\u00eda sus consejos y cuando fall\u00f3 el plan se fue por Ernesto Zedillo, a quien consideraba una eventual marioneta, lo que result\u00f3 ser un boomerang.<\/p>\n<p>En situaciones dif\u00edciles cada uno de ellos actu\u00f3 en consecuencia. Ruiz Cortines ejecut\u00f3 a los gobernadores alemanistas como Manuel Bartlett, Tom\u00e1s Marentes y Alejandro G\u00f3mez Maganda, entre otros.<\/p>\n<p>Luis Echeverr\u00eda releg\u00f3 a los miembros del gabinete de D\u00edaz Ordaz y L\u00f3pez Portillo fue m\u00e1s all\u00e1 y encarcel\u00f3 F\u00e9lix Barra y Eugenio M\u00e9ndez Docurro del gabinete anterior y Alfredo R\u00edos Camarena y Fausto Cant\u00fa Pe\u00f1a, entre otros cercanos de Echeverr\u00eda. De la Madrid persigui\u00f3 y encarcel\u00f3 a Arturo Durazo Moreno y al entonces senador Jorge D\u00edaz Serrano.<\/p>\n<p>Salinas actu\u00f3 con tiento, ya que requer\u00eda de unidad, ante las sospechas de fraude electoral, pero le dio tiempo para defenestrar a los gobernadores Mario Ram\u00f3n Beteta, Luis Mart\u00ednez Villica\u00f1a y Xicot\u00e9ncatl Leyva y Zedillo mostr\u00f3 que la camisa salinista no le quedaba y actu\u00f3 en consecuencia, marginando al ex Presidente y encarcelando a su hermano, Ra\u00fal.<\/p>\n<p>Sin embargo, salvo el caso de Zedillo con Salinas, los ex presidente gozaron de impunidad o sus sucesores no quisieron investigar para fincarles responsabilidades.<\/p>\n<p>Con todo y ello, la ciudadan\u00eda mantuvo en alto su clamor de actuar en contra de los ex Presidentes, sin resultado alguno.<\/p>\n<p>Regularmente se guardaba la informaci\u00f3n sobre eventuales actos de corrupci\u00f3n, para amagar cualquier intento de intromisi\u00f3n en la siguiente administraci\u00f3n.<\/p>\n<p>Los rumores sobre acuerdos y compromisos siguieron y se intensificaron m\u00e1s en el actual gobierno, ya que fue evidente la gran corruptela de la pasada administraci\u00f3n, en la que se incluy\u00f3 al entonces Presidente Enrique Pe\u00f1a Nieto. La pasividad del gobierno de Andr\u00e9s Manuel L\u00f3pez Obrador para actuar en contra de su antecesor dio pie a murmullos y rumores sobre un supuesto pacto.<\/p>\n<p>Ahora la Fiscal\u00eda General de la Rep\u00fablica detona que hay tres investigaciones en contra de Pe\u00f1a Nieto: lavado de dinero, delitos electorales y enriquecimiento il\u00edcito.\u00a0 El presidente L\u00f3pez Obrador se deslind\u00f3 del tema y neg\u00f3 se trate de una venganza contra su antecesor.<\/p>\n<p style=\"text-align: center;\">\u00a0*****<\/p>\n<p>Incre\u00edble resulta que Ren\u00e9 Curiel Obscura se encuentre de vuelta en Pemex, ya que el sexenio anterior fue el principal operador de la direcci\u00f3n general que encabez\u00f3 Jos\u00e9 Antonio Gonz\u00e1lez Anaya, a quien tambi\u00e9n acompa\u00f1\u00f3 como oficial mayor en Hacienda y el gran negociador en el IMSS. Curiel, como su segundo apellido, es un personaje obscuro, con negro historial que ahora despacha como delegado en Pemex Operaci\u00f3n y Exploraci\u00f3n.<\/p>\n<p><a href=\"mailto:ramonzurita44@hotmail.com\" target=\"_blank\" rel=\"noopener noreferrer\"><em>ramonzurita44@hotmail.com<\/em><\/a><\/p>\n","protected":false},"excerpt":{"rendered":"<p><span style=\"color: #005497;\"><strong>Ram\u00f3n Zurita Sahag\u00fan<\/strong><\/span><\/p>\n","protected":false},"author":3,"featured_media":0,"comment_status":"open","ping_status":"open","sticky":false,"template":"","format":"standard","meta":{"_monsterinsights_skip_tracking":false,"_monsterinsights_sitenote_active":false,"_monsterinsights_sitenote_note":"","_monsterinsights_sitenote_category":0,"footnotes":""},"categories":[234],"tags":[304,43674,43687],"class_list":["post-555650","post","type-post","status-publish","format-standard","hentry","category-ramon-zurita-sahagun","tag-de-frente-y-de-perfil","tag-opinion","tag-ramon-zurita-sahagun"],"_links":{"self":[{"href":"https:\/\/www.diarioimagen.net\/index.php?rest_route=\/wp\/v2\/posts\/555650","targetHints":{"allow":["GET"]}}],"collection":[{"href":"https:\/\/www.diarioimagen.net\/index.php?rest_route=\/wp\/v2\/posts"}],"about":[{"href":"https:\/\/www.diarioimagen.net\/index.php?rest_route=\/wp\/v2\/types\/post"}],"author":[{"embeddable":true,"href":"https:\/\/www.diarioimagen.net\/index.php?rest_route=\/wp\/v2\/users\/3"}],"replies":[{"embeddable":true,"href":"https:\/\/www.diarioimagen.net\/index.php?rest_route=%2Fwp%2Fv2%2Fcomments&post=555650"}],"version-history":[{"count":0,"href":"https:\/\/www.diarioimagen.net\/index.php?rest_route=\/wp\/v2\/posts\/555650\/revisions"}],"wp:attachment":[{"href":"https:\/\/www.diarioimagen.net\/index.php?rest_route=%2Fwp%2Fv2%2Fmedia&parent=555650"}],"wp:term":[{"taxonomy":"category","embeddable":true,"href":"https:\/\/www.diarioimagen.net\/index.php?rest_route=%2Fwp%2Fv2%2Fcategories&post=555650"},{"taxonomy":"post_tag","embeddable":true,"href":"https:\/\/www.diarioimagen.net\/index.php?rest_route=%2Fwp%2Fv2%2Ftags&post=555650"}],"curies":[{"name":"wp","href":"https:\/\/api.w.org\/{rel}","templated":true}]}}