{"id":555733,"date":"2022-08-05T00:05:51","date_gmt":"2022-08-05T05:05:51","guid":{"rendered":"https:\/\/www.diarioimagen.net\/?p=555733"},"modified":"2022-08-07T21:15:11","modified_gmt":"2022-08-08T02:15:11","slug":"reconoce-alfredo-del-mazo-a-la-uaem-por-ser-la-mejor-universidad-publica-estatal","status":"publish","type":"post","link":"https:\/\/www.diarioimagen.net\/?p=555733","title":{"rendered":"Reconoce Alfredo Del Mazo a la UAEM por ser la mejor universidad p\u00fablica estatal"},"content":{"rendered":"<p>&nbsp;<\/p>\n<ul>\n<li><em><strong>De acuerdo al ranking Times Higher Education<\/strong><\/em><\/li>\n<\/ul>\n<p style=\"font-weight: 400;\"><strong>\u00a0<\/strong><\/p>\n<div id=\"attachment_555734\" style=\"width: 470px\" class=\"wp-caption aligncenter\"><a href=\"https:\/\/www.diarioimagen.net\/?attachment_id=555734\" rel=\"attachment wp-att-555734\"><img loading=\"lazy\" decoding=\"async\" aria-describedby=\"caption-attachment-555734\" class=\"size-full wp-image-555734\" src=\"https:\/\/www.diarioimagen.net\/wp-content\/uploads\/2022\/08\/del-mazo.jpg\" alt=\"\" width=\"460\" height=\"270\" \/><\/a><p id=\"caption-attachment-555734\" class=\"wp-caption-text\">El gobernador del Estado de M\u00e9xico, Alfredo Del Mazo, indic\u00f3 que el ranking Times Higher Education (THE) reconoci\u00f3 a la UAEM como la mejor universidad p\u00fablica estatal del pa\u00eds.<\/p><\/div>\n<p>&nbsp;<\/p>\n<p style=\"font-weight: 400;\">El gobernador mexiquense Alfredo Del Mazo Maza reconoci\u00f3 a la Universidad Aut\u00f3noma del Estado de M\u00e9xico (UAEM) por ser evaluada como la mejor Universidad p\u00fablica estatal del pa\u00eds, de acuerdo con el ranking Times Higher Education (THE).<\/p>\n<p style=\"font-weight: 400;\">Al poner en marcha el Ciclo Escolar 2022-2023, el mandatario estatal subray\u00f3 que este logro es producto del trabajo de toda la comunidad universitaria y, en especial, del rector Carlos Eduardo Barrera D\u00edaz.<\/p>\n<p style=\"font-weight: 400;\">\u00abEs un gran orgullo para el Estado de M\u00e9xico que por primera vez en la historia de la Universidad, la Universidad Aut\u00f3noma del Estado de M\u00e9xico sea reconocida como la mejor universidad p\u00fablica estatal de todo el pa\u00eds. Es un gran orgullo para el Estado de M\u00e9xico, un m\u00e9rito sin duda de toda la comunidad universitaria y en especial, y lo quiero mencionar as\u00ed, del extraordinario trabajo que ha hecho el rector Barrera D\u00edaz, muchas felicidades a toda la comunidad universitaria\u00bb, expres\u00f3.<\/p>\n<p style=\"font-weight: 400;\">Del Mazo Maza se\u00f1al\u00f3, ante estudiantes, docentes, miembros del gabinete de la UAEM, rectores y representantes de diversas instituciones acad\u00e9micas, que detr\u00e1s del desarrollo y los avances de la entidad, se encuentra el sistema educativo m\u00e1s grande del pa\u00eds, que tiene en la UAEM su referente hist\u00f3rico m\u00e1s importante, ya que durante 194 a\u00f1os ha forjado generaciones de mujeres y hombres responsables y comprometidos con el desarrollo del estado.<\/p>\n<p style=\"font-weight: 400;\">En el evento, Alfredo Del Mazo y el rector de esta casa de estudios, Carlos Eduardo Barrera D\u00edaz, tambi\u00e9n dieron inicio al Ciclo Escolar 2022-2023, el cual contar\u00e1 con una matr\u00edcula superior a 94 mil estudiantes, y que representa un incremento en relaci\u00f3n al ciclo anterior, a pesar de las dificultades que la pandemia ha presentado en el sector educativo.<\/p>\n<p style=\"font-weight: 400;\">El gobernador tambi\u00e9n inaugur\u00f3 el nuevo Edificio \u201cB\u201d de la Escuela de Artes Esc\u00e9nicas, en Toluca, Estado de M\u00e9xico, y asegur\u00f3 que este espacio impulsar\u00e1 el arte, la cultura y las tradiciones de la entidad. Tambi\u00e9n entreg\u00f3 cuatro unidades de transporte <em>Potro Verdeb\u00fas<\/em> y motocicletas para mejorar la seguridad en los planteles de esta universidad.<\/p>\n<p style=\"font-weight: 400;\">\u00abHoy nos da mucho gusto acompa\u00f1ar a nuestra m\u00e1xima casa de estudios en este edificio, en este nuevo edificio para impulsar las artes esc\u00e9nicas en nuestro estado. Acabamos de entrar a conocer este centro, adem\u00e1s de los espacios que tiene estamos seguros que ser\u00e1 un espacio para seguir promoviendo el arte, la cultura y las tradiciones de nuestro querido Estado de M\u00e9xico.<\/p>\n<p style=\"font-weight: 400;\">\u00abNos da mucho gusto que tambi\u00e9n lo podamos acompa\u00f1ar en la entrega de estos nuevos autobuses para el sistema de <em>Potrob\u00fas<\/em>, de esta universidad, los primeros cuatro con gas y tecnolog\u00eda Euro Cinco para reducir la emisi\u00f3n de contaminantes a la atm\u00f3sfera\u00bb, se\u00f1al\u00f3.<\/p>\n<p style=\"font-weight: 400;\">Durante esta ceremonia, el gobernador y el rector entregaron las Preseas \u201cIgnacio Ram\u00edrez Calzada\u201d e \u201cIgnacio Manuel Altamirano Basilio\u00bb, a docentes y alumnos egresados, a quienes la comunidad universitaria reconoce por sus contribuciones acad\u00e9micas, adem\u00e1s, develaron una placa conmemorativa de la Excelencia Acad\u00e9mica UAEM, por su resultado en el ranking del Times Higher Education (THE).<\/p>\n<p style=\"font-weight: 400;\">El titular del Ejecutivo estatal destac\u00f3 el trabajo de colaboraci\u00f3n que existe entre el Gobierno estatal, mediante el Consejo Mexiquense de Ciencia y Tecnolog\u00eda (Comecyt) y la UAEM, y el cual beneficia a las y los universitarios con acciones como la instalaci\u00f3n del Centro de Innovaci\u00f3n Digital, el Laboratorio de Realidad Virtual y Edici\u00f3n Digital, adem\u00e1s de la apertura de la segunda convocatoria de becas para educaci\u00f3n y posgrado, en la que se otorgar\u00e1n m\u00e1s de 3 mil 800 becas, en cinco programas y se apoyar\u00e1 la publicaci\u00f3n de hasta 40 art\u00edculos cient\u00edficos auditados.<\/p>\n<p style=\"font-weight: 400;\">\u00abTan solo en este a\u00f1o, la UAEM y el Comecyt han colaborado en la instalaci\u00f3n del Centro de Innovaci\u00f3n Digital de la Facultad de Ciencias, y del Laboratorio tambi\u00e9n de Realidad Virtual y Edici\u00f3n Digital en la Facultad de Arquitectura; dos proyectos que son referentes nacionales en educaci\u00f3n y recursos digitales. En este mismo esp\u00edritu de cooperaci\u00f3n con la Universidad, anunciamos la apertura de la Segunda Convocatoria de Becas del Comecyt para educaci\u00f3n y posgrado, correspondientes al segundo semestre del a\u00f1o 2022, y en la que se estar\u00e1n otorgando m\u00e1s de 3 mil 800 becas en cinco programas\u00bb, se\u00f1al\u00f3.<\/p>\n<p style=\"font-weight: 400;\">Por su parte, el rector Carlos Eduardo Barrera D\u00edaz, puntualiz\u00f3 que la construcci\u00f3n de este nuevo edificio requiri\u00f3 mucho tiempo, y que fue dise\u00f1ado especialmente para la danza, al tiempo de contar con servicios complementarios como un gimnasio, consultorio, \u00e1rea de rehabilitaci\u00f3n, vestidores, y reconoci\u00f3 a la empresa Santander por el apoyo para esta infraestructura.<\/p>\n<p style=\"font-weight: 400;\">Sobre las unidades verdes del sistema de transporte universitario <em>Potrob\u00fas,<\/em> refiri\u00f3 que funcionan con gas natural y que reducir\u00e1n hasta 95 por ciento la emisi\u00f3n de part\u00edculas, 90 por ciento los \u00f3xidos de nitr\u00f3geno y 20 por ciento los gases de efecto invernadero, con lo cual la UAEM refrenda su compromiso de ser la universidad m\u00e1s verde de M\u00e9xico.<\/p>\n","protected":false},"excerpt":{"rendered":"<p>El gobernador mexiquense Alfredo Del Mazo Maza reconoci\u00f3 a la Universidad Aut\u00f3noma del Estado de M\u00e9xico (UAEM) por ser evaluada como la mejor Universidad p\u00fablica estatal del pa\u00eds, de acuerdo con el ranking Times Higher Education (THE).<\/p>\n","protected":false},"author":1,"featured_media":555734,"comment_status":"open","ping_status":"open","sticky":false,"template":"","format":"standard","meta":{"_monsterinsights_skip_tracking":false,"_monsterinsights_sitenote_active":false,"_monsterinsights_sitenote_note":"","_monsterinsights_sitenote_category":0,"footnotes":""},"categories":[5],"tags":[66403,1490],"class_list":["post-555733","post","type-post","status-publish","format-standard","has-post-thumbnail","hentry","category-estado-de-mexico","tag-mejor","tag-universidad-autonoma-del-estado-de-mexico"],"_links":{"self":[{"href":"https:\/\/www.diarioimagen.net\/index.php?rest_route=\/wp\/v2\/posts\/555733","targetHints":{"allow":["GET"]}}],"collection":[{"href":"https:\/\/www.diarioimagen.net\/index.php?rest_route=\/wp\/v2\/posts"}],"about":[{"href":"https:\/\/www.diarioimagen.net\/index.php?rest_route=\/wp\/v2\/types\/post"}],"author":[{"embeddable":true,"href":"https:\/\/www.diarioimagen.net\/index.php?rest_route=\/wp\/v2\/users\/1"}],"replies":[{"embeddable":true,"href":"https:\/\/www.diarioimagen.net\/index.php?rest_route=%2Fwp%2Fv2%2Fcomments&post=555733"}],"version-history":[{"count":0,"href":"https:\/\/www.diarioimagen.net\/index.php?rest_route=\/wp\/v2\/posts\/555733\/revisions"}],"wp:featuredmedia":[{"embeddable":true,"href":"https:\/\/www.diarioimagen.net\/index.php?rest_route=\/wp\/v2\/media\/555734"}],"wp:attachment":[{"href":"https:\/\/www.diarioimagen.net\/index.php?rest_route=%2Fwp%2Fv2%2Fmedia&parent=555733"}],"wp:term":[{"taxonomy":"category","embeddable":true,"href":"https:\/\/www.diarioimagen.net\/index.php?rest_route=%2Fwp%2Fv2%2Fcategories&post=555733"},{"taxonomy":"post_tag","embeddable":true,"href":"https:\/\/www.diarioimagen.net\/index.php?rest_route=%2Fwp%2Fv2%2Ftags&post=555733"}],"curies":[{"name":"wp","href":"https:\/\/api.w.org\/{rel}","templated":true}]}}