{"id":555783,"date":"2022-08-05T00:08:31","date_gmt":"2022-08-05T05:08:31","guid":{"rendered":"https:\/\/www.diarioimagen.net\/?p=555783"},"modified":"2022-08-08T01:42:13","modified_gmt":"2022-08-08T06:42:13","slug":"practicas-politicas-deleznables","status":"publish","type":"post","link":"https:\/\/www.diarioimagen.net\/?p=555783","title":{"rendered":"Pr\u00e1cticas pol\u00edticas deleznables"},"content":{"rendered":"<h2>Punto por punto<\/h2>\n<h5>Augusto Corro<\/h5>\n<p>&nbsp;<\/p>\n<p style=\"font-weight: 400;\">Aunque no ocurrieron irregularidades en todo el pa\u00eds, s\u00ed se trat\u00f3 de un golpe a la realidad. As\u00ed lo se\u00f1al\u00f3 la secretaria general del partido Movimiento Regeneraci\u00f3n Nacional (Morena), Citlalli Hern\u00e1ndez, al referirse a los hechos registrados en las elecciones internas de su organizaci\u00f3n pol\u00edtica, efectuadas el domingo pasado.<\/p>\n<p style=\"font-weight: 400;\">En los diferentes sitios para elegir consejeros se calentaron los \u00e1nimos y se desat\u00f3 la violencia entre los propios morenistas. No s\u00f3lo eso, tambi\u00e9n hubo acarreo, quema de urnas, coacci\u00f3n del voto, etc. Las pr\u00e1cticas pol\u00edticas deleznables de \u00e9pocas pasadas volvieron al presente.<\/p>\n<p style=\"font-weight: 400;\">Se trata de conductas que, se supon\u00eda, quedar\u00edan desplazadas por las nuevas corrientes morenistas; pero ocurri\u00f3 lo esperado en un partido en el que militan ex militantes de otras instituciones pol\u00edticas, donde la pr\u00e1ctica de ilegalidades electorales es parte de su vida pol\u00edtica.<\/p>\n<p style=\"font-weight: 400;\">En el ejercicio pol\u00edtico del domingo, Citlalli Hern\u00e1ndez reconoci\u00f3 el triunfo de los morenistas, pero admiti\u00f3 que se vieron casos vergonzosos, lastimosos, que \u201cindignan, que molestan, a quienes hemos construido este partido (Morena). En esta apertura que tuvimos en convocatoria vimos la expresi\u00f3n de las peores pr\u00e1cticas pol\u00edticas contra las que surgimos, alejados de esos vicios\u201d.<\/p>\n<p style=\"font-weight: 400;\">Tambi\u00e9n declar\u00f3 que esa organizaci\u00f3n pol\u00edtica tiene el reto de que no debe asumir estas pr\u00e1cticas con normalidad, no asumir con cinismo y \u201ccon poca seriedad lo que vimos: toca sancionar, dejar claro que tienen las puertas abiertas en Morena, pero no quienes replicar formas (irregularidades)\u201d.<\/p>\n<p style=\"font-weight: 400;\">Finalmente dijo que el problema de las irregularidades, \u201ccreo que no pas\u00f3 en todo el pa\u00eds, pero s\u00ed es un golpe de realidad. Lo viejo no termina de morir y lo nuevo no termina de nacer; pero Morena no puede acostumbrarse a esto. Hay una gran mayor\u00eda que cuestion\u00f3, conden\u00f3 y exige que se condene este tipo de actos\u201d.<\/p>\n<p style=\"font-weight: 400;\">A la fecha, en el partido guinda, cuyo l\u00edder moral es el presidente L\u00f3pez Obrador, la pr\u00e1ctica pol\u00edtica sufri\u00f3 una especie de pasividad pol\u00edtica, una vez que ganaron la Presidencia de la Rep\u00fablica. El resultado de esa victoria sirvi\u00f3 para asegurar triunfos electorales estatales. Esa calma chicha en el escenario pol\u00edtico s\u00f3lo se vio interrumpida por inconformidades de morenistas en algunos actos.<\/p>\n<p style=\"font-weight: 400;\">Por ejemplo, la selecci\u00f3n de candidatos a las gubernaturas como ocurri\u00f3 con F\u00e9lix Salgado Macedonio; y con el pleito de Mario Delgado contra Porfirio Mu\u00f1oz Ledo por la dirigencia del partido. En ning\u00fan momento estuvo en riesgo la unidad partidista, que tampoco se vio como amenaza al partido el domingo pasado.<\/p>\n<p style=\"font-weight: 400;\">Sin embargo, las pugnas entre los morenistas est\u00e1n por empezar. No olvidar que Morena no cuenta con los diputados para realizar las reformas institucionales que desea el presidente L\u00f3pez Obrador. \u00bfQui\u00e9n fall\u00f3 en la b\u00fasqueda de incrementar el n\u00famero de legisladores guindas en San L\u00e1zaro? Esa pregunta la debe contestar Mario Delgado, el l\u00edder morenista.<\/p>\n<p style=\"font-weight: 400;\">Las pr\u00f3ximas luchas ser\u00e1n m\u00e1s intensas y tendr\u00e1n como teatro principal las militancias morenistas donde se tratar\u00e1 de formar tribus de apoyo a las \u201ccorcholatas\u201d que ya fueron destapadas por el presidente L\u00f3pez Obrador. Las diferentes corrientes a favor o en contra de los precandidatos pondr\u00e1 en riesgo la unidad del partido.<\/p>\n<p style=\"font-weight: 400;\">Ya el l\u00edder moral del partido mencion\u00f3 a las denominadas \u201ccorcholatas\u201d Claudia Sheinbaum, jefa del gobierno capitalino; Marcelo Ebrard, titular de la Secretar\u00eda de Relaciones Exteriores (SRE) y Ad\u00e1n Augusto L\u00f3pez, secretario de Gobernaci\u00f3n.<\/p>\n<p style=\"font-weight: 400;\">El \u201cdestape\u201d tempranero de los precandidatos presidenciales servir\u00e1 para la formaci\u00f3n de grupos en el interior de Morena; as\u00ed como una serie de inconformidades. Una de estas ya fue manifestada por el canciller, Marcelo Ebrard, que demand\u00f3 piso parejo para los morenistas que participar\u00e1n en la contienda electoral federal.<\/p>\n<p style=\"font-weight: 400;\">Y el denominado piso parejo tendr\u00e1 que tomar en cuenta al senador Ricardo Monreal, quien no fue designado como \u201ccorcholata\u201d, pero que tiene inter\u00e9s en participar como aspirante en la elecci\u00f3n presidencial.<\/p>\n<p style=\"font-weight: 400;\">En fin, ya se vio el domingo, que en Morena a\u00fan se encuentran militantes acostumbrados a realizar pr\u00e1cticas pol\u00edticas deleznables. \u00bfAlg\u00fan d\u00eda se erradicar\u00e1n esas irregularidades deplorables?<\/p>\n<p style=\"font-weight: 400;\">\u00bfUsted qu\u00e9 opina amable lector?<\/p>\n<p style=\"font-weight: 400;\"><em> <a href=\"mailto:aco2742@hotmail.com\" target=\"_blank\" rel=\"noopener noreferrer\">aco2742@hotmail.com<\/a><\/em><\/p>\n","protected":false},"excerpt":{"rendered":"<p><span style=\"color: #005497;\"><strong>Augusto Corro<\/strong><\/span><\/p>\n","protected":false},"author":1,"featured_media":0,"comment_status":"open","ping_status":"open","sticky":false,"template":"","format":"standard","meta":{"_monsterinsights_skip_tracking":false,"_monsterinsights_sitenote_active":false,"_monsterinsights_sitenote_note":"","_monsterinsights_sitenote_category":0,"footnotes":""},"categories":[157],"tags":[43686,43674,11515],"class_list":["post-555783","post","type-post","status-publish","format-standard","hentry","category-augusto-corro","tag-augusto-corro","tag-opinion","tag-punto-por-punto"],"_links":{"self":[{"href":"https:\/\/www.diarioimagen.net\/index.php?rest_route=\/wp\/v2\/posts\/555783","targetHints":{"allow":["GET"]}}],"collection":[{"href":"https:\/\/www.diarioimagen.net\/index.php?rest_route=\/wp\/v2\/posts"}],"about":[{"href":"https:\/\/www.diarioimagen.net\/index.php?rest_route=\/wp\/v2\/types\/post"}],"author":[{"embeddable":true,"href":"https:\/\/www.diarioimagen.net\/index.php?rest_route=\/wp\/v2\/users\/1"}],"replies":[{"embeddable":true,"href":"https:\/\/www.diarioimagen.net\/index.php?rest_route=%2Fwp%2Fv2%2Fcomments&post=555783"}],"version-history":[{"count":0,"href":"https:\/\/www.diarioimagen.net\/index.php?rest_route=\/wp\/v2\/posts\/555783\/revisions"}],"wp:attachment":[{"href":"https:\/\/www.diarioimagen.net\/index.php?rest_route=%2Fwp%2Fv2%2Fmedia&parent=555783"}],"wp:term":[{"taxonomy":"category","embeddable":true,"href":"https:\/\/www.diarioimagen.net\/index.php?rest_route=%2Fwp%2Fv2%2Fcategories&post=555783"},{"taxonomy":"post_tag","embeddable":true,"href":"https:\/\/www.diarioimagen.net\/index.php?rest_route=%2Fwp%2Fv2%2Ftags&post=555783"}],"curies":[{"name":"wp","href":"https:\/\/api.w.org\/{rel}","templated":true}]}}