{"id":555789,"date":"2022-08-05T00:03:28","date_gmt":"2022-08-05T05:03:28","guid":{"rendered":"https:\/\/www.diarioimagen.net\/?p=555789"},"modified":"2022-08-07T21:43:24","modified_gmt":"2022-08-08T02:43:24","slug":"por-morena-ira-delfina","status":"publish","type":"post","link":"https:\/\/www.diarioimagen.net\/?p=555789","title":{"rendered":"Por Morena, ir\u00e1 Delfina"},"content":{"rendered":"<h2>Espacio Electoral<\/h2>\n<h5>Eleazar Flores<\/h5>\n<p>&nbsp;<\/p>\n<p style=\"font-weight: 400;\"><strong>\u00bfY LOS MOCHES AP\u00c1?-.<\/strong> Salvo que ocurriera algo inesperado, el libreto fue terminado el mi\u00e9rcoles avanzada la noche y dice: Siguiendo instrucciones superiores, el gerente nacional de Movimiento Regeneraci\u00f3n Nacional, Mario Delgado, anunciar\u00e1 ma\u00f1ana jueves que la secretaria de Educaci\u00f3n P\u00fablica, Delfina G\u00f3mez \u00c1lvarez, ser\u00e1 la coordinadora del Comit\u00e9 Estatal en Defensa del Voto.<\/p>\n<p style=\"font-weight: 400;\">En pocas palabras y en poco tiempo, definen a la candidata de Morena al gobierno mexiquense para las elecciones del primer domingo de junio de 2023, dejando en la orilla al ecatepequense y segundo lugar en las encuestas Fernando Vilchis, as\u00ed como al tozudo Higinio Mart\u00ednez que gast\u00f3 mucho en publicidad y a Horacio Duarte, a quien de poco le sirvi\u00f3 la portada, \u00bfpagada? en\u00a0 una revista y sus espectaculares.<\/p>\n<p style=\"font-weight: 400;\">As\u00ed se despeja la inc\u00f3gnita o recurriendo a la frase del inmortal Gabriel Garc\u00eda M\u00e1rquez, concluyendo la etapa de una candidatura anunciada, gracias a las fantasmag\u00f3ricas encuestas \u201cmorenas\u201d, de las cu\u00e1les poco se sabe de su organizaci\u00f3n, menos de recuentos y escrutinios, ignorados estos \u00faltimos hasta por los involucrados, candidatos o participantes en los procesos.<\/p>\n<p style=\"font-weight: 400;\">Los maledicentes, pero sobre todo los mal pensados que abundan dentro y fuera de Morena, creen que la texcocana egresada de la anta\u00f1o prestigiosa Universidad Pedag\u00f3gica Nacional, se \u201cmoch\u00f3\u201d con los otros aspirantes para que aceptaran el resultado.<\/p>\n<p style=\"font-weight: 400;\">Esto \u00faltimo no crea que es gratuito, el propio Mario Delgado\u00a0 anunci\u00f3 el mismo mi\u00e9rcoles\u00a0 avanzada la noche, que ya hab\u00eda platicado con los dem\u00e1s participantes, -los tres no los sesenta y siete inscritos en principio-, quienes al parecer seg\u00fan el gerente partidista, aceptaron el resultado que favorec\u00eda a la profesora con varias especialidades en el campo docente.<\/p>\n<p style=\"font-weight: 400;\"><strong>LOS OTROS-.<\/strong> Fernando Vilchis, presidente municipal con licencia, podr\u00e1 regresar sin problemas a Ecatepec, a resolver los m\u00faltiples problemas por la inseguridad, y en los \u00faltimos d\u00edas por la aguda escasez de agua, casi como la que padecen los neoloneses.<\/p>\n<p style=\"font-weight: 400;\">Horacio Duarte tendr\u00e1 tiempo para testimoniar la militarizaci\u00f3n de las aduanas, que por instrucci\u00f3n de ya sabe qui\u00e9n, abandonar\u00e1 todo el personal civil, teniendo como fecha l\u00edmite para cumplir la orden el 31 de diciembre.<\/p>\n<p style=\"font-weight: 400;\">Quien seguramente opuso m\u00e1s resistencia ante la derrota fue el senador con licencia Higinio Mart\u00ednez, pues no podr\u00e1 ir por revancha, ya que en su expediente hay una derrota dolorosa, la de julio de 1999 ante el priista Arturo Montiel.<\/p>\n<p style=\"font-weight: 400;\">Incluso el tal Higinio fue quien m\u00e1s gast\u00f3 en su promoci\u00f3n personal, misma que empez\u00f3 con el a\u00f1o y aument\u00e1ndole con el correr de los meses.<\/p>\n<p style=\"font-weight: 400;\">De sus concentraciones ni hablar, pagando transportes y todo lo que incluye cualquier \u201coperaci\u00f3n acarreo\u201d como la celebrada en Toluca, en junio.<\/p>\n<p style=\"font-weight: 400;\"><em> <a href=\"mailto:elefa44@gmail.com\" target=\"_blank\" rel=\"noopener noreferrer\">elefa44@gmail.com<\/a><\/em><\/p>\n","protected":false},"excerpt":{"rendered":"<p><span style=\"color: #005497;\"><strong>Eleazar Flores<\/strong><\/span><\/p>\n","protected":false},"author":1,"featured_media":0,"comment_status":"open","ping_status":"open","sticky":false,"template":"","format":"standard","meta":{"_monsterinsights_skip_tracking":false,"_monsterinsights_sitenote_active":false,"_monsterinsights_sitenote_note":"","_monsterinsights_sitenote_category":0,"footnotes":""},"categories":[81743],"tags":[81744,81776,43674],"class_list":["post-555789","post","type-post","status-publish","format-standard","hentry","category-eleazar-flores","tag-eleazar-flores","tag-espacio-electoral","tag-opinion"],"_links":{"self":[{"href":"https:\/\/www.diarioimagen.net\/index.php?rest_route=\/wp\/v2\/posts\/555789","targetHints":{"allow":["GET"]}}],"collection":[{"href":"https:\/\/www.diarioimagen.net\/index.php?rest_route=\/wp\/v2\/posts"}],"about":[{"href":"https:\/\/www.diarioimagen.net\/index.php?rest_route=\/wp\/v2\/types\/post"}],"author":[{"embeddable":true,"href":"https:\/\/www.diarioimagen.net\/index.php?rest_route=\/wp\/v2\/users\/1"}],"replies":[{"embeddable":true,"href":"https:\/\/www.diarioimagen.net\/index.php?rest_route=%2Fwp%2Fv2%2Fcomments&post=555789"}],"version-history":[{"count":0,"href":"https:\/\/www.diarioimagen.net\/index.php?rest_route=\/wp\/v2\/posts\/555789\/revisions"}],"wp:attachment":[{"href":"https:\/\/www.diarioimagen.net\/index.php?rest_route=%2Fwp%2Fv2%2Fmedia&parent=555789"}],"wp:term":[{"taxonomy":"category","embeddable":true,"href":"https:\/\/www.diarioimagen.net\/index.php?rest_route=%2Fwp%2Fv2%2Fcategories&post=555789"},{"taxonomy":"post_tag","embeddable":true,"href":"https:\/\/www.diarioimagen.net\/index.php?rest_route=%2Fwp%2Fv2%2Ftags&post=555789"}],"curies":[{"name":"wp","href":"https:\/\/api.w.org\/{rel}","templated":true}]}}