{"id":555888,"date":"2022-08-08T00:05:58","date_gmt":"2022-08-08T05:05:58","guid":{"rendered":"https:\/\/www.diarioimagen.net\/?p=555888"},"modified":"2022-08-09T03:32:48","modified_gmt":"2022-08-09T08:32:48","slug":"casa-de-tlalpan-cuna-de-la-universidad-autonoma-del-estado-de-mexico","status":"publish","type":"post","link":"https:\/\/www.diarioimagen.net\/?p=555888","title":{"rendered":"\u201cCasa de Tlalpan\u201d, cuna de la Universidad Aut\u00f3noma del Estado de M\u00e9xico"},"content":{"rendered":"<p>&nbsp;<\/p>\n<ul>\n<li><em><strong>\u00a1Somos Historia en Construcci\u00f3n!<\/strong><\/em><\/li>\n<\/ul>\n<p><strong>\u00a0<\/strong><\/p>\n<div id=\"attachment_555972\" style=\"width: 470px\" class=\"wp-caption aligncenter\"><img loading=\"lazy\" decoding=\"async\" aria-describedby=\"caption-attachment-555972\" class=\"size-full wp-image-555972\" src=\"https:\/\/www.diarioimagen.net\/wp-content\/uploads\/2022\/08\/uaem-4.jpg\" alt=\"\" width=\"460\" height=\"270\" \/><p id=\"caption-attachment-555972\" class=\"wp-caption-text\">El inicio de la Universidad Aut\u00f3noma del Estado de M\u00e9xico se encuentra a m\u00e1s de 60 kil\u00f3metros de distancia del Edificio de Rector\u00eda.<\/p><\/div>\n<p>&nbsp;<\/p>\n<p><strong>Tlalpan, Ciudad de M\u00e9xico.\u2014 <\/strong>El Instituto Literario, ahora Universidad Aut\u00f3noma del Estado de M\u00e9xico (UAEM\u00e9x), fue fundado el 3 de marzo de 1828 en lo que se conoci\u00f3 como la Casa de las Piedras Miyeras, en el pueblo de Tlalpan, cuando fung\u00eda como la capital del Estado de M\u00e9xico.<\/p>\n<p>El Instituto funcion\u00f3 en ese predio hasta 1830, donde pasaron por sus aulas alrededor de 340 estudiantes, los primeros institutenses. En ese a\u00f1o, los poderes de la entidad fueron trasladados a Toluca, hecho que la convirti\u00f3 en la capital. Entonces, la UAEM\u00e9x encontr\u00f3 su casa en el actual Edificio de Rector\u00eda.<\/p>\n<p>Pasaron los a\u00f1os y el predio de Tlalpan tuvo varios due\u00f1os. Fue hasta 1979, con motivo del aniversario 150 del Instituto Literario, cuando Carlos Hank Gonz\u00e1lez, quien fue gobernador del Estado de M\u00e9xico y luego Jefe de Gobierno del Distrito Federal, realiz\u00f3 los tr\u00e1mites para la adquisici\u00f3n del inmueble y se lo otorg\u00f3 a la UAEM\u00e9x.<\/p>\n<p>La universidad recuper\u00f3 su g\u00e9nesis, el predio donde comenz\u00f3 la Casa de los 100 Arcos. Se le solicit\u00f3 al entonces director de la Facultad de Arquitectura y Disen\u0303o, Adolfo Galva\u0301n Espinosa, la construcci\u00f3n de una casa de cultura, donde se reflejara el pasado hist\u00f3rico y la modernidad.<\/p>\n<p>David Alejandro Teapila Valencia, quien es el actual director de la Casa de Cultura de la UAEM\u00e9x en Tlalpan, consider\u00f3 que hab\u00eda una necesidad, como instituci\u00f3n, \u201cde regresar a nuestras ra\u00edces y a nuestros or\u00edgenes\u201d.<\/p>\n<p>Detall\u00f3 que en la construcci\u00f3n de la Casa de Cultura se respetaron los vestigios arquitect\u00f3nicos, entre los que se encuentra una escalera, acompa\u00f1ada de un muro, que dan la bienvenida a las salas de exhibici\u00f3n. Tambi\u00e9n, al entrar al predio, hay otro muro que data del siglo XVIII.<\/p>\n<p>La nueva edificaci\u00f3n, destac\u00f3, tiene una arquitectura moderna, apegada al brutalismo, donde los materiales de construcci\u00f3n, como las vigas, est\u00e1n\u00a0expuestos y visibles. \u201cEso ha permitido un contraste armonioso donde se fusionan dos \u00e9pocas completamente diferentes\u201d.<\/p>\n<p>Dentro de la casa, abund\u00f3, se encuentra \u201cEl hombre universal\u201d, un vitral de veinte metros cuadrados creado por Lepoldo Flores en 1982. Est\u00e1 colocado como b\u00f3veda en la parte superior del inmueble y puede observarse desde la planta baja.<\/p>\n<p>Teapila Valencia comenta que a pesar de la explosi\u00f3n demogr\u00e1fica de la Ciudad de M\u00e9xico y la construcci\u00f3n de grandes avenidas que rodean la ahora alcad\u00eda de Tlalpan, sus calles y vecinos conservan un modo de vivir tranquilo, las calles son peque\u00f1as y ello podr\u00eda asemejar la vida que llevaron los institutenses de la \u00e9poca.<\/p>\n<p>En la actualidad, afirm\u00f3, Tlalpan cuenta con m\u00faltiples museos, galer\u00edas de arte y espacios de exhibici\u00f3n art\u00edstica. Sin embargo, enfatiz\u00f3 que la Casa de Cultura est\u00e1 a la vanguardia, ya que se ha distinguido por su colaboraci\u00f3n con universidades e instituciones p\u00fablicas y privadas, as\u00ed como con los habitantes de la zona.<\/p>\n<p>\u201cEl equipo de trabajo est\u00e1 comprometido para generar una oferta cultural a la altura de la Ciudad de M\u00e9xico. Las y los visitantes se maravillan por el espacio arquitect\u00f3nico, as\u00ed como por las exposiciones y actividades de la Casa\u201d.<\/p>\n<p>La Casa de la Cultura de la UAEM\u00e9x en Tlalpan se localiza en la Calle Triunfo de la Libertad, nu\u0301mero 9, dos calles atra\u0301s de la Alcald\u00eda. El calendario de actividades que en ella se realizan se encuentra disponible en su perfil de Facebook.<\/p>\n","protected":false},"excerpt":{"rendered":"<p>El Instituto Literario, ahora Universidad Aut\u00f3noma del Estado de M\u00e9xico (UAEM\u00e9x), fue fundado el 3 de marzo de 1828 en lo que se conoci\u00f3 como la Casa de las Piedras Miyeras, en el pueblo de Tlalpan, cuando fung\u00eda como la capital del Estado de M\u00e9xico.<\/p>\n","protected":false},"author":3,"featured_media":555972,"comment_status":"open","ping_status":"open","sticky":false,"template":"","format":"standard","meta":{"_monsterinsights_skip_tracking":false,"_monsterinsights_sitenote_active":false,"_monsterinsights_sitenote_note":"","_monsterinsights_sitenote_category":0,"footnotes":""},"categories":[5],"tags":[204,96137,3217,1490],"class_list":["post-555888","post","type-post","status-publish","format-standard","has-post-thumbnail","hentry","category-estado-de-mexico","tag-ciudad-de-mexico","tag-instituto-literario","tag-tlalpan","tag-universidad-autonoma-del-estado-de-mexico"],"_links":{"self":[{"href":"https:\/\/www.diarioimagen.net\/index.php?rest_route=\/wp\/v2\/posts\/555888","targetHints":{"allow":["GET"]}}],"collection":[{"href":"https:\/\/www.diarioimagen.net\/index.php?rest_route=\/wp\/v2\/posts"}],"about":[{"href":"https:\/\/www.diarioimagen.net\/index.php?rest_route=\/wp\/v2\/types\/post"}],"author":[{"embeddable":true,"href":"https:\/\/www.diarioimagen.net\/index.php?rest_route=\/wp\/v2\/users\/3"}],"replies":[{"embeddable":true,"href":"https:\/\/www.diarioimagen.net\/index.php?rest_route=%2Fwp%2Fv2%2Fcomments&post=555888"}],"version-history":[{"count":0,"href":"https:\/\/www.diarioimagen.net\/index.php?rest_route=\/wp\/v2\/posts\/555888\/revisions"}],"wp:featuredmedia":[{"embeddable":true,"href":"https:\/\/www.diarioimagen.net\/index.php?rest_route=\/wp\/v2\/media\/555972"}],"wp:attachment":[{"href":"https:\/\/www.diarioimagen.net\/index.php?rest_route=%2Fwp%2Fv2%2Fmedia&parent=555888"}],"wp:term":[{"taxonomy":"category","embeddable":true,"href":"https:\/\/www.diarioimagen.net\/index.php?rest_route=%2Fwp%2Fv2%2Fcategories&post=555888"},{"taxonomy":"post_tag","embeddable":true,"href":"https:\/\/www.diarioimagen.net\/index.php?rest_route=%2Fwp%2Fv2%2Ftags&post=555888"}],"curies":[{"name":"wp","href":"https:\/\/api.w.org\/{rel}","templated":true}]}}