{"id":555890,"date":"2022-08-08T00:02:02","date_gmt":"2022-08-08T05:02:02","guid":{"rendered":"https:\/\/www.diarioimagen.net\/?p=555890"},"modified":"2022-08-08T04:52:20","modified_gmt":"2022-08-08T09:52:20","slug":"no-me-voy-de-morena-ni-sere-candidato-de-otro-partido-afirma-higinio-martinez","status":"publish","type":"post","link":"https:\/\/www.diarioimagen.net\/?p=555890","title":{"rendered":"No me voy de Morena, ni ser\u00e9 candidato de otro partido, afirma Higinio Mart\u00ednez"},"content":{"rendered":"<p>&nbsp;<\/p>\n<ul>\n<li><em><strong>Respeta resultados de las encuestas<\/strong><\/em><\/li>\n<\/ul>\n<p><strong>\u00a0<\/strong><\/p>\n<h6>Arturo Baena<\/h6>\n<p>&nbsp;<\/p>\n<div id=\"attachment_555987\" style=\"width: 470px\" class=\"wp-caption aligncenter\"><img loading=\"lazy\" decoding=\"async\" aria-describedby=\"caption-attachment-555987\" class=\"size-full wp-image-555987\" src=\"https:\/\/www.diarioimagen.net\/wp-content\/uploads\/2022\/08\/no-me.jpg\" alt=\"\" width=\"460\" height=\"270\" \/><p id=\"caption-attachment-555987\" class=\"wp-caption-text\">El senador Higinio Mart\u00ednez Miranda, afirm\u00f3 que respeta los resultados de las encuestas como se comprometi\u00f3, y que continuar\u00e1 en el partido fiel a sus principios.<\/p><\/div>\n<p>&nbsp;<\/p>\n<p><strong>Texcoco, Estado de M\u00e9xico.\u2014<\/strong> \u201cNo me voy de Morena, no ser\u00e9 candidato de otro partido, no ser\u00e9 candidato independiente y no apoyar\u00e9 a ning\u00fan candidato de otro partido\u201d.<\/p>\n<p>As\u00ed lo asegur\u00f3, el Senador Higinio Mart\u00ednez Miranda tras conocer el anunci\u00f3 de la dirigencia nacional del Movimiento Regeneraci\u00f3n Nacional (Morena) sobre designaci\u00f3n de Delfina G\u00f3mez, como coordinadora de los Comit\u00e9s de la Cuarta Transformaci\u00f3n en el Estado de M\u00e9xico.<\/p>\n<p>Mart\u00ednez Miranda, afirm\u00f3 que respeta los resultados de las encuestas como se comprometi\u00f3, y que continuar\u00e1 en el partido fiel a sus principios.<\/p>\n<p>Reconoci\u00f3 que, tras 47 a\u00f1os de trayectoria, y 32 en cargos p\u00fablicos, aspiraba a cumplir su sue\u00f1o de cambiar el Estado de M\u00e9xico y ser candidato a Gobernador, tras contar con el apoyo de la mayor\u00eda de la militancia y un trabajo de casi tres a\u00f1os de recorrer m\u00e1s de 100 municipios, sin embargo no pudo concretarlo.<\/p>\n<p>El senador texcocano reiter\u00f3 que reconoce el resultado y no lo impugnar\u00e1, ni cuestionar\u00e1 las encuestas, pues se hab\u00eda comprometido a que as\u00ed lo har\u00eda y lo acepta tal como es.<\/p>\n<p>\u201cReconozco la decisi\u00f3n del partido, es que sea la maestra Delfina la coordinadora de los trabajos para el estado de M\u00e9xico, ella lo va a ser por decisi\u00f3n el partido y solamente le deseo a ella el mayor de los \u00e9xitos, le queda un trabajo muy grande, le deseo \u00e9xito, suerte, le pido a Dios que se acuerde a ella\u201d, apunt\u00f3.<\/p>\n<p>Mart\u00ednez Miranda record\u00f3 que a lo largo de toda su vida y desde la izquierda ha luchado contra el autoritarismo priista y as\u00ed seguir\u00e1 hasta el final de su participaci\u00f3n pol\u00edtica, y que nunca ha necesitado un cargo para luchar contra los abusos y la corrupci\u00f3n, pues es una cuesti\u00f3n de principios y de convicci\u00f3n.<\/p>\n<p>Higinio Mart\u00ednez agradeci\u00f3 el apoyo de miles de personas que confiaron en el Movimiento Mexiquenses de Coraz\u00f3n, el m\u00e1s amplio, fuerte y visible del Estado de M\u00e9xico registrado en los dos \u00faltimos tres a\u00f1os, a quienes pidi\u00f3 que se respete el resultado.<\/p>\n","protected":false},"excerpt":{"rendered":"<p>\u201cNo me voy de Morena, no ser\u00e9 candidato de otro partido, no ser\u00e9 candidato independiente y no apoyar\u00e9 a ning\u00fan candidato de otro partido\u201d.<\/p>\n","protected":false},"author":3,"featured_media":555987,"comment_status":"open","ping_status":"open","sticky":false,"template":"","format":"standard","meta":{"_monsterinsights_skip_tracking":false,"_monsterinsights_sitenote_active":false,"_monsterinsights_sitenote_note":"","_monsterinsights_sitenote_category":0,"footnotes":""},"categories":[5],"tags":[43675,96138,20663,540],"class_list":["post-555890","post","type-post","status-publish","format-standard","has-post-thumbnail","hentry","category-estado-de-mexico","tag-estado-de-mexico","tag-higinio-martinez-miranda","tag-morena","tag-texcoco"],"_links":{"self":[{"href":"https:\/\/www.diarioimagen.net\/index.php?rest_route=\/wp\/v2\/posts\/555890","targetHints":{"allow":["GET"]}}],"collection":[{"href":"https:\/\/www.diarioimagen.net\/index.php?rest_route=\/wp\/v2\/posts"}],"about":[{"href":"https:\/\/www.diarioimagen.net\/index.php?rest_route=\/wp\/v2\/types\/post"}],"author":[{"embeddable":true,"href":"https:\/\/www.diarioimagen.net\/index.php?rest_route=\/wp\/v2\/users\/3"}],"replies":[{"embeddable":true,"href":"https:\/\/www.diarioimagen.net\/index.php?rest_route=%2Fwp%2Fv2%2Fcomments&post=555890"}],"version-history":[{"count":0,"href":"https:\/\/www.diarioimagen.net\/index.php?rest_route=\/wp\/v2\/posts\/555890\/revisions"}],"wp:featuredmedia":[{"embeddable":true,"href":"https:\/\/www.diarioimagen.net\/index.php?rest_route=\/wp\/v2\/media\/555987"}],"wp:attachment":[{"href":"https:\/\/www.diarioimagen.net\/index.php?rest_route=%2Fwp%2Fv2%2Fmedia&parent=555890"}],"wp:term":[{"taxonomy":"category","embeddable":true,"href":"https:\/\/www.diarioimagen.net\/index.php?rest_route=%2Fwp%2Fv2%2Fcategories&post=555890"},{"taxonomy":"post_tag","embeddable":true,"href":"https:\/\/www.diarioimagen.net\/index.php?rest_route=%2Fwp%2Fv2%2Ftags&post=555890"}],"curies":[{"name":"wp","href":"https:\/\/api.w.org\/{rel}","templated":true}]}}