{"id":555892,"date":"2022-08-08T00:04:48","date_gmt":"2022-08-08T05:04:48","guid":{"rendered":"https:\/\/www.diarioimagen.net\/?p=555892"},"modified":"2022-08-08T04:51:33","modified_gmt":"2022-08-08T09:51:33","slug":"inicia-el-programa-protegiendo-el-futuro-en-escuelas-de-cuautitlan-izcalli","status":"publish","type":"post","link":"https:\/\/www.diarioimagen.net\/?p=555892","title":{"rendered":"Inicia el programa \u201cProtegiendo el Futuro\u201d\u00a0 en escuelas de Cuautitl\u00e1n Izcalli"},"content":{"rendered":"<p>&nbsp;<\/p>\n<p><img loading=\"lazy\" decoding=\"async\" class=\"aligncenter size-full wp-image-555985\" src=\"https:\/\/www.diarioimagen.net\/wp-content\/uploads\/2022\/08\/inicia-1.jpg\" alt=\"\" width=\"460\" height=\"270\" \/><\/p>\n<p>&nbsp;<\/p>\n<p><strong>Cuautitl\u00e1n Izcalli, Estado de M\u00e9xico.\u2014 <\/strong>La presidenta municipal de esta localidad, Karla Leticia Fiesco Grac\u00eda, en compa\u00f1\u00eda de servidores p\u00fablicos, autoridades escolares y padres de familia, dio arranque al programa de obra p\u00fablica en escuelas de Cuautitl\u00e1n Izcalli \u201cProtegiendo el Futuro\u201d, en la Escuela Secundaria Gregorio Torres Quintero, ubicada en la Unidad Habitacional Ni\u00f1os H\u00e9roes Infonavit Sur.<\/p>\n<p>Dicho programa consiste en brindar a los estudiantes del municipio instalaciones dignas que coadyuven en su formaci\u00f3n acad\u00e9mica, por ello se invertir\u00e1n 31 millones 878 mil 756 pesos, beneficiando a m\u00e1s de cinco mil 198 alumnas y alumnos.<\/p>\n","protected":false},"excerpt":{"rendered":"<p>La presidenta municipal de esta localidad, Karla Leticia Fiesco Grac\u00eda, en compa\u00f1\u00eda de servidores p\u00fablicos, autoridades escolares y padres de familia, dio arranque al programa de obra p\u00fablica en escuelas de Cuautitl\u00e1n Izcalli \u201cProtegiendo el Futuro\u201d, en la Escuela Secundaria Gregorio Torres Quintero, ubicada en la Unidad Habitacional Ni\u00f1os H\u00e9roes Infonavit Sur.<\/p>\n","protected":false},"author":3,"featured_media":555985,"comment_status":"open","ping_status":"open","sticky":false,"template":"","format":"standard","meta":{"_monsterinsights_skip_tracking":false,"_monsterinsights_sitenote_active":false,"_monsterinsights_sitenote_note":"","_monsterinsights_sitenote_category":0,"footnotes":""},"categories":[5],"tags":[971,43675,96139],"class_list":["post-555892","post","type-post","status-publish","format-standard","has-post-thumbnail","hentry","category-estado-de-mexico","tag-cuautitlan-izcalli","tag-estado-de-mexico","tag-protegiendo-el-futuro"],"_links":{"self":[{"href":"https:\/\/www.diarioimagen.net\/index.php?rest_route=\/wp\/v2\/posts\/555892","targetHints":{"allow":["GET"]}}],"collection":[{"href":"https:\/\/www.diarioimagen.net\/index.php?rest_route=\/wp\/v2\/posts"}],"about":[{"href":"https:\/\/www.diarioimagen.net\/index.php?rest_route=\/wp\/v2\/types\/post"}],"author":[{"embeddable":true,"href":"https:\/\/www.diarioimagen.net\/index.php?rest_route=\/wp\/v2\/users\/3"}],"replies":[{"embeddable":true,"href":"https:\/\/www.diarioimagen.net\/index.php?rest_route=%2Fwp%2Fv2%2Fcomments&post=555892"}],"version-history":[{"count":0,"href":"https:\/\/www.diarioimagen.net\/index.php?rest_route=\/wp\/v2\/posts\/555892\/revisions"}],"wp:featuredmedia":[{"embeddable":true,"href":"https:\/\/www.diarioimagen.net\/index.php?rest_route=\/wp\/v2\/media\/555985"}],"wp:attachment":[{"href":"https:\/\/www.diarioimagen.net\/index.php?rest_route=%2Fwp%2Fv2%2Fmedia&parent=555892"}],"wp:term":[{"taxonomy":"category","embeddable":true,"href":"https:\/\/www.diarioimagen.net\/index.php?rest_route=%2Fwp%2Fv2%2Fcategories&post=555892"},{"taxonomy":"post_tag","embeddable":true,"href":"https:\/\/www.diarioimagen.net\/index.php?rest_route=%2Fwp%2Fv2%2Ftags&post=555892"}],"curies":[{"name":"wp","href":"https:\/\/api.w.org\/{rel}","templated":true}]}}