{"id":555894,"date":"2022-08-08T00:03:25","date_gmt":"2022-08-08T05:03:25","guid":{"rendered":"https:\/\/www.diarioimagen.net\/?p=555894"},"modified":"2022-08-08T04:57:53","modified_gmt":"2022-08-08T09:57:53","slug":"realizaran-en-naucalpan-una-sesion-de-cabildo-juvenil-el-proximo-25-de-agosto","status":"publish","type":"post","link":"https:\/\/www.diarioimagen.net\/?p=555894","title":{"rendered":"Realizar\u00e1n en Naucalpan una sesi\u00f3n de Cabildo Juvenil, el pr\u00f3ximo 25 de agosto"},"content":{"rendered":"<p>&nbsp;<\/p>\n<ul>\n<li><strong><em>Abordar\u00e1n temas que afectan al municipio<\/em><\/strong><\/li>\n<\/ul>\n<p>&nbsp;<\/p>\n<div id=\"attachment_556009\" style=\"width: 470px\" class=\"wp-caption aligncenter\"><a href=\"https:\/\/www.diarioimagen.net\/?attachment_id=556009\" rel=\"attachment wp-att-556009\"><img loading=\"lazy\" decoding=\"async\" aria-describedby=\"caption-attachment-556009\" class=\"size-full wp-image-556009\" src=\"https:\/\/www.diarioimagen.net\/wp-content\/uploads\/2022\/08\/realizaran.jpg\" alt=\"\" width=\"460\" height=\"270\" \/><\/a><p id=\"caption-attachment-556009\" class=\"wp-caption-text\">Los j\u00f3venes tienen mucho qu\u00e9 decir, muchas cosas mediante las cuales pueden colaborar y compartir, expres\u00f3 la alcaldesa Ang\u00e9lica Moya Mar\u00edn.<\/p><\/div>\n<p>&nbsp;<\/p>\n<p><strong>Naucalpan, Estado de M\u00e9xico.\u2014<\/strong> El pr\u00f3ximo 25 de agosto se realizar\u00e1 la sesi\u00f3n de Cabildo Juvenil de Naucalpan, en la que j\u00f3venes que residen en la demarcaci\u00f3n abordar\u00e1n y expresar\u00e1n sus opiniones sobre diversos temas que afectan al municipio.<\/p>\n<p>\u201cLos j\u00f3venes tienen mucho qu\u00e9 decir, muchas cosas mediante las cuales pueden colaborar, compartir y por supuesto impulsar con esa energ\u00eda que los caracteriza. Creo que debemos tomar esa energ\u00eda para hacer sinergia con ellos y lograr que Naucalpan tenga condiciones distintas\u201d, expres\u00f3 la alcaldesa Ang\u00e9lica Moya Mar\u00edn.<\/p>\n<p>Durante la vig\u00e9sima quinta sesi\u00f3n ordinaria de cabildo, en la que se aprob\u00f3 por unanimidad la realizaci\u00f3n de dicha sesi\u00f3n juvenil, Moya Mar\u00edn reconoci\u00f3 que existe apat\u00eda en algunos sectores de j\u00f3venes para participar.<\/p>\n<p>\u201cSi este ejercicio sirve como vinculo para que ellos participen de una manera m\u00e1s asertiva, m\u00e1s eficaz y m\u00e1s eficiente, debemos celebrar que los j\u00f3venes tengan este instrumento. Y espero que lo puedan aprovechar para que su voz sea escuchada\u201d, mencion\u00f3.<\/p>\n<p>A\u00f1adi\u00f3: \u201cEn este gobierno tenemos el compromiso de escuchar esa voz y de ver c\u00f3mo hacemos para que los j\u00f3venes tengan en su propia mano su destino, pero que tambi\u00e9n tengan los elementos necesarios para que ese destino se pueda cumplir\u201d.<\/p>\n<p>Silvia Rojas Jim\u00e9nez, quinta regidora, dijo que esta es una gran oportunidad para vincular a los j\u00f3venes naucalpenses con las actividades del Ayuntamiento, y \u201cal mismo tiempo representa una oportunidad para trabajar de la mano con el gobierno, de hacer propuestas, de que nosotros aprovechemos de la juventud la creatividad, el potencial y la capacidad necesaria para desencadenar cambios que contribuyan en el desarrollo integral de sus comunidades\u201d.<\/p>\n<p>Durante la sesi\u00f3n, los integrantes del cuerpo edilicio tambi\u00e9n aprobaron por unanimidad la convocatoria para realizar una sesi\u00f3n de cabildo abierto el pr\u00f3ximo 18 de agosto, con la tem\u00e1tica de fomentar en la sociedad los valores culturales y c\u00edvicos.<\/p>\n","protected":false},"excerpt":{"rendered":"<p>El pr\u00f3ximo 25 de agosto se realizar\u00e1 la sesi\u00f3n de Cabildo Juvenil de Naucalpan, en la que j\u00f3venes que residen en la demarcaci\u00f3n abordar\u00e1n y expresar\u00e1n sus opiniones sobre diversos temas que afectan al municipio.<\/p>\n","protected":false},"author":3,"featured_media":556009,"comment_status":"open","ping_status":"open","sticky":false,"template":"","format":"standard","meta":{"_monsterinsights_skip_tracking":false,"_monsterinsights_sitenote_active":false,"_monsterinsights_sitenote_note":"","_monsterinsights_sitenote_category":0,"footnotes":""},"categories":[5],"tags":[93139,43675,970],"class_list":["post-555894","post","type-post","status-publish","format-standard","has-post-thumbnail","hentry","category-estado-de-mexico","tag-angelica-moya-marin","tag-estado-de-mexico","tag-naucalpan"],"_links":{"self":[{"href":"https:\/\/www.diarioimagen.net\/index.php?rest_route=\/wp\/v2\/posts\/555894","targetHints":{"allow":["GET"]}}],"collection":[{"href":"https:\/\/www.diarioimagen.net\/index.php?rest_route=\/wp\/v2\/posts"}],"about":[{"href":"https:\/\/www.diarioimagen.net\/index.php?rest_route=\/wp\/v2\/types\/post"}],"author":[{"embeddable":true,"href":"https:\/\/www.diarioimagen.net\/index.php?rest_route=\/wp\/v2\/users\/3"}],"replies":[{"embeddable":true,"href":"https:\/\/www.diarioimagen.net\/index.php?rest_route=%2Fwp%2Fv2%2Fcomments&post=555894"}],"version-history":[{"count":0,"href":"https:\/\/www.diarioimagen.net\/index.php?rest_route=\/wp\/v2\/posts\/555894\/revisions"}],"wp:featuredmedia":[{"embeddable":true,"href":"https:\/\/www.diarioimagen.net\/index.php?rest_route=\/wp\/v2\/media\/556009"}],"wp:attachment":[{"href":"https:\/\/www.diarioimagen.net\/index.php?rest_route=%2Fwp%2Fv2%2Fmedia&parent=555894"}],"wp:term":[{"taxonomy":"category","embeddable":true,"href":"https:\/\/www.diarioimagen.net\/index.php?rest_route=%2Fwp%2Fv2%2Fcategories&post=555894"},{"taxonomy":"post_tag","embeddable":true,"href":"https:\/\/www.diarioimagen.net\/index.php?rest_route=%2Fwp%2Fv2%2Ftags&post=555894"}],"curies":[{"name":"wp","href":"https:\/\/api.w.org\/{rel}","templated":true}]}}