{"id":555896,"date":"2022-08-08T00:01:50","date_gmt":"2022-08-08T05:01:50","guid":{"rendered":"https:\/\/www.diarioimagen.net\/?p=555896"},"modified":"2022-08-08T04:57:21","modified_gmt":"2022-08-08T09:57:21","slug":"la-estafa-de-la-maestra-delfina-gomez-en-texcoco-acto-de-corrupcion-anuar-azar","status":"publish","type":"post","link":"https:\/\/www.diarioimagen.net\/?p=555896","title":{"rendered":"La \u201cestafa\u201d de la maestra Delfina G\u00f3mez en Texcoco, acto de corrupci\u00f3n: Anuar Azar"},"content":{"rendered":"<p>&nbsp;<\/p>\n<ul>\n<li><em><strong>Cuestiona PAN \u201cdestape\u201d de Morena<\/strong><\/em><\/li>\n<\/ul>\n<p><strong>\u00a0<\/strong><\/p>\n<h6>Arturo Baena<\/h6>\n<p>&nbsp;<\/p>\n<div id=\"attachment_556006\" style=\"width: 470px\" class=\"wp-caption aligncenter\"><a href=\"https:\/\/www.diarioimagen.net\/?attachment_id=556006\" rel=\"attachment wp-att-556006\"><img loading=\"lazy\" decoding=\"async\" aria-describedby=\"caption-attachment-556006\" class=\"size-full wp-image-556006\" src=\"https:\/\/www.diarioimagen.net\/wp-content\/uploads\/2022\/08\/la-estafa.jpg\" alt=\"\" width=\"460\" height=\"270\" \/><\/a><p id=\"caption-attachment-556006\" class=\"wp-caption-text\">Anuar Azar Figueroa, presidente del PAN en Edomex, dijo que el destape de Delfina G\u00f3mez es un insulto a los mexiquenses, pues es un acto antidemocr\u00e1tico.<\/p><\/div>\n<p>&nbsp;<\/p>\n<p><strong>Naucalpan, Estado de M\u00e9xico.\u2014<\/strong> La designaci\u00f3n de Delfina G\u00f3mez \u00c1lvarez como Coordinadora de los Comit\u00e9s de Morena en el Estado de M\u00e9xico es una clara muestra de acto anticipado de campa\u00f1a y desprecio a las instituciones con frases de que no me vengan a decir que la ley es la ley. Su designaci\u00f3n est\u00e1 fuera de los tiempos electorales y la maestra tiene actos de corrupci\u00f3n se\u00f1alados en tiempo y forma en su gesti\u00f3n como alcaldesa de Texcoco (2013-2015).<\/p>\n<p>As\u00ed lo afirm\u00f3 en entrevista, Anuar Azar Figueroa, presidente del PAN en la entidad, luego de destacar que \u201cel Estado de M\u00e9xico la rechaz\u00f3 en la pasada elecci\u00f3n como candidata de Morena a la gubernatura de la entidad al perder la elecci\u00f3n y al quedar demostrado que como presidenta municipal quit\u00f3 y robo a los trabajadores de ese municipio parte de sus salarios\u201d. Su designaci\u00f3n, dijo, es un insulto a la inteligencia de las y los mexiquenses, pues es un acto antidemocr\u00e1tico disfrazado de encuesta, dijo Anuar.<\/p>\n<p>Delfina G\u00f3mez descont\u00f3, sin autorizaci\u00f3n de la gente trabajadora, la que nace en cunas humildes, sin m\u00e1s fuerza que su trabajo y que Morena dice defender, el 10 por ciento de sus sueldos, que se utilizaron para campa\u00f1as de ese partido, lo cual fue sancionado por la Sala Superior del Tribunal Electoral del Poder Judicial, tras denuncia del Partido Acci\u00f3n Nacional en el a\u00f1o 2017.<\/p>\n<p>El hecho es considerado como la \u201cestafa de la maestra\u201d y el gran da\u00f1o que hace como Secretaria de Educaci\u00f3n del gobierno federal al permitir y ordenar que ning\u00fan estudiante sea reprobado y todos pasen con un m\u00ednimo de 6 de calificaci\u00f3n, lo que es un claro retroceso en la educaci\u00f3n en el pa\u00eds.<\/p>\n<p>Adem\u00e1s de que traicion\u00f3 a las mujeres y padre de familia al quitar las escuelas de tiempo completo, as\u00ed como su jefe quit\u00f3 la Estancias Infantiles, que eran de gran ayuda para las madres que pod\u00edan dejar seguros a sus hijas e hijos mientras ellas trabajan.<\/p>\n<p>Delfina G\u00f3mez no ser\u00e1 gobernadora del Estado de M\u00e9xico, su pasado y presente la se\u00f1ala con actos de corrupci\u00f3n, el Partido Acci\u00f3n Nacional denunciar\u00e1 cada uno de sus actos, pues la entidad necesita gobiernos que miren al futuro, como Gobierno de Coalici\u00f3n y no ideas que no funcionaron en el pasado como sucede hoy con el gobierno federal de Morena, concluy\u00f3 Anuar Azar Figueroa.<\/p>\n","protected":false},"excerpt":{"rendered":"<p>La designaci\u00f3n de Delfina G\u00f3mez \u00c1lvarez como Coordinadora de los Comit\u00e9s de Morena en el Estado de M\u00e9xico es una clara muestra de acto anticipado de campa\u00f1a y desprecio a las instituciones con frases de que no me vengan a decir que la ley es la ley. Su designaci\u00f3n est\u00e1 fuera de los tiempos electorales y la maestra tiene actos de corrupci\u00f3n se\u00f1alados en tiempo y forma en su gesti\u00f3n como alcaldesa de Texcoco (2013-2015).<\/p>\n","protected":false},"author":3,"featured_media":556006,"comment_status":"open","ping_status":"open","sticky":false,"template":"","format":"standard","meta":{"_monsterinsights_skip_tracking":false,"_monsterinsights_sitenote_active":false,"_monsterinsights_sitenote_note":"","_monsterinsights_sitenote_category":0,"footnotes":""},"categories":[5],"tags":[93709,96140,57859,43675,970],"class_list":["post-555896","post","type-post","status-publish","format-standard","has-post-thumbnail","hentry","category-estado-de-mexico","tag-anuar-azar-figueroa","tag-coordinadora-de-los-comites-de-morena","tag-delfina-gomez-alvarez","tag-estado-de-mexico","tag-naucalpan"],"_links":{"self":[{"href":"https:\/\/www.diarioimagen.net\/index.php?rest_route=\/wp\/v2\/posts\/555896","targetHints":{"allow":["GET"]}}],"collection":[{"href":"https:\/\/www.diarioimagen.net\/index.php?rest_route=\/wp\/v2\/posts"}],"about":[{"href":"https:\/\/www.diarioimagen.net\/index.php?rest_route=\/wp\/v2\/types\/post"}],"author":[{"embeddable":true,"href":"https:\/\/www.diarioimagen.net\/index.php?rest_route=\/wp\/v2\/users\/3"}],"replies":[{"embeddable":true,"href":"https:\/\/www.diarioimagen.net\/index.php?rest_route=%2Fwp%2Fv2%2Fcomments&post=555896"}],"version-history":[{"count":0,"href":"https:\/\/www.diarioimagen.net\/index.php?rest_route=\/wp\/v2\/posts\/555896\/revisions"}],"wp:featuredmedia":[{"embeddable":true,"href":"https:\/\/www.diarioimagen.net\/index.php?rest_route=\/wp\/v2\/media\/556006"}],"wp:attachment":[{"href":"https:\/\/www.diarioimagen.net\/index.php?rest_route=%2Fwp%2Fv2%2Fmedia&parent=555896"}],"wp:term":[{"taxonomy":"category","embeddable":true,"href":"https:\/\/www.diarioimagen.net\/index.php?rest_route=%2Fwp%2Fv2%2Fcategories&post=555896"},{"taxonomy":"post_tag","embeddable":true,"href":"https:\/\/www.diarioimagen.net\/index.php?rest_route=%2Fwp%2Fv2%2Ftags&post=555896"}],"curies":[{"name":"wp","href":"https:\/\/api.w.org\/{rel}","templated":true}]}}