{"id":555928,"date":"2022-08-08T00:05:31","date_gmt":"2022-08-08T05:05:31","guid":{"rendered":"https:\/\/www.diarioimagen.net\/?p=555928"},"modified":"2022-08-08T01:39:21","modified_gmt":"2022-08-08T06:39:21","slug":"los-crimenes-de-la-ineptitud","status":"publish","type":"post","link":"https:\/\/www.diarioimagen.net\/?p=555928","title":{"rendered":"Los cr\u00edmenes de la ineptitud"},"content":{"rendered":"<h2>Perfil de M\u00e9xico<\/h2>\n<h5>Armando R\u00edos Ruiz<\/h5>\n<p>&nbsp;<\/p>\n<p>Es notorio que los males de M\u00e9xico se acentuaron con la presente administraci\u00f3n. Ni los chairos, acostumbrados a vitorear y aplaudir hasta los desatinos del que manda y dispone a capricho de lo que desea, podr\u00edan desmentir el hecho. S\u00f3lo podr\u00edan intentarlo con argumentos faltos de cordura y de l\u00f3gica. Como un comentarista que aplaud\u00eda con la voz henchida de placer y como si estuviera profiriendo la noticia m\u00e1s regocijante, cuyo nombre no recuerdo, porque se trata de un descerebrado. Uno de tantos enamorados del mandatario que repet\u00eda como si adujera la verdad m\u00e1s exultante, palabras m\u00e1s o palabras menos: \u201cA ver c\u00f3mo les cae a quienes no quieren a nuestro Presidente. El a\u00f1o entrante, las ayudas van a aumentar tanto por ciento y el otro a\u00f1o, tanto m\u00e1s\u2026\u201d.<\/p>\n<p>Festejaba el hecho como si se tratara de haber rescatado de los brazos de la muerte a su ser m\u00e1s querido. Remachaba con delicia, en primer lugar, algo que no ha ocurrido y en segundo, sin tomar en consideraci\u00f3n, siquiera un \u00e1pice, que se trata de un acto formador de z\u00e1nganos y de adictos a la d\u00e1diva, que a final de cuentas, deber\u00eda servir para mitigar la vejez y no para acostumbrar a j\u00f3venes sin oficio ni beneficio, a vivir de limosnas\u00a0 y a vender sus votos y su dignidad.<\/p>\n<p>Comenc\u00e9 con la frase \u201ces notorio\u201d. Y lo es tanto, que cuando termine este sexenio, se habr\u00e1n acumulado cientos de miles de cr\u00edmenes cometidos por los desatinos de un s\u00f3lo hombre, de los 130 millones que poblamos este pa\u00eds. Esa es una de las much\u00edsimas razones por las que el Presidente debe preocuparse, al grado de idear la manera de dejar a un incondicional suyo en la Presidencia, que lo rescate de los dientes filosos de la justicia.<\/p>\n<p>Debe estar preocupado por hacer ganar a como d\u00e9 lugar, con la comisi\u00f3n de todos los atropellos posibles. De todas las trampas. De todas las argucias, al menos inteligente de sus invitados a la fiesta electoral, cuyo nombre ya aparece en todos lados, junto con su desgarbada presencia, su voz cansada y sus palabras repetitivas, copiadas al gran jefe, porque carece de inteligencia. Inclusive para hacer campa\u00f1a. Tendr\u00edan que hac\u00e9rsela. \u00bfPara qu\u00e9 gastar espacio en su nombre? Cualquiera lo imagina.<\/p>\n<p>Pero debe estar preocupado, repito, por ese triunfo. De otra manera, podr\u00edan hacerle pagar esos cr\u00edmenes que comenzaron a aumentar de manera estrepitosa, desde su arribo al sitial de privilegio desde donde ni siquiera puede aceptarse que gobierna. Cientos de miles de ni\u00f1os, de mujeres, de personas de todos los tipos y edades, han muerto por sus decisiones err\u00f3neas.<\/p>\n<p>Nada menos y nada m\u00e1s, para comentar algo diferente a lo de siempre, a partir de 2018, hace cinco d\u00edas qued\u00f3 atrapada una decena de mineros en La Agujita, lugar de Ciudad Delicias, Coahuila y\u00a0 el tiempo ha corrido a la velocidad de la luz, sin que hayan sido rescatados. Los familiares, obviamente, est\u00e1n preocupados y sus esperanzas se mantienen a fuerza de esperar un milagro.<\/p>\n<p>\u00bfQu\u00e9 se dice al respecto? Que los recortes presupuestales a partir de 2018 a la fecha, ocasionaron que el n\u00famero de inspectores dedicados a revisar minas se reduzca 40 por ciento. Es decir, de 42 a 25. Lo que deviene en un crimen.<\/p>\n<p>La tragedia ha arrancado voces de conmiseraci\u00f3n, tanto del Presidente como de otros actores que hoy y en el pasado tuvieron que ver con las minas, quienes han declarado que esto no puede quedar as\u00ed, pues se har\u00e1 todo lo posible por concretar el rescate. Pero obviamente, esta no es la soluci\u00f3n. Vendr\u00e1n m\u00e1s tragedias por las mismas razones y por otras diferentes y una vez que ocurran, se escuchar\u00e1n los mismos lamentos fingidos. Pero vale m\u00e1s un voto que una vida.<\/p>\n<p>Napole\u00f3n G\u00f3mez Urrutia, dirigente del Sindicato Nacional de Trabajadores Mineros, Metal\u00fargicos, Sider\u00fargicos y Similares, habl\u00f3 al d\u00eda siguiente de los hechos. De la importancia de que las autoridades federales y estatales realicen m\u00e1s revisiones laborales y aumenten su eficacia. \u00bfCon qu\u00e9 ojos, divina tuerta? Es f\u00e1cil hacer recomendaciones. Es dif\u00edcil aportar soluciones. \u00bfPor qu\u00e9 no ofrece algo de lo que les quit\u00f3 a sus representados, raz\u00f3n de su escape rumbo a Canad\u00e1?<\/p>\n<p><a href=\"mailto:ariosruiz@gmail.com\" target=\"_blank\" rel=\"noopener noreferrer\"><em>ariosruiz@gmail.com<\/em><\/a><\/p>\n","protected":false},"excerpt":{"rendered":"<p><span style=\"color: #005497;\"><strong>Armando R\u00edos Ruiz<\/strong><\/span><\/p>\n","protected":false},"author":3,"featured_media":0,"comment_status":"open","ping_status":"open","sticky":false,"template":"","format":"standard","meta":{"_monsterinsights_skip_tracking":false,"_monsterinsights_sitenote_active":false,"_monsterinsights_sitenote_note":"","_monsterinsights_sitenote_category":0,"footnotes":""},"categories":[88405],"tags":[88407,43674,91193],"class_list":["post-555928","post","type-post","status-publish","format-standard","hentry","category-armando-rios-ruiz","tag-armando-rios-ruiz","tag-opinion","tag-perfil-de-mexico"],"_links":{"self":[{"href":"https:\/\/www.diarioimagen.net\/index.php?rest_route=\/wp\/v2\/posts\/555928","targetHints":{"allow":["GET"]}}],"collection":[{"href":"https:\/\/www.diarioimagen.net\/index.php?rest_route=\/wp\/v2\/posts"}],"about":[{"href":"https:\/\/www.diarioimagen.net\/index.php?rest_route=\/wp\/v2\/types\/post"}],"author":[{"embeddable":true,"href":"https:\/\/www.diarioimagen.net\/index.php?rest_route=\/wp\/v2\/users\/3"}],"replies":[{"embeddable":true,"href":"https:\/\/www.diarioimagen.net\/index.php?rest_route=%2Fwp%2Fv2%2Fcomments&post=555928"}],"version-history":[{"count":0,"href":"https:\/\/www.diarioimagen.net\/index.php?rest_route=\/wp\/v2\/posts\/555928\/revisions"}],"wp:attachment":[{"href":"https:\/\/www.diarioimagen.net\/index.php?rest_route=%2Fwp%2Fv2%2Fmedia&parent=555928"}],"wp:term":[{"taxonomy":"category","embeddable":true,"href":"https:\/\/www.diarioimagen.net\/index.php?rest_route=%2Fwp%2Fv2%2Fcategories&post=555928"},{"taxonomy":"post_tag","embeddable":true,"href":"https:\/\/www.diarioimagen.net\/index.php?rest_route=%2Fwp%2Fv2%2Ftags&post=555928"}],"curies":[{"name":"wp","href":"https:\/\/api.w.org\/{rel}","templated":true}]}}