{"id":555938,"date":"2022-08-08T00:03:56","date_gmt":"2022-08-08T05:03:56","guid":{"rendered":"https:\/\/www.diarioimagen.net\/?p=555938"},"modified":"2022-08-08T01:44:02","modified_gmt":"2022-08-08T06:44:02","slug":"edomex-pan-divide-alianza","status":"publish","type":"post","link":"https:\/\/www.diarioimagen.net\/?p=555938","title":{"rendered":"Edomex: PAN divide alianza"},"content":{"rendered":"<h2>Espacio Electoral<\/h2>\n<h5>Eleazar Flores<strong>\u00a0<\/strong><\/h5>\n<p>&nbsp;<\/p>\n<p><strong>MALINALCO-.<\/strong> Mientras el PRI promueve la unidad con la boda de la ex dirigente estatal Alejandra del Moral\u00a0 celebrada en la tierra de Luisito Videgaray, el PAN\u00a0 promueve el divorcio, pues su presidente, Marko Cort\u00e9s, lanza a su estrella, Enrique Vargas del Villar para la gubernatura.<\/p>\n<p>Lo hace, sabedor de que en la tierra de Sor Juana, la candidatura al gobierno mexiquense no tendr\u00e1 sangre azul ni amarilla sino tricolor, as\u00ed lo determinaron las c\u00fapulas antes de las elecciones de Hidalgo, donde la priista Viggiano tuvo que aceptar rop\u00f3n azul\u00a0 en busca de la gubernatura.<\/p>\n<p><strong>BODA-.<\/strong> De lo importante a lo que sigue, habr\u00e1 que empezar por el principio, la boda de la actual secretaria de Desarrollo Social del gobierno estatal, Sedesem, Alejandra Del Moral, con el diputado federal Mariano Gonz\u00e1lez Aguirre, con testigos de lujo encabezados por el primer priista Alfredo Del Mazo Maza y dem\u00e1s invitados como la tambi\u00e9n diputada federal Ana Lilia Herrera Anzaldo.<\/p>\n<p>Al fin nota de sociales, la boda fue el antepasado fin de semana, -julio27-, sin que el evento pierda vigencia, pues tanto Alejandra como Ana Lilia est\u00e1n m\u00e1s vigentes que antes, la primera, organizando eventos del gobernador, sobre todo del Salario Rosa, y la segunda, en giras por Atlacomulco, en el norte, y Tejupilco, en el sur, platicando sus proyectos futuros.<\/p>\n<p>El hotel Las C\u00fapulas fue el escenario de la boda de Alejandra-Mariano, quienes tambi\u00e9n festejaban la reciente llegada de sus gemelos, ni\u00f1o y ni\u00f1a, que seguramente cuando hagan su primera comuni\u00f3n los vestir\u00e1n de charro y china poblana, como buenos mexiquenses.<\/p>\n<p>Las personas de buena memoria recuerdan que siendo gobernador Enrique Pe\u00f1a, se cas\u00f3 en la catedral para reforzar su inter\u00e9s por la candidatura presidencial, que la gan\u00f3 caminando.<\/p>\n<p><strong>DIVISIONISMO-.<\/strong> Seguramente, el pleito no llegar\u00e1 al divorcio y desintegraci\u00f3n de la alianza tripartita de panistas, priistas y perredistas para enfrentarse m\u00e1s que a la vulnerable Delfina G\u00f3mez \u00c1lvarez, a la maquinaria Morena, pero sobre todo a su conductor, el que dice que vamos bien en todo, seg\u00fan sus \u201cotros datos\u201d, que nadie conoce, como tampoco \u00e9l o los hacedores de encuestas, lo que no importa sino los candidatos-as que \u00e9l quiere que ganen, como en Edomex.<\/p>\n<p>El que el presidente nacional blanquiazul haya lanzado al ex alcalde de Huixquilucan y actual diputado Enrique Vargas no es gratuito, busca meter presi\u00f3n para que una de las candidaturas a la senadur\u00eda, por mayor\u00eda o plurinominales, sea\u00a0 justamente para el PAN\u00a0 y concretamente para el hombre de campo, seg\u00fan sus espectaculares.<\/p>\n<p>Pero mientras la alianza Va por M\u00e9xico siga distra\u00edda en divisionismos y eventos sociales, los \u201cmorenos\u201d y su gu\u00eda ganan espacios.<\/p>\n<p><em><a href=\"mailto:elefa44@gmail.com\" target=\"_blank\" rel=\"noopener noreferrer\">elefa44@gmail.com<\/a><\/em><\/p>\n","protected":false},"excerpt":{"rendered":"<p><span style=\"color: #005497;\"><strong>Eleazar Flores<\/strong><\/span><\/p>\n","protected":false},"author":3,"featured_media":0,"comment_status":"open","ping_status":"open","sticky":false,"template":"","format":"standard","meta":{"_monsterinsights_skip_tracking":false,"_monsterinsights_sitenote_active":false,"_monsterinsights_sitenote_note":"","_monsterinsights_sitenote_category":0,"footnotes":""},"categories":[81743],"tags":[81744,81776,43674],"class_list":["post-555938","post","type-post","status-publish","format-standard","hentry","category-eleazar-flores","tag-eleazar-flores","tag-espacio-electoral","tag-opinion"],"_links":{"self":[{"href":"https:\/\/www.diarioimagen.net\/index.php?rest_route=\/wp\/v2\/posts\/555938","targetHints":{"allow":["GET"]}}],"collection":[{"href":"https:\/\/www.diarioimagen.net\/index.php?rest_route=\/wp\/v2\/posts"}],"about":[{"href":"https:\/\/www.diarioimagen.net\/index.php?rest_route=\/wp\/v2\/types\/post"}],"author":[{"embeddable":true,"href":"https:\/\/www.diarioimagen.net\/index.php?rest_route=\/wp\/v2\/users\/3"}],"replies":[{"embeddable":true,"href":"https:\/\/www.diarioimagen.net\/index.php?rest_route=%2Fwp%2Fv2%2Fcomments&post=555938"}],"version-history":[{"count":0,"href":"https:\/\/www.diarioimagen.net\/index.php?rest_route=\/wp\/v2\/posts\/555938\/revisions"}],"wp:attachment":[{"href":"https:\/\/www.diarioimagen.net\/index.php?rest_route=%2Fwp%2Fv2%2Fmedia&parent=555938"}],"wp:term":[{"taxonomy":"category","embeddable":true,"href":"https:\/\/www.diarioimagen.net\/index.php?rest_route=%2Fwp%2Fv2%2Fcategories&post=555938"},{"taxonomy":"post_tag","embeddable":true,"href":"https:\/\/www.diarioimagen.net\/index.php?rest_route=%2Fwp%2Fv2%2Ftags&post=555938"}],"curies":[{"name":"wp","href":"https:\/\/api.w.org\/{rel}","templated":true}]}}