{"id":555941,"date":"2022-08-08T00:11:54","date_gmt":"2022-08-08T05:11:54","guid":{"rendered":"https:\/\/www.diarioimagen.net\/?p=555941"},"modified":"2022-08-08T01:46:48","modified_gmt":"2022-08-08T06:46:48","slug":"adan-augusto-corcholata-abollada","status":"publish","type":"post","link":"https:\/\/www.diarioimagen.net\/?p=555941","title":{"rendered":"Ad\u00e1n Augusto, \u201ccorcholata\u201d abollada"},"content":{"rendered":"<h2>\u00cdndice pol\u00edtico<\/h2>\n<h5>Francisco Rodr\u00edguez<\/h5>\n<p>&nbsp;<\/p>\n<ul>\n<li><strong><em>La confianza se gana y la 4T ya la perdi\u00f3<\/em><\/strong><\/li>\n<li><strong><em>AMLO la buscar\u00eda en Coahuila<\/em><\/strong><\/li>\n<\/ul>\n<p>&nbsp;<\/p>\n<p>Imagine usted la escena en el sobrio despacho principal del a\u00f1oso palacete de los Cobi\u00e1n, all\u00e1 en lo que fuera el capitalino Paseo del Virrey de Bucareli:<\/p>\n<p>\u2014Tiene que salir a hablar con esas mujeres que reclaman a sus hijos desaparecidos, se\u00f1or secretario \u2014le habr\u00eda dicho uno de sus asesores a <strong>Ad\u00e1n Augusto L\u00f3pez<\/strong>.<\/p>\n<p>\u2014No s\u00e9, tengo mis dudas \u2014habr\u00eda sido la dubitativa respuesta del tabasque\u00f1o que, a poco de haber sido tra\u00eddo del \u201ced\u00e9n\u201d, al que mal que bien gobernaba, ya hab\u00eda levantado la mano (o se la hab\u00edan levantado) como \u201ccorcholata\u201d por el mism\u00edsimo \u201cdestapador\u201d <strong>Andr\u00e9s Manuel L\u00f3pez Obrador<\/strong>.<\/p>\n<p>\u2014Acu\u00e9rdese, se\u00f1or, que <strong>Miguel \u00c1ngel Osorio Chong<\/strong> sali\u00f3 de sus oficinas a dialogar con un grupo de airados polit\u00e9cnicos \u2014continuar\u00eda el interesado consejero, s\u00f3lo para ser abruptamente interrumpido por este otro L\u00f3pez de Tabasco.<\/p>\n<p>\u2014Y as\u00ed le fue a Osorio, jejejeje \u2014atajar\u00eda con sorna el titular de Gobernaci\u00f3n\u2014, ya ves, por m\u00e1s que le hizo la lucha, por m\u00e1s que grab\u00f3 las llamadas telef\u00f3nicas de quienes tambi\u00e9n aspiraban y a muchos otros, por m\u00e1s dinero sucio que le recaud\u00f3 su oficial mayor\u2026 \u00a1no fue el candidato presidencial! Le gan\u00f3 <strong>Jos\u00e9 Antonio Meade<\/strong>.<\/p>\n<p>Y tras muchas palabras m\u00e1s con las que el asesor tratar\u00eda de vencer las inseguridades de su contratante, finalmente \u00e9ste accedi\u00f3.<\/p>\n<p>Se habr\u00eda puesto el saco, se mirar\u00eda en uno de los grandes espejos que cuelgan de las paredes, ajustar\u00eda su corbata y, a\u00fan nervioso, enojado por lo que le ped\u00eda hacer, echar\u00eda a caminar hacia la salida de las instalaciones por la calle Abraham Gonz\u00e1lez, donde un nutrido grupo de madres y familiares de las decenas de miles de desaparecidos que hay en M\u00e9xico protestaban desde varios d\u00edas atr\u00e1s.<\/p>\n<p style=\"text-align: center;\"><strong>La confianza se gana sirviendo<\/strong><\/p>\n<p>Dejemos de lado la imaginaci\u00f3n \u2014que, parafraseando a los j\u00f3venes contestatarios parisinos all\u00e1 por 1968, alg\u00fan d\u00eda llegar\u00e1 al poder\u2014 y asom\u00e9monos a la cruda y fea realidad:<\/p>\n<p>Apenas puso pie en la banqueta, ya afuera de la otrora poderosa y hoy muy venida a menos Secretar\u00eda de Gobernaci\u00f3n, Ad\u00e1n Augusto L\u00f3pez fue rodeado por la multitud.<\/p>\n<p>Las mujeres, principalmente, gritaban. Las grabadoras de los colegas de los medios de comunicaci\u00f3n apenas si pod\u00edan recoger fragmentos de lo que se dec\u00eda.<\/p>\n<p>Con todas las de la ley, pues la Constituci\u00f3n ampara su derecho de petici\u00f3n, exig\u00edan una audiencia formal para analizar las denuncias que present\u00f3 en contra ellas la titular de la CNDH, la antifeminista <strong>Rosario Piedra Ibarra<\/strong>.<\/p>\n<p>Y es que, despu\u00e9s de todo el sufrimiento que han tenido que soportar por la desaparici\u00f3n de sus familiares, ahora son apaleadas por las instancias de un gobierno que est\u00e1 obligado a servirlas.<\/p>\n<p>Y la respuesta del secretario a la demanda de esa madre afligida y desesperada.<\/p>\n<p>\u2014Usted no se preocupe por eso\u2026<\/p>\n<p>Y como las mujeres segu\u00edan gritando sus exigencias, este otro L\u00f3pez pregunt\u00f3:<\/p>\n<p>\u2014\u00bfUsted conf\u00eda en m\u00ed?<\/p>\n<p>\u2014Pues la verdad yo no conf\u00edo en nadie \u2014le respondi\u00f3 la mujer.<\/p>\n<p>Y entonces vino la respuesta r\u00edspida, ya tambi\u00e9n desesperada del secretario de L\u00f3pez Obrador:<\/p>\n<p>\u2014\u00a1Pues yo tampoco conf\u00edo en usted!<\/p>\n<p>Cero pol\u00edtico, el encargado de la pol\u00edtica interna. El responsable de dialogar para llegar a consensos, no dialoga, grita.<\/p>\n<p>La confianza, don Ad\u00e1n Augusto, es la esperanza de que algo se desarrolle conforme nuestras expectativas.<\/p>\n<p>As\u00ed las cosas, debido a sus desplantes \u2014qu\u00e9 le hace que me castigue o no el INE, dijo palabras m\u00e1s o menos recientemente, al fin que ya lo van a desaparecer\u2014, a su escasa sensibilidad ante el dolor ajeno, aunque como \u201ccorcholata\u201d lo \u201cdestapara\u201d AMLO, usted ya parece estar cada vez m\u00e1s cerca de salir de la confianza popular.<\/p>\n<p>Y ya s\u00f3lo quienes reciben las migajas de las llamadas \u201cayudas\u201d sociales esperan\u2026 el pr\u00f3ximo dep\u00f3sito en la tarjeta.<\/p>\n<p>Ojal\u00e1 nunca se les acabe.<\/p>\n<p>Los dem\u00e1s ya no confiamos en un gobierno ni en quienes lo integran.<\/p>\n<p>El s\u00e1bado, en Colima, el actual Presidente de la Rep\u00fablica lo vivi\u00f3 en carne propia. Lo abuchearon decenas de personas, las cuales abandonaron el evento al cual les hab\u00edan \u201cacarreado\u201d.<\/p>\n<p>No han cumplido en nada.<\/p>\n<p>Antes, todo lo contrario.<\/p>\n<p>\u00bfNo cree usted?<\/p>\n<p style=\"text-align: center;\"><strong>Indicios<\/strong><\/p>\n<p>Ayer por la ma\u00f1ana, un par de horas de entregar a los editores esta colaboraci\u00f3n, el Presidente de la Rep\u00fablica anunci\u00f3 que har\u00eda una visita rel\u00e1mpago a Coahuila, precisamente al lugar del pozo minero siniestrado a media semana, para estar con los familiares de los mineros atrapados en el socav\u00f3n. Buscar\u00eda as\u00ed recuperar la confianza y la popularidad perdidas, pues antes no hab\u00eda acudido al sitio de ning\u00fan evento donde hubiesen acontecido desastres. * * * Hay quienes, como <strong>Manuel Bartlett D\u00edaz<\/strong>, tal vez pudieran ir a Estados Unidos con un pasaporte diplom\u00e1tico, pero estar\u00eda muy dif\u00edcil y cuestionable que lo dejaran regresar. En pocas palabras, puede entrar, pero no puede salir. Otros, en cambio, ya ni siquiera pueden entrar, pues el vecino del norte les cerr\u00f3 las puertas, aunque no se sabe si, como en el caso del neoleon\u00e9s <strong>Ildefonso Guajardo<\/strong>, sea temporal o definitivamente. Las disputas comerciales entre los dos pa\u00edses son la causa: los <em>gringos<\/em> le retuvieron visa y pasaporte. Guajardo, recu\u00e9rdese, encabez\u00f3 formalmente a la delegaci\u00f3n mexicana que negoci\u00f3 el T-MEC, aunque en realidad era <strong>Luis Videgaray,<\/strong> quien ten\u00eda l\u00ednea directa con la Casa Blanca para ese y otros prop\u00f3sitos. * * * El presidente de la Confraternidad Nacional de Iglesias Cristianas y Evang\u00e9licas (Confraternice),<strong> Arturo Farela Guti\u00e9rrez, <\/strong>reci\u00e9n acus\u00f3 a la jerarqu\u00eda de la Iglesia cat\u00f3lica de querer \u201cincendiar el pa\u00eds\u201d. Esto a ra\u00edz de las tambi\u00e9n recientes cuatro acciones a las que los fervientes de esa fe fueron convocados en la Jornada de Oraci\u00f3n por la Paz celebrada los \u00faltimos 20 d\u00edas del pasado julio. Y tal fue consecuencia del constante asesinato de sacerdotes que, como el 99% de los cr\u00edmenes, han quedado impunes, en buena medida por las est\u00fapidas acciones de las \u00faltimas tres administraciones federales y que han ido desde \u201cla guerra al narcotr\u00e1fico\u201d, de Felipe Calder\u00f3n; el ocultamiento de delitos en medios de comunicaci\u00f3n, de Enrique Pe\u00f1a; hasta la po\u00e9tica, pero del todo in\u00fatil \u201cabrazos y no balazos\u201d en el actual sexenio. Est\u00fapidas, por la carencia de inteligencia \u2014vigilancia, an\u00e1lisis de informaci\u00f3n, procesamiento de datos\u2014 y tambi\u00e9n de la otra. Lo que en realidad quiere el dirigente de Confraternice \u2014quien le prometi\u00f3 a AMLO cientos de miles de votos en el 2018 y no pudo cumplirle\u2014 es que su hijo <strong>Josu\u00e9 Farela<\/strong> sea diputado federal, gan\u00e1ndose la voluntad del \u201cdestapador\u201d.<\/p>\n<p><em><u><a href=\"http:\/\/www.indicepolitico.com\" target=\"_blank\" rel=\"noopener noreferrer\">www.indicepolitico.com<\/a><\/u><u><br \/>\n<\/u><a href=\"mailto:indicepolitico@gmail.com\" target=\"_blank\" rel=\"noopener noreferrer\">indicepolitico@gmail.com<\/a><\/em><br \/>\n<em><a href=\"https:\/\/twitter.com\/indicepolitico?lang=es\" target=\"_blank\" rel=\"noopener noreferrer\">@IndicePolitico<\/a><\/em><br \/>\n<em><u><a href=\"https:\/\/twitter.com\/pacorodriguez\" target=\"_blank\" rel=\"noopener noreferrer\">@pacorodriguez<\/a><\/u><\/em><\/p>\n","protected":false},"excerpt":{"rendered":"<p><span style=\"color: #005497;\"><strong>Francisco Rodr\u00edguez<\/strong><\/span><\/p>\n","protected":false},"author":3,"featured_media":0,"comment_status":"open","ping_status":"open","sticky":false,"template":"","format":"standard","meta":{"_monsterinsights_skip_tracking":false,"_monsterinsights_sitenote_active":false,"_monsterinsights_sitenote_note":"","_monsterinsights_sitenote_category":0,"footnotes":""},"categories":[549],"tags":[43689,550,43674],"class_list":["post-555941","post","type-post","status-publish","format-standard","hentry","category-francisco-rodriguez","tag-francisco-rodriguez","tag-indice-politico","tag-opinion"],"_links":{"self":[{"href":"https:\/\/www.diarioimagen.net\/index.php?rest_route=\/wp\/v2\/posts\/555941","targetHints":{"allow":["GET"]}}],"collection":[{"href":"https:\/\/www.diarioimagen.net\/index.php?rest_route=\/wp\/v2\/posts"}],"about":[{"href":"https:\/\/www.diarioimagen.net\/index.php?rest_route=\/wp\/v2\/types\/post"}],"author":[{"embeddable":true,"href":"https:\/\/www.diarioimagen.net\/index.php?rest_route=\/wp\/v2\/users\/3"}],"replies":[{"embeddable":true,"href":"https:\/\/www.diarioimagen.net\/index.php?rest_route=%2Fwp%2Fv2%2Fcomments&post=555941"}],"version-history":[{"count":0,"href":"https:\/\/www.diarioimagen.net\/index.php?rest_route=\/wp\/v2\/posts\/555941\/revisions"}],"wp:attachment":[{"href":"https:\/\/www.diarioimagen.net\/index.php?rest_route=%2Fwp%2Fv2%2Fmedia&parent=555941"}],"wp:term":[{"taxonomy":"category","embeddable":true,"href":"https:\/\/www.diarioimagen.net\/index.php?rest_route=%2Fwp%2Fv2%2Fcategories&post=555941"},{"taxonomy":"post_tag","embeddable":true,"href":"https:\/\/www.diarioimagen.net\/index.php?rest_route=%2Fwp%2Fv2%2Ftags&post=555941"}],"curies":[{"name":"wp","href":"https:\/\/api.w.org\/{rel}","templated":true}]}}