{"id":555946,"date":"2022-08-08T00:08:49","date_gmt":"2022-08-08T05:08:49","guid":{"rendered":"https:\/\/www.diarioimagen.net\/?p=555946"},"modified":"2022-08-08T01:49:47","modified_gmt":"2022-08-08T06:49:47","slug":"morena-la-ruptura-con-cohesion","status":"publish","type":"post","link":"https:\/\/www.diarioimagen.net\/?p=555946","title":{"rendered":"Morena, la ruptura con cohesi\u00f3n"},"content":{"rendered":"<h2>Detr\u00e1s del Poder<\/h2>\n<h5>Jos\u00e9 Antonio L\u00f3pez Sosa<\/h5>\n<p>&nbsp;<\/p>\n<p>Movimiento Regeneraci\u00f3n Nacional (Morena) naci\u00f3 como una fuerza pol\u00edtica inherente a un s\u00f3lo hombre: Andr\u00e9s Manuel L\u00f3pez Obrador. Por supuesto que aquilat\u00f3 la fuerza hist\u00f3rica de las izquierdas, en su \u00faltima etapa, del casi extinto Partido de la Revoluci\u00f3n Democr\u00e1tica (PRD).<\/p>\n<p>Como observamos en las elecciones de 2018, ganaron pr\u00e1cticamente todo, distintas variables y circunstancias abonaron para tal hecho, pero principalmente la figura de L\u00f3pez Obrador como dirigente, candidato y l\u00edder de este movimiento convertido en partido pol\u00edtico.<\/p>\n<p>Ahora bien, los riesgos del caudillismo nos demuestran una y otra vez, que son enemigos de los procesos democr\u00e1ticos, as\u00ed pues vimos un espect\u00e1culo terrible en el proceso de elecci\u00f3n interna de Morena, pero m\u00e1s all\u00e1 de la forma y de evidenciar la falta de civilidad pol\u00edtica, vale la pena analizar el fondo de esta circunstancia.<\/p>\n<p>Un partido o movimiento que depende de una sola persona en lo pol\u00edtico y lo ideol\u00f3gico de facto, tiene una cohesi\u00f3n muy d\u00e9bil que s\u00f3lo depende de ese liderazgo, la misma historia de la lucha de \u201ctribus\u201d al interior del PRD hace una d\u00e9cada. La fuerza de un liderazgo \u00fanico impide que nuevos cuadros y liderazgos alternos figuren y se desarrollen, un elemento que va contra la democracia partidista, pero por algunos per\u00edodos garantiza triunfos electorales \u2014como ha ocurrido en las \u00faltimas tres elecciones federales con Morena\u2014, pero \u00bfhacia d\u00f3nde se dirigir\u00e1 dicho partido cuando caduque el liderazgo formal de su principal dirigente?<\/p>\n<p>L\u00f3pez Obrador termina su periodo presidencial en 2024, seguramente su figura incidir\u00e1 a\u00fan en la elecci\u00f3n federal con el candidato que designen para sucederlo, pero de ah\u00ed en adelante, por m\u00e1s que por detr\u00e1s siguiera sugiriendo o instruyendo, la debilidad de la cohesi\u00f3n puede romperse con facilidad, ah\u00ed es donde comienzan los problemas irreconciliables entre las propias corrientes ideol\u00f3gicas y adem\u00e1s de los golpes o sillazos, vienen las rupturas como producto de la falta de democracia, del no poder coexistir cuando se piensa distinto.<\/p>\n<p>Ahora bien, si a ello le sumamos que el presidente L\u00f3pez Obrador, desde sus conferencias matutinas, no cesa en criticar \u00e1cidamente a quienes no piensan como \u00e9l, ello genera un clima profundamente antidemocr\u00e1tico al interior de su propio partido, tal como ocurre con la sociedad y el pa\u00eds en general. Pensar distinto convierte a cualquiera en adversario desde la l\u00f3gica del Presidente, luego entonces esto se refleja al interior de su partido y lo dem\u00e1s ser\u00e1 historia.<\/p>\n<p>Finalmente, hay que tomar en cuenta que la democracia no s\u00f3lo es en las urnas y en las asambleas populares a mano alzada, la democracia en el ascenso al poder tiene implicaciones m\u00e1s profundas, sobre todo de coexistencia y convivencia a\u00fan cuando se piense distinto, usando la herramienta pol\u00edtica para lograr acuerdos a trav\u00e9s de negociaciones. En el ejercicio del poder, la democracia tiene que ver directamente con participaci\u00f3n ciudadana, no s\u00f3lo con asambleas a mano alzada durante las giras presidenciales, significa que las decisiones pol\u00edticas se tomen con base en las diferencias y no s\u00f3lo en las coincidencias.<\/p>\n<p>De seguir as\u00ed la coyuntura, en unos a\u00f1os Morena pasar\u00e1 de fr\u00e1gil cohesi\u00f3n a la dura ruptura.<\/p>\n<p><em><a href=\"http:\/\/www.lopezsosa.com\" target=\"_blank\" rel=\"noopener\">www.lopezsosa.com<\/a><\/em><br \/>\n<em><a href=\"mailto:joseantonio@lopezsosa.com\" target=\"_blank\" rel=\"noopener\">joseantonio@lopezsosa.com<\/a><\/em><br \/>\n<em><a href=\"http:\/\/twitter.com\/joseantonio1977\" target=\"_blank\" rel=\"noopener\">@joseantonio197<\/a><\/em><\/p>\n","protected":false},"excerpt":{"rendered":"<p><span style=\"color: #005497;\"><strong>Jos\u00e9 Antonio L\u00f3pez Sosa<\/strong><\/span><\/p>\n","protected":false},"author":3,"featured_media":0,"comment_status":"open","ping_status":"open","sticky":false,"template":"","format":"standard","meta":{"_monsterinsights_skip_tracking":false,"_monsterinsights_sitenote_active":false,"_monsterinsights_sitenote_note":"","_monsterinsights_sitenote_category":0,"footnotes":""},"categories":[637],"tags":[638,43690,43674],"class_list":["post-555946","post","type-post","status-publish","format-standard","hentry","category-jose-antonio-lopez-sosa","tag-detras-del-poder","tag-jose-antonio-lopez-sosa","tag-opinion"],"_links":{"self":[{"href":"https:\/\/www.diarioimagen.net\/index.php?rest_route=\/wp\/v2\/posts\/555946","targetHints":{"allow":["GET"]}}],"collection":[{"href":"https:\/\/www.diarioimagen.net\/index.php?rest_route=\/wp\/v2\/posts"}],"about":[{"href":"https:\/\/www.diarioimagen.net\/index.php?rest_route=\/wp\/v2\/types\/post"}],"author":[{"embeddable":true,"href":"https:\/\/www.diarioimagen.net\/index.php?rest_route=\/wp\/v2\/users\/3"}],"replies":[{"embeddable":true,"href":"https:\/\/www.diarioimagen.net\/index.php?rest_route=%2Fwp%2Fv2%2Fcomments&post=555946"}],"version-history":[{"count":0,"href":"https:\/\/www.diarioimagen.net\/index.php?rest_route=\/wp\/v2\/posts\/555946\/revisions"}],"wp:attachment":[{"href":"https:\/\/www.diarioimagen.net\/index.php?rest_route=%2Fwp%2Fv2%2Fmedia&parent=555946"}],"wp:term":[{"taxonomy":"category","embeddable":true,"href":"https:\/\/www.diarioimagen.net\/index.php?rest_route=%2Fwp%2Fv2%2Fcategories&post=555946"},{"taxonomy":"post_tag","embeddable":true,"href":"https:\/\/www.diarioimagen.net\/index.php?rest_route=%2Fwp%2Fv2%2Ftags&post=555946"}],"curies":[{"name":"wp","href":"https:\/\/api.w.org\/{rel}","templated":true}]}}