{"id":555958,"date":"2022-08-08T00:12:41","date_gmt":"2022-08-08T05:12:41","guid":{"rendered":"https:\/\/www.diarioimagen.net\/?p=555958"},"modified":"2022-08-08T01:57:01","modified_gmt":"2022-08-08T06:57:01","slug":"agosto-mes-de-renovacion-de-presidencia-del-senado-y-de-definiciones-para-monreal","status":"publish","type":"post","link":"https:\/\/www.diarioimagen.net\/?p=555958","title":{"rendered":"Agosto, mes de renovaci\u00f3n de presidencia del Senado\u2026 y de definiciones para Monreal"},"content":{"rendered":"<h2>Tras la puerta del poder<\/h2>\n<h5>Roberto Vizca\u00edno<\/h5>\n<p>&nbsp;<\/p>\n<p>Hacia fines de la semana anterior, <strong>Ricardo Monreal<\/strong> acept\u00f3 que los equilibrios internos en su bancada, la de Morena, hab\u00edan cambiado.<\/p>\n<p>Hablaba de que no ten\u00eda ya la certeza de una negociaci\u00f3n interna clara para definir qui\u00e9n de los senadores de Morena podr\u00eda ser el sucesor de la ex ministra y ex secretaria de Gobernaci\u00f3n, <strong>Olga S\u00e1nchez Cordero<\/strong>.<\/p>\n<p>Desde hace al menos un mes el senador zacatecano <strong>Jos\u00e9 Narro<\/strong> dijo que ir\u00eda por ese cargo y desde entonces da conferencias de prensa y hace declaraciones temerarias, como la de que existe mal manejo de cursos en su fracci\u00f3n, que buscan ganar espacios en medios como primera parte de esa campa\u00f1a.<\/p>\n<p>Desde hace un a\u00f1o, se menciona entre morenistas que quien podr\u00eda ser el siguiente presidente del Senado es el poblano <strong>Alejandro Armenta<\/strong>, quien todos saben es un legislador muy cercano a <strong>Monreal<\/strong> y quien buscar\u00e1 en la siguiente elecci\u00f3n a gobernador de su estado, ser el candidato de Morena a ese cargo.<\/p>\n<p>En la semana anterior, \u201calguien\u201d col\u00f3, a su vez, el nombre de <strong>Gabriel Garc\u00eda<\/strong> \u2014quien era el coordinador de delegados federales de <strong>AMLO<\/strong>\u2014, como un fuerte prospecto de Palacio Nacional.<\/p>\n<p>Sobre todos ellos, <strong>Monreal<\/strong> afirm\u00f3 que cualquiera de los integrantes de la bancada se puede apuntar y eventualmente obtener la muy ansiado presidencia del Senado.<\/p>\n<p>El tema sin embargo es: \u00bfLa designaci\u00f3n del nuevo presidente del Senado es el fin del predominio pol\u00edtico del zacatecano en la C\u00e1mara alta? \u00bfviene ya su remoci\u00f3n de la coordinaci\u00f3n de la bancada y de la presidencia de la Junta de Coordinaci\u00f3n Pol\u00edtica de la C\u00e1mara alta?<\/p>\n<p>Ayer esta interrogante fue respondida por el propio <strong>Monreal<\/strong>:<\/p>\n<p>\u201c\u2026 la \u201cnomenclatura pol\u00edtica\u201d se opondr\u00e1 que (yo) sea candidato de Morena a la Presidencia de la Rep\u00fablica en 2024 e intentar\u00e1 erigir una facci\u00f3n en el poder\u2026\u00a0 pero (yo) confi\u00f3 en que la conciencia ciudadana lograr\u00e1 profundizar la vida democr\u00e1tica de nuestro pa\u00eds\u201d.<\/p>\n<p>Sin duda, <strong>Monreal<\/strong> siente lo que en pol\u00edtica se denomina: \u201cpasos en la azotea\u201d.<\/p>\n<p>O un golpe de mando. Y el \u00fanico que lo puede dar es, s\u00ed, adivin\u00f3 usted: <strong>Andr\u00e9s Manuel L\u00f3pez Obrador<\/strong>.<\/p>\n<p>En un mensaje subido a sus redes sociales, el zacatecano no muestra ni desgano ni ansiedades.<\/p>\n<p>Dice por el contrario tener el entusiasmo, la capacidad, salud y autonom\u00eda \u201cpara lograr, juntos y juntas, un M\u00e9xico pr\u00f3spero y justo\u201d.<\/p>\n<p>O sea, sigue en su intenci\u00f3n de irse a fondo por la candidatura presidencial de Morena.<\/p>\n<p>E insisti\u00f3 en mostrar su perfil al recordarles a sus simpatizantes que procede de una familia campesina, pobre y que ahora forma parte de la clase media: \u201csoy acad\u00e9mico y servidor p\u00fablico, amante de mi pa\u00eds y una vez que llegue el tiempo legal luchar\u00e9 por suceder al presidente L\u00f3pez Obrador\u201d.<\/p>\n<p>Igualmente, insisti\u00f3 en asegurar que tiene claridad respecto a los grandes y enormes retos que enfrenta M\u00e9xico en materia de seguridad, justicia, cambio clim\u00e1tico, campo, bienestar, ingresos, reservas actuariales, empleo y recuperaci\u00f3n econ\u00f3mica, entre otros.<\/p>\n<p>Y acept\u00f3 que lograr lo que quiere no ser\u00e1 sencillo, \u201cpero para quienes provienen de abajo, el camino nunca ha sido f\u00e1cil y est\u00e1n acostumbrados a vencer adversidades y obst\u00e1culos. La gente es la que decide, y a ella me atengo\u201d, afirm\u00f3.<\/p>\n<p>\u201c<strong>Entiendo mi realidad. La nomenclatura pol\u00edtica (de Morena) se opondr\u00e1 e intentar\u00e1 erigir una facci\u00f3n en el poder<\/strong>, pero conf\u00edo en que la conciencia ciudadana lograr\u00e1 profundizar la vida democr\u00e1tica de nuestro pa\u00eds\u201d, expres\u00f3 el senador.<\/p>\n<p>En fin que todo indica que <strong>Monreal <\/strong>est\u00e1 en la pelea.<\/p>\n<p style=\"text-align: center;\"><strong>Despu\u00e9s de la golpiza, la paz<\/strong><\/p>\n<p>El gobernador panista <strong>Mauricio Kuri<\/strong> ha logrado enfrentar con amplio respaldo social la crisis que le gener\u00f3 a su administraci\u00f3n el vandalismo, salvajismo mostrado por la barra de aficionados de su equipo local en contra de los contrarios en un juego en el estadio de La Corregidora.<\/p>\n<p>Hoy, a 8 meses de aquellos hechos, con gran parte de los v\u00e1ndalos en prisi\u00f3n, el gobernador <strong>Kuri <\/strong>emprende una campa\u00f1a de tolerancia que, afirma, significa un nuevo comienzo para la restauraci\u00f3n de la confianza de los queretanos en la realizaci\u00f3n de grandes eventos.<\/p>\n<p>En la presentaci\u00f3n del nuevo programa \u201c<strong>Sociedad de Respeto, Somos Quer\u00e9taro<\/strong>\u201d, que busca reconstruir el tejido social para regresar los valores y corregir el rumbo del estado, el gobernador <strong>Mauricio Kuri<\/strong>, record\u00f3 lo sucedido el 5 de marzo y se\u00f1al\u00f3 que \u201cel primer paso para solucionar un problema es admitir que existe.<\/p>\n<p>\u201cEse d\u00eda vimos las m\u00e1s terribles im\u00e1genes de violencia, pero bien dicen que: Los problemas en la vida tienen tres pasos: aceptarlos, trabajar en ellos, y superarlos\u201d.<\/p>\n<p>Sin duda, un ejemplo de c\u00f3mo s\u00ed hacer las cosas, pero sobre todo enfrentarlas y darles soluci\u00f3n.<\/p>\n<p><em><a href=\"mailto:rvizcainoa@gmail.com\" target=\"_blank\" rel=\"noopener noreferrer\">vizcainoa@gmail.com<\/a><a href=\"mailto:rvizcainoa@gmail.com\" target=\"_blank\" rel=\"noopener noreferrer\"><br \/>\n<\/a><a href=\"http:\/\/endirecto.mx\" target=\"_blank\" rel=\"noopener noreferrer\">www.endirecto.mx<\/a><a href=\"mailto:rvizcainoa@gmail.com\" target=\"_blank\" rel=\"noopener noreferrer\"><br \/>\n<\/a><a href=\"https:\/\/twitter.com\/_rvizcaino\" target=\"_blank\" rel=\"noopener noreferrer\">@_RVizcaino<\/a><a href=\"mailto:rvizcainoa@gmail.com\" target=\"_blank\" rel=\"noopener noreferrer\"><br \/>\n<\/a><a href=\"https:\/\/www.facebook.com\/rvizcainoa\" target=\"_blank\" rel=\"noopener noreferrer\">facebook.com\/rvizcainoa<\/a><\/em><\/p>\n","protected":false},"excerpt":{"rendered":"<p><span style=\"color: #005497;\"><strong>Roberto Vizca\u00edno<\/strong><\/span><\/p>\n","protected":false},"author":3,"featured_media":0,"comment_status":"open","ping_status":"open","sticky":false,"template":"","format":"standard","meta":{"_monsterinsights_skip_tracking":false,"_monsterinsights_sitenote_active":false,"_monsterinsights_sitenote_note":"","_monsterinsights_sitenote_category":0,"footnotes":""},"categories":[136],"tags":[43674,93,94],"class_list":["post-555958","post","type-post","status-publish","format-standard","hentry","category-roberto-vizcaino-opinion","tag-opinion","tag-roberto-vizcaino","tag-tras-la-puerta-del-poder"],"_links":{"self":[{"href":"https:\/\/www.diarioimagen.net\/index.php?rest_route=\/wp\/v2\/posts\/555958","targetHints":{"allow":["GET"]}}],"collection":[{"href":"https:\/\/www.diarioimagen.net\/index.php?rest_route=\/wp\/v2\/posts"}],"about":[{"href":"https:\/\/www.diarioimagen.net\/index.php?rest_route=\/wp\/v2\/types\/post"}],"author":[{"embeddable":true,"href":"https:\/\/www.diarioimagen.net\/index.php?rest_route=\/wp\/v2\/users\/3"}],"replies":[{"embeddable":true,"href":"https:\/\/www.diarioimagen.net\/index.php?rest_route=%2Fwp%2Fv2%2Fcomments&post=555958"}],"version-history":[{"count":0,"href":"https:\/\/www.diarioimagen.net\/index.php?rest_route=\/wp\/v2\/posts\/555958\/revisions"}],"wp:attachment":[{"href":"https:\/\/www.diarioimagen.net\/index.php?rest_route=%2Fwp%2Fv2%2Fmedia&parent=555958"}],"wp:term":[{"taxonomy":"category","embeddable":true,"href":"https:\/\/www.diarioimagen.net\/index.php?rest_route=%2Fwp%2Fv2%2Fcategories&post=555958"},{"taxonomy":"post_tag","embeddable":true,"href":"https:\/\/www.diarioimagen.net\/index.php?rest_route=%2Fwp%2Fv2%2Ftags&post=555958"}],"curies":[{"name":"wp","href":"https:\/\/api.w.org\/{rel}","templated":true}]}}