{"id":556031,"date":"2022-08-09T00:03:23","date_gmt":"2022-08-09T05:03:23","guid":{"rendered":"https:\/\/www.diarioimagen.net\/?p=556031"},"modified":"2022-08-09T04:19:45","modified_gmt":"2022-08-09T09:19:45","slug":"celebran-vecinos-de-naucalpan-el-retiro-de-carpas-para-pruebas-covid","status":"publish","type":"post","link":"https:\/\/www.diarioimagen.net\/?p=556031","title":{"rendered":"Celebran vecinos de Naucalpan el retiro de carpas para pruebas Covid"},"content":{"rendered":"<p>&nbsp;<\/p>\n<ul>\n<li><em><strong>Obstru\u00edan el paso de peatones y veh\u00edculos<\/strong><\/em><\/li>\n<\/ul>\n<p>&nbsp;<\/p>\n<div id=\"attachment_556120\" style=\"width: 470px\" class=\"wp-caption aligncenter\"><img loading=\"lazy\" decoding=\"async\" aria-describedby=\"caption-attachment-556120\" class=\"size-full wp-image-556120\" src=\"https:\/\/www.diarioimagen.net\/wp-content\/uploads\/2022\/08\/celebran.jpg\" alt=\"\" width=\"460\" height=\"270\" \/><p id=\"caption-attachment-556120\" class=\"wp-caption-text\">El Cabildo de Naucalpan aprob\u00f3 un acuerdo para retirar las carpas para la realizaci\u00f3n de pruebas de detecci\u00f3n de Covid-19.<\/p><\/div>\n<p>&nbsp;<\/p>\n<p><strong>Naucalpan, Estado de M\u00e9xico.\u2014<\/strong> Hace unas semanas el Cabildo de Naucalpan, casi de modo un\u00e1nime, aprob\u00f3, con el fin de respetar el derecho humano al libre tr\u00e1nsito, un acuerdo para retirar las carpas para la realizaci\u00f3n de pruebas de detecci\u00f3n de SARS Cov-2 o Covid-19. Lo anterior atendiendo las quejas de los vecinos, pues las mismas obstru\u00edan el paso a los transe\u00fantes y el arroyo veh\u00edcular.<\/p>\n<p>\u201cEra imposible pasar por aqu\u00ed, entre la obstrucci\u00f3n del paso y la gente haciendo filas, era imposible. M\u00e1ximo en la noche, pues unos vagos usaban la carpa para drogarse dentro de ella\u201d, asegur\u00f3 Esther, vecina de Echegaray.<\/p>\n<p>Mart\u00edn Flores, vecino de Lomas Verdes, coment\u00f3 que era un riesgo la carpa que estaba sobre esa arteria principal. \u201cYo vi accidentes ah\u00ed en la noche. Las pusieron donde quisieron, sin importar el riesgo que representaban, ni siquiera hab\u00eda avisos a ciertas horas, para siquiera verlas\u201d, afirm\u00f3.<\/p>\n<p>Vecinos y comerciantes de la \u201czona azul\u201d tambi\u00e9n aplaudierom esta medida, pues hab\u00eda carpas obstruyendo hasta los retornos. Celebraron que por fin \u201cse ponga orden\u201d e hicieron votos para que no se vuelvan a colocar.<\/p>\n<p>Sin duda, el retiro de estas carpas es una gran acci\u00f3n, que los vecinos aplauden.<\/p>\n","protected":false},"excerpt":{"rendered":"<p>Hace unas semanas el Cabildo de Naucalpan, casi de modo un\u00e1nime, aprob\u00f3, con el fin de respetar el derecho humano al libre tr\u00e1nsito, un acuerdo para retirar las carpas para la realizaci\u00f3n de pruebas de detecci\u00f3n de SARS Cov-2 o Covid-19. Lo anterior atendiendo las quejas de los vecinos, pues las mismas obstru\u00edan el paso a los transe\u00fantes y el arroyo veh\u00edcular.<\/p>\n","protected":false},"author":3,"featured_media":556120,"comment_status":"open","ping_status":"open","sticky":false,"template":"","format":"standard","meta":{"_monsterinsights_skip_tracking":false,"_monsterinsights_sitenote_active":false,"_monsterinsights_sitenote_note":"","_monsterinsights_sitenote_category":0,"footnotes":""},"categories":[5],"tags":[96152,91906,43675,970,27045],"class_list":["post-556031","post","type-post","status-publish","format-standard","has-post-thumbnail","hentry","category-estado-de-mexico","tag-carpas","tag-covid","tag-estado-de-mexico","tag-naucalpan","tag-retiro"],"_links":{"self":[{"href":"https:\/\/www.diarioimagen.net\/index.php?rest_route=\/wp\/v2\/posts\/556031","targetHints":{"allow":["GET"]}}],"collection":[{"href":"https:\/\/www.diarioimagen.net\/index.php?rest_route=\/wp\/v2\/posts"}],"about":[{"href":"https:\/\/www.diarioimagen.net\/index.php?rest_route=\/wp\/v2\/types\/post"}],"author":[{"embeddable":true,"href":"https:\/\/www.diarioimagen.net\/index.php?rest_route=\/wp\/v2\/users\/3"}],"replies":[{"embeddable":true,"href":"https:\/\/www.diarioimagen.net\/index.php?rest_route=%2Fwp%2Fv2%2Fcomments&post=556031"}],"version-history":[{"count":0,"href":"https:\/\/www.diarioimagen.net\/index.php?rest_route=\/wp\/v2\/posts\/556031\/revisions"}],"wp:featuredmedia":[{"embeddable":true,"href":"https:\/\/www.diarioimagen.net\/index.php?rest_route=\/wp\/v2\/media\/556120"}],"wp:attachment":[{"href":"https:\/\/www.diarioimagen.net\/index.php?rest_route=%2Fwp%2Fv2%2Fmedia&parent=556031"}],"wp:term":[{"taxonomy":"category","embeddable":true,"href":"https:\/\/www.diarioimagen.net\/index.php?rest_route=%2Fwp%2Fv2%2Fcategories&post=556031"},{"taxonomy":"post_tag","embeddable":true,"href":"https:\/\/www.diarioimagen.net\/index.php?rest_route=%2Fwp%2Fv2%2Ftags&post=556031"}],"curies":[{"name":"wp","href":"https:\/\/api.w.org\/{rel}","templated":true}]}}