{"id":556033,"date":"2022-08-09T00:04:21","date_gmt":"2022-08-09T05:04:21","guid":{"rendered":"https:\/\/www.diarioimagen.net\/?p=556033"},"modified":"2022-08-09T04:24:42","modified_gmt":"2022-08-09T09:24:42","slug":"encuestas-favorecen-al-verde-ecologista-jose-alberto-couttolenc","status":"publish","type":"post","link":"https:\/\/www.diarioimagen.net\/?p=556033","title":{"rendered":"Encuestas\u00a0favorecen al Verde Ecologista: Jos\u00e9 Alberto Couttolenc"},"content":{"rendered":"<p>&nbsp;<\/p>\n<p><img loading=\"lazy\" decoding=\"async\" class=\"aligncenter size-full wp-image-556126\" src=\"https:\/\/www.diarioimagen.net\/wp-content\/uploads\/2022\/08\/Encuesta.jpg\" alt=\"\" width=\"460\" height=\"270\" \/><\/p>\n<p>&nbsp;<\/p>\n<p><strong>Valle de Mexico.\u2014 <\/strong>El Partido Verde Ecologista de M\u00e9xico (PVEM) en el Estado de M\u00e9xico celebra los resultados electorales presentados recientemente por Morena, con los cuales rebasa a Movimiento Ciudadano (MC) y al PRD, adem\u00e1s de acercarse al Partido Acci\u00f3n Nacional (PAN).<\/p>\n<p>El Verde Ecologista destaca que en el evento guinda, tambi\u00e9n se dio a conocer la medici\u00f3n m\u00e1s reciente de Massive Caller, correspondiente al 01 de agosto, la cual tambi\u00e9n le favorece al posicionarlo en un 7.1 por ciento, mientras que MC aparece con 6.6 puntos porcentuales.<\/p>\n<p>En el adelantado ambiente electoral registrado en la entidad, el dirigente estatal del Verde Ecologista, Jos\u00e9 Alberto Couttolenc Buentello, anuncia que el PVEM tendr\u00e1 a su candidato rumbo a la gubernatura a mediados de noviembre y se elegir\u00e1 a trav\u00e9s de consulta a las delegaciones municipales del partido y el Consejo Pol\u00edtico Estatal.<\/p>\n","protected":false},"excerpt":{"rendered":"<p>El Partido Verde Ecologista de M\u00e9xico (PVEM) en el Estado de M\u00e9xico celebra los resultados electorales presentados recientemente por Morena, con los cuales rebasa a Movimiento Ciudadano (MC) y al PRD, adem\u00e1s de acercarse al Partido Acci\u00f3n Nacional (PAN).<\/p>\n","protected":false},"author":3,"featured_media":556126,"comment_status":"open","ping_status":"open","sticky":false,"template":"","format":"standard","meta":{"_monsterinsights_skip_tracking":false,"_monsterinsights_sitenote_active":false,"_monsterinsights_sitenote_note":"","_monsterinsights_sitenote_category":0,"footnotes":""},"categories":[5],"tags":[480,96153,4880],"class_list":["post-556033","post","type-post","status-publish","format-standard","has-post-thumbnail","hentry","category-estado-de-mexico","tag-encuestas","tag-ose-alberto-couttolenc","tag-partido-verde-ecologista-de-mexico"],"_links":{"self":[{"href":"https:\/\/www.diarioimagen.net\/index.php?rest_route=\/wp\/v2\/posts\/556033","targetHints":{"allow":["GET"]}}],"collection":[{"href":"https:\/\/www.diarioimagen.net\/index.php?rest_route=\/wp\/v2\/posts"}],"about":[{"href":"https:\/\/www.diarioimagen.net\/index.php?rest_route=\/wp\/v2\/types\/post"}],"author":[{"embeddable":true,"href":"https:\/\/www.diarioimagen.net\/index.php?rest_route=\/wp\/v2\/users\/3"}],"replies":[{"embeddable":true,"href":"https:\/\/www.diarioimagen.net\/index.php?rest_route=%2Fwp%2Fv2%2Fcomments&post=556033"}],"version-history":[{"count":0,"href":"https:\/\/www.diarioimagen.net\/index.php?rest_route=\/wp\/v2\/posts\/556033\/revisions"}],"wp:featuredmedia":[{"embeddable":true,"href":"https:\/\/www.diarioimagen.net\/index.php?rest_route=\/wp\/v2\/media\/556126"}],"wp:attachment":[{"href":"https:\/\/www.diarioimagen.net\/index.php?rest_route=%2Fwp%2Fv2%2Fmedia&parent=556033"}],"wp:term":[{"taxonomy":"category","embeddable":true,"href":"https:\/\/www.diarioimagen.net\/index.php?rest_route=%2Fwp%2Fv2%2Fcategories&post=556033"},{"taxonomy":"post_tag","embeddable":true,"href":"https:\/\/www.diarioimagen.net\/index.php?rest_route=%2Fwp%2Fv2%2Ftags&post=556033"}],"curies":[{"name":"wp","href":"https:\/\/api.w.org\/{rel}","templated":true}]}}