{"id":556035,"date":"2022-08-09T00:02:43","date_gmt":"2022-08-09T05:02:43","guid":{"rendered":"https:\/\/www.diarioimagen.net\/?p=556035"},"modified":"2022-08-09T04:21:07","modified_gmt":"2022-08-09T09:21:07","slug":"confia-horacio-duarte-en-la-madurez-de-morenistas-para-apoyar-a-delfina-gomez","status":"publish","type":"post","link":"https:\/\/www.diarioimagen.net\/?p=556035","title":{"rendered":"Conf\u00eda Horacio Duarte en la madurez de morenistas para apoyar a Delfina G\u00f3mez"},"content":{"rendered":"<p>&nbsp;<\/p>\n<ul>\n<li><em><strong>Rumbo al proceso electoral en Edomex<\/strong><\/em><\/li>\n<\/ul>\n<p>&nbsp;<\/p>\n<h6>Arturo Baena<\/h6>\n<p>&nbsp;<\/p>\n<div id=\"attachment_556124\" style=\"width: 470px\" class=\"wp-caption aligncenter\"><img loading=\"lazy\" decoding=\"async\" aria-describedby=\"caption-attachment-556124\" class=\"size-full wp-image-556124\" src=\"https:\/\/www.diarioimagen.net\/wp-content\/uploads\/2022\/08\/confia.jpg\" alt=\"\" width=\"460\" height=\"270\" \/><p id=\"caption-attachment-556124\" class=\"wp-caption-text\">Horacio\u00a0Duarte Olivares confi\u00f3 en la madurez de morenistas para respaldar a la maestra Delfina G\u00f3mez, rumbo a la contienda por el Estado de M\u00e9xico.<\/p><\/div>\n<p>&nbsp;<\/p>\n<p><strong>Valle de Mexico.\u2014<\/strong> El ex aspirante a la candidatura de Morena a la gubernatura del Estado de M\u00e9xico, Horacio Duarte Olivares, confi\u00f3 en la madurez de los militantes de Morena para respaldar a la maestra Delfina G\u00f3mez, rumbo a la contienda por la gubernatura del Estado de M\u00e9xico, que pondr\u00e1 fin a un siglo de gobiernos priistas.<\/p>\n<p>\u201c\u201cNo tengo ninguna duda, hay que apoyar el proceso de la transformaci\u00f3n y a la maestra Delfina; los n\u00fameros que se presentaron en la encuesta fueron suficientemente claros, tiene legitimidad y est\u00e1 claro que ella tiene que encabezar este proceso\u201d, dijo.<\/p>\n<p>El ex aspirante a la candidatura de ese partido, dijo que \u201chay quien, de repente, al no ser electos, se sienten desplazados, pero habr\u00e1 suficiente madurez, conf\u00edo en todos, los conozco a todos, s\u00e9 que juntos estaremos en la campa\u00f1a. Estaremos trabajando el pr\u00f3ximo a\u00f1o en el Estado de M\u00e9xico\u201d, afirm\u00f3. El tambi\u00e9n titular de la Agencia Nacional de Aduanas de M\u00e9xico reiter\u00f3 el llamado a toda la militancia y simpatizantes de Morena a que \u201cnos sumemos, a que colaboremos, que trabajemos y no estemos pensando en temas que no corresponden\u201d.<\/p>\n<p>Por otra parte, destac\u00f3 que \u201cse lo arrebatamos en t\u00e9rminos de n\u00fameros en 2017, Morena sac\u00f3 m\u00e1s votos que el PRI el gobernador actual (Alfredo Del Mazo) gan\u00f3 gracias a sus aliados.<\/p>\n<p>Record\u00f3 que \u201cen 2021 volvimos a sacar m\u00e1s votos que el PRI. Desde hace tres elecciones, nuestro partido es la primera fuerza pol\u00edtica; como partido ha sacado m\u00e1s votos que otros partidos. Lo natural, el proceso l\u00f3gico, el pr\u00f3ximo a\u00f1o ganemos\u201d, precis\u00f3 el tambi\u00e9n abogado electoral de Morena.<\/p>\n","protected":false},"excerpt":{"rendered":"<p>El ex aspirante a la candidatura de Morena a la gubernatura del Estado de M\u00e9xico, Horacio Duarte Olivares, confi\u00f3 en la madurez de los militantes de Morena para respaldar a la maestra Delfina G\u00f3mez, rumbo a la contienda por la gubernatura del Estado de M\u00e9xico, que pondr\u00e1 fin a un siglo de gobiernos priistas.<\/p>\n","protected":false},"author":3,"featured_media":556124,"comment_status":"open","ping_status":"open","sticky":false,"template":"","format":"standard","meta":{"_monsterinsights_skip_tracking":false,"_monsterinsights_sitenote_active":false,"_monsterinsights_sitenote_note":"","_monsterinsights_sitenote_category":0,"footnotes":""},"categories":[5],"tags":[43675,96154,34],"class_list":["post-556035","post","type-post","status-publish","format-standard","has-post-thumbnail","hentry","category-estado-de-mexico","tag-estado-de-mexico","tag-horacio-duarte-olivares","tag-valle-de-mexico"],"_links":{"self":[{"href":"https:\/\/www.diarioimagen.net\/index.php?rest_route=\/wp\/v2\/posts\/556035","targetHints":{"allow":["GET"]}}],"collection":[{"href":"https:\/\/www.diarioimagen.net\/index.php?rest_route=\/wp\/v2\/posts"}],"about":[{"href":"https:\/\/www.diarioimagen.net\/index.php?rest_route=\/wp\/v2\/types\/post"}],"author":[{"embeddable":true,"href":"https:\/\/www.diarioimagen.net\/index.php?rest_route=\/wp\/v2\/users\/3"}],"replies":[{"embeddable":true,"href":"https:\/\/www.diarioimagen.net\/index.php?rest_route=%2Fwp%2Fv2%2Fcomments&post=556035"}],"version-history":[{"count":0,"href":"https:\/\/www.diarioimagen.net\/index.php?rest_route=\/wp\/v2\/posts\/556035\/revisions"}],"wp:featuredmedia":[{"embeddable":true,"href":"https:\/\/www.diarioimagen.net\/index.php?rest_route=\/wp\/v2\/media\/556124"}],"wp:attachment":[{"href":"https:\/\/www.diarioimagen.net\/index.php?rest_route=%2Fwp%2Fv2%2Fmedia&parent=556035"}],"wp:term":[{"taxonomy":"category","embeddable":true,"href":"https:\/\/www.diarioimagen.net\/index.php?rest_route=%2Fwp%2Fv2%2Fcategories&post=556035"},{"taxonomy":"post_tag","embeddable":true,"href":"https:\/\/www.diarioimagen.net\/index.php?rest_route=%2Fwp%2Fv2%2Ftags&post=556035"}],"curies":[{"name":"wp","href":"https:\/\/api.w.org\/{rel}","templated":true}]}}