{"id":556037,"date":"2022-08-09T00:01:32","date_gmt":"2022-08-09T05:01:32","guid":{"rendered":"https:\/\/www.diarioimagen.net\/?p=556037"},"modified":"2022-08-09T04:20:34","modified_gmt":"2022-08-09T09:20:34","slug":"enrique-vargas-del-villar-el-mejor-aspirante-a-vencer-aseguran-los-panistas-mexiquenses","status":"publish","type":"post","link":"https:\/\/www.diarioimagen.net\/?p=556037","title":{"rendered":"Enrique Vargas del Villar, el mejor aspirante a vencer, aseguran los panistas mexiquenses"},"content":{"rendered":"<p>&nbsp;<\/p>\n<ul>\n<li><em><strong>Denuncian \u201cguerra sucia\u201d<\/strong><\/em><\/li>\n<\/ul>\n<p><strong>\u00a0<\/strong><\/p>\n<h6>Arturo Baena<\/h6>\n<p>&nbsp;<\/p>\n<div id=\"attachment_556122\" style=\"width: 470px\" class=\"wp-caption aligncenter\"><img loading=\"lazy\" decoding=\"async\" aria-describedby=\"caption-attachment-556122\" class=\"size-full wp-image-556122\" src=\"https:\/\/www.diarioimagen.net\/wp-content\/uploads\/2022\/08\/Enrique.jpg\" alt=\"\" width=\"460\" height=\"270\" \/><p id=\"caption-attachment-556122\" class=\"wp-caption-text\">Los panistas mexiquenses afirman estar preparados para detener la \u201cguerra sucia\u201d que inici\u00f3 la oposici\u00f3n para denigrar y da\u00f1ar la imagen de Enrique Vargas del Villar.<\/p><\/div>\n<p>&nbsp;<\/p>\n<p><strong>Valle de M\u00e9xico.\u2014<\/strong>\u00a0 Aunque a\u00fan falta poco m\u00e1s de un a\u00f1o para definir qui\u00e9n ser\u00e1 el abanderado(a) de la alianza Va por M\u00e9xico, aquellos que tomen dicha determinaci\u00f3n, deben de realizar un verdadero an\u00e1lisis de qui\u00e9n podr\u00e1 ganarle a Delfina G\u00f3mez, pues sin duda alguna, recibir\u00e1 todo el apoyo del gobierno federal y utilizar\u00e1n la \u201cguerra sucia\u201d para lograr su objetivo, como ya lo est\u00e1n haciendo desde hoy.<\/p>\n<p>Aseguraron por separado militantes, simpatizantes y representantes del Partido Acci\u00f3n Nacional (PAN) al tiempo de destacar que Morena utilizar\u00e1 \u201c cualquier artima\u00f1a\u201d para empezar a atacar a quien vea m\u00e1s fuerte y mejor posicionado para encabezar la candidatura a la gubernatura del Estado de M\u00e9xico que estar\u00e1 en juego el pr\u00f3ximo a\u00f1o.<\/p>\n<p>Prueba de lo anterior, dijeron en voz de regidores como son Agust\u00edn Belgodere, Paulina P\u00e9rez, y el diputado, Adri\u00e1n Ju\u00e1rez, entre otros qu\u00e9 \u201c hoy por hoy, el enemigo a vencer es Enrique Vargas del Villar, qui\u00e9n cuenta con el apoyo de propios y extra\u00f1os, para encabezar la candidatura de la alianza \u201cVa por M\u00e9xico\u201d, es por ello que ya tratan de da\u00f1ar su imagen por todos los medios posibles, pero no lograran su prop\u00f3sito\u201d, aseguraron.<\/p>\n<p>Los panistas mexiquenses, destacaron que deben estar preparados para detener la \u201cguerra sucia\u201d que inici\u00f3 la oposici\u00f3n para denigrar y da\u00f1ar la imagen en contra de a quienes desde hoy lo ven con mayor posibilidad de ganar la gubernatura y uno de ellos, sin duda alguna es Vargas del Villar, actual coordinador de la fracci\u00f3n del PAN en el Congreso mexiquense \u201c, reiteraron.<\/p>\n<p>En ese sentido, en Acci\u00f3n Nacional, reconocieron que \u201cla popularidad de Enrique Vargas del Villar, se fortalece no s\u00f3lo en el Estado de M\u00e9xico, sino a nivel nacional, y ahora fue el ex presidente Vicente Fox Quesada, quien respald\u00f3 al panista mexiquense\u201d, aseguraron.<\/p>\n<p>Finalmente, puntualizaron que \u201ccuando llegue el tiempo de definiciones, no nos queda duda de que Enrique Vargas ser\u00e1 el abanderado de la Alianza va Por M\u00e9xico\u201d, concluyeron.<\/p>\n","protected":false},"excerpt":{"rendered":"<p>Aunque a\u00fan falta poco m\u00e1s de un a\u00f1o para definir qui\u00e9n ser\u00e1 el abanderado(a) de la alianza Va por M\u00e9xico, aquellos que tomen dicha determinaci\u00f3n, deben de realizar un verdadero an\u00e1lisis de qui\u00e9n podr\u00e1 ganarle a Delfina G\u00f3mez, pues sin duda alguna, recibir\u00e1 todo el apoyo del gobierno federal y utilizar\u00e1n la \u201cguerra sucia\u201d para lograr su objetivo, como ya lo est\u00e1n haciendo desde hoy.<\/p>\n","protected":false},"author":3,"featured_media":556122,"comment_status":"open","ping_status":"open","sticky":false,"template":"","format":"standard","meta":{"_monsterinsights_skip_tracking":false,"_monsterinsights_sitenote_active":false,"_monsterinsights_sitenote_note":"","_monsterinsights_sitenote_category":0,"footnotes":""},"categories":[5],"tags":[34],"class_list":["post-556037","post","type-post","status-publish","format-standard","has-post-thumbnail","hentry","category-estado-de-mexico","tag-valle-de-mexico"],"_links":{"self":[{"href":"https:\/\/www.diarioimagen.net\/index.php?rest_route=\/wp\/v2\/posts\/556037","targetHints":{"allow":["GET"]}}],"collection":[{"href":"https:\/\/www.diarioimagen.net\/index.php?rest_route=\/wp\/v2\/posts"}],"about":[{"href":"https:\/\/www.diarioimagen.net\/index.php?rest_route=\/wp\/v2\/types\/post"}],"author":[{"embeddable":true,"href":"https:\/\/www.diarioimagen.net\/index.php?rest_route=\/wp\/v2\/users\/3"}],"replies":[{"embeddable":true,"href":"https:\/\/www.diarioimagen.net\/index.php?rest_route=%2Fwp%2Fv2%2Fcomments&post=556037"}],"version-history":[{"count":0,"href":"https:\/\/www.diarioimagen.net\/index.php?rest_route=\/wp\/v2\/posts\/556037\/revisions"}],"wp:featuredmedia":[{"embeddable":true,"href":"https:\/\/www.diarioimagen.net\/index.php?rest_route=\/wp\/v2\/media\/556122"}],"wp:attachment":[{"href":"https:\/\/www.diarioimagen.net\/index.php?rest_route=%2Fwp%2Fv2%2Fmedia&parent=556037"}],"wp:term":[{"taxonomy":"category","embeddable":true,"href":"https:\/\/www.diarioimagen.net\/index.php?rest_route=%2Fwp%2Fv2%2Fcategories&post=556037"},{"taxonomy":"post_tag","embeddable":true,"href":"https:\/\/www.diarioimagen.net\/index.php?rest_route=%2Fwp%2Fv2%2Ftags&post=556037"}],"curies":[{"name":"wp","href":"https:\/\/api.w.org\/{rel}","templated":true}]}}