{"id":556133,"date":"2022-08-09T00:02:43","date_gmt":"2022-08-09T05:02:43","guid":{"rendered":"https:\/\/www.diarioimagen.net\/?p=556133"},"modified":"2022-08-10T01:39:55","modified_gmt":"2022-08-10T06:39:55","slug":"reforma-electoral-y-cerrazon-de-morena","status":"publish","type":"post","link":"https:\/\/www.diarioimagen.net\/?p=556133","title":{"rendered":"Reforma electoral y cerraz\u00f3n de Morena"},"content":{"rendered":"<h2>La Retaguardia<\/h2>\n<h5>Adriana Moreno Cordero<\/h5>\n<p><em>\u00a0<\/em><\/p>\n<ul>\n<li><strong><em>Indispensable comparaci\u00f3n entre decretazo de L\u00f3pez Obrador <\/em><em>y disoluci\u00f3n del Congreso por parte de Alberto Fujimori, en 1992<\/em><\/strong><\/li>\n<\/ul>\n<p>&nbsp;<\/p>\n<p>La cerraz\u00f3n es la \u00fanica forma que tienen de responder los diputados de Morena a quienes no est\u00e1n de acuerdo con ellos, igualitos que su jefe, el que despacha en Palacio Nacional. Ah\u00ed est\u00e1 como claro ejemplo, que el bloque opositor tuvo que organizar su propio Parlamento Abierto para analizar una posible reforma electoral, pues la bancada que tan atinadamente coordina <strong>Ignacio Mier Velazco<\/strong>, se rehus\u00f3 terminantemente a dar la m\u00e1s m\u00ednima facilidad a la oposici\u00f3n. No prest\u00f3 ning\u00fan espacio para el foro opositor y bueno, ni siquiera un vaso de agua les quiso dar, porque con eso de que el bloque de la oposici\u00f3n en San L\u00e1zaro ya anunci\u00f3 que la controvertida reforma electoral impulsada por el presidente <strong>Andr\u00e9s Manuel L\u00f3pez Obrador<\/strong>, esa a la que no quiere que le cambien ni una coma, no va a pasar, -igual que como ocurri\u00f3 con la reforma el\u00e9ctrica-, pues la indignaci\u00f3n de los legisladores morenistas va en aumento.<\/p>\n<p>Afortunadamente, hubo voces sensatas que se dejaron escuchar para analizar el tema electoral y en este sentido, no tiene desperdicio lo dicho por el exconsejero presidente de lo que era el Instituto Federal Electoral, (IFE), <strong>Jos\u00e9 Woldenberg<\/strong>, que en unas cuantas palabras, puso en evidencia el calibre de un mandatario que, como L\u00f3pez Obrador, quiere centralizar absolutamente todo, de ah\u00ed que la actitud del tabasque\u00f1o recuerde a la figura del ex presidente del Per\u00fa, <strong>Alberto Fujimori<\/strong>, cuando en el a\u00f1o de 1992, disolvi\u00f3 al Congreso de aquel pa\u00eds como una maniobra para neutralizar a sus opositores.<\/p>\n<p>No hay que olvidar que aquel 5 de abril de hace 30 a\u00f1os, mientras el ex presidente del Per\u00fa anunciaba por la televisi\u00f3n la \u201cdisoluci\u00f3n temporal del Congreso\u201d, \u00a0tropas del Ej\u00e9rcito, la Marina y de la Fuerza A\u00e9rea, llegaron al\u00a0Congreso de la Rep\u00fablica peruana, el Poder Judicial, el Ministerio P\u00fablico, entre otras instituciones para tomar el control completo de ellas.<\/p>\n<p>Como puede verse, la historia suele tener coincidencias que podr\u00edan resultar escalofriantes, porque en el caso de M\u00e9xico, con eso de que el presidente L\u00f3pez Obrador de plano ya se salt\u00f3 al Poder Legislativo y emiti\u00f3 lo que ya se conoce como un \u201cdecretazo\u201d para que la Guardia Nacional pase a manos del Ej\u00e9rcito, una iniciativa que ya hab\u00eda dicho la oposici\u00f3n, no pasar\u00eda en el Congreso. Y si con estos ejemplos no se pueden hacer comparaciones, pues entonces\u2026<\/p>\n<p>Retomando lo dicho por el doctor Jos\u00e9 Woldenberg, eso fue una verdad de a plomo: \u201cAl Presidente no le gustan los organismos aut\u00f3nomos, no creo que est\u00e9 descubriendo nada, no le gustan porque quisiera volver a concentrar en la Presidencia poderes que a lo largo de los \u00faltimos a\u00f1os han ido pluraliz\u00e1ndose\u201d.<\/p>\n<p style=\"text-align: center;\"><strong>\u00a0<\/strong><\/p>\n<p>*** Y por cierto, ante el decretazo, los coordinadores de la oposici\u00f3n en la C\u00e1mara de Diputados: <strong>Jorge Romero<\/strong>, del PAN; <strong>Luis Espinoza Ch\u00e1zaro<\/strong>, del PRD; <strong>Jorge Alvarez Maynes,<\/strong> de Movimiento Ciudadano, coincidieron en se\u00f1alar que el inquilino de Palacio Nacional est\u00e1 muy equivocado si piensa que mediante decretazos, puede gobernar el pa\u00eds. Mediante las \u201cex benditas redes sociales\u201d, se pudo leer: \u201c(L\u00f3pez Obrador), olvida que la Guardia Nacional tiene un car\u00e1cter constitucional de origen civil, y as\u00ed se quedar\u00e1 puesto, que #VaXMexico no dar\u00e1 un solo voto para lo contrario\u201d. Asimismo, los coordinadores parlamentarios lamentaron que el Presidente pretenda modificar el Articulo 21 de la Constituci\u00f3n, el cual establece que las instituciones que salvaguardan la seguridad en M\u00e9xico deben ser de car\u00e1cter civil.<\/p>\n<p>*** Otro golpe intent\u00f3 esta errada y llamada Cuarta Transformaci\u00f3n en contra de la ex titular de la Sedatu, <strong>Rosario Robles<\/strong>, quien ahora\u00a0busca el amparo y protecci\u00f3n de la justicia contra la orden de aprehensi\u00f3n librada en su contra por delincuencia organizada y lavado de dinero.<\/p>\n<p>*** No s\u00f3lo los actuales Consejos de Administraci\u00f3n y Vigilancia, encabezados por <strong>V\u00edctor Vel\u00e1zquez Rangel<\/strong> y <strong>Jos\u00e9 Antonio Mar\u00edn<\/strong>, se presentan s\u00f3lidamente fundados jur\u00eddicamente, sino que su administraci\u00f3n arroja importantes cifras de crecimiento que hablan en favor de su modelo de desarrollo. Lo anterior, en primer lugar, se hace evidente luego de la extensa lista de resoluciones favorables no s\u00f3lo en el \u00e1mbito local, sino a nivel federal y que culminaron con el resolutivo del Primer Tribunal Colegido en Materia Civil de la Ciudad de M\u00e9xico, el cual declar\u00f3 la legalidad definitiva de la asamblea celebrada el pasado 29 de septiembre de 2018 y con ella, la correspondiente de los actuales Consejos encabezados por Mar\u00edn y Vel\u00e1zquez Rangel. Sobre dicha base y pese a la contracci\u00f3n del 15% en la industria de la construcci\u00f3n y una ca\u00edda promedio del 6% en sus ventas, la nueva administraci\u00f3n ha sido capaz de mantener su participaci\u00f3n del 23% en la industria, al tiempo que un incremento aproximado del 2% en sus ventas, todo ello en comparaci\u00f3n con las cifras del 2019. Por otra parte, a principios del mes de septiembre de 2020, Jos\u00e9 Antonio Mar\u00edn y V\u00edctor Vel\u00e1zquez sostuvieron una reuni\u00f3n de trabajo con <strong>Enoch Castellanos<\/strong>, presidente de la Canacintra. En el encuentro, se anunci\u00f3 el inter\u00e9s de la empresa por incorporarse como miembro activo de C\u00e1mara. Posteriormente, en 2021, la Cooperativa report\u00f3 significativas inversiones en la planta de Lagunas, Oaxaca, encabezadas por la inauguraci\u00f3n del Horno 5 y un incremento del 65% en la producci\u00f3n de cemento.<br \/>\nAunado a ello, para el mes de septiembre de ese a\u00f1o, el Organismo Nacional de Normalizaci\u00f3n y Certificaci\u00f3n de la Construcci\u00f3n y Edificaci\u00f3n (ONNCCE), otorg\u00f3 a La Cruz Azul certificados de calidad por tres de sus productos de la Planta de Lagunas, Oaxaca. Se trata del Cemento Portland clase 30, el clase 40 y el cemento para alba\u00f1iler\u00eda, destac\u00e1ndose con ello el cumplimiento de los procesos y sistemas establecidos por La Cruz Azul S.C.L. para la industria de la construcci\u00f3n. Finalmente, la nueva administraci\u00f3n pudo sostener reuniones con la jefa de Gobierno de la CDMX, <strong>Claudia Sheinbaum Pardo,<\/strong> y el gobernador de Aguascalientes, <strong>Mart\u00edn Orozco Sandoval<\/strong>. Asimismo a fines de octubre del a\u00f1o anterior, V\u00edctor Vel\u00e1zquez Rangel, presidente del Consejo de Administraci\u00f3n, se reuni\u00f3 con el gobernador de Puebla, <strong>Luis Miguel Barbosa Huerta<\/strong>, para analizar la posibilidad de emprender, en conjunto, una serie de proyectos sociales y deportivos en la entidad.<br \/>\nA todo ello se suma un crecimiento del 60% en la producci\u00f3n de Cruz Azul en dicho estado y que, al igual que en Oaxaca, es resultado de una transformaci\u00f3n sustantiva en la eficiencia de los procesos de la cementera. Semejante transformaci\u00f3n hace ver viable el modelo cooperativista, no s\u00f3lo en t\u00e9rminos de la rentabilidad alcanzada, sino por el cumplimiento de los mas altos est\u00e1ndares internacionales de calidad.<\/p>\n<p><u><a href=\"mailto:morcora@gmail.com\" target=\"_blank\" rel=\"noopener noreferrer\"><em>morcora@gmail.com<\/em><\/a><\/u><\/p>\n","protected":false},"excerpt":{"rendered":"<p><span style=\"color: #005497;\"><strong>Adriana Moreno Cordero<\/strong><\/span><\/p>\n","protected":false},"author":3,"featured_media":0,"comment_status":"open","ping_status":"open","sticky":false,"template":"","format":"standard","meta":{"_monsterinsights_skip_tracking":false,"_monsterinsights_sitenote_active":false,"_monsterinsights_sitenote_note":"","_monsterinsights_sitenote_category":0,"footnotes":""},"categories":[69370],"tags":[69369,69368,43674],"class_list":["post-556133","post","type-post","status-publish","format-standard","hentry","category-adriana-moreno-cordero","tag-adriana-moreno-cordero","tag-la-retaguardia","tag-opinion"],"_links":{"self":[{"href":"https:\/\/www.diarioimagen.net\/index.php?rest_route=\/wp\/v2\/posts\/556133","targetHints":{"allow":["GET"]}}],"collection":[{"href":"https:\/\/www.diarioimagen.net\/index.php?rest_route=\/wp\/v2\/posts"}],"about":[{"href":"https:\/\/www.diarioimagen.net\/index.php?rest_route=\/wp\/v2\/types\/post"}],"author":[{"embeddable":true,"href":"https:\/\/www.diarioimagen.net\/index.php?rest_route=\/wp\/v2\/users\/3"}],"replies":[{"embeddable":true,"href":"https:\/\/www.diarioimagen.net\/index.php?rest_route=%2Fwp%2Fv2%2Fcomments&post=556133"}],"version-history":[{"count":0,"href":"https:\/\/www.diarioimagen.net\/index.php?rest_route=\/wp\/v2\/posts\/556133\/revisions"}],"wp:attachment":[{"href":"https:\/\/www.diarioimagen.net\/index.php?rest_route=%2Fwp%2Fv2%2Fmedia&parent=556133"}],"wp:term":[{"taxonomy":"category","embeddable":true,"href":"https:\/\/www.diarioimagen.net\/index.php?rest_route=%2Fwp%2Fv2%2Fcategories&post=556133"},{"taxonomy":"post_tag","embeddable":true,"href":"https:\/\/www.diarioimagen.net\/index.php?rest_route=%2Fwp%2Fv2%2Ftags&post=556133"}],"curies":[{"name":"wp","href":"https:\/\/api.w.org\/{rel}","templated":true}]}}