{"id":556135,"date":"2022-08-09T00:04:03","date_gmt":"2022-08-09T05:04:03","guid":{"rendered":"https:\/\/www.diarioimagen.net\/?p=556135"},"modified":"2022-08-09T04:54:30","modified_gmt":"2022-08-09T09:54:30","slug":"irresponsabilidad-y-lucro-en-las-minas","status":"publish","type":"post","link":"https:\/\/www.diarioimagen.net\/?p=556135","title":{"rendered":"Irresponsabilidad y lucro en las minas"},"content":{"rendered":"<h2>Desde el portal<\/h2>\n<h5>\u00c1ngel Soriano<\/h5>\n<p>&nbsp;<\/p>\n<p>Llevan 7 d\u00edas atrapados 10 de los 15 mineros que trabajaban en la zona carbon\u00edfera \u201cEl Pinabete\u201d de Sabinas, Coahuila, en donde tres pozos de agua inundaron la zona y a pesar de los esfuerzos de los tres niveles de gobierno con todos los recursos, no se ha avanzado dado lo complicado de los trabajos.<\/p>\n<p>El presidente L\u00f3pez Obrador ha dicho que lo prioritario es rescatar a los trabajadores, sin dejar de lado la investigaci\u00f3n sobre los responsables de ese lamentable hecho, y aunque se ha avanzado en el tema con los nombres de los concesionarios y las condiciones en que laboraban los mineros, se ampl\u00eda la informaci\u00f3n y se proceder\u00e1 conforme a la Ley.<\/p>\n<p>Porque es evidente que se carec\u00eda del conocimiento previo de las condiciones orogr\u00e1ficas de la mina, que estaban cerca de pozos de agua y que las excavaciones\u00a0 ordenadas a los trabajadores no previeron la ruptura del cerco que delimitaba entre una y otra actividad y de las fatales consecuencias que originar\u00eda un accidente de este tipo.<\/p>\n<p>No es el primero ni el \u00faltimo accidente de este tipo, van ya varios, esto a consecuencia de los privilegios de los concesionarios que incursionan tambi\u00e9n exitosamente en la pol\u00edtica y gozan de fuero e impunidad, en tanto los trabajadores y sus familias viven en la eterna angustia por el riesgo de perder la vida ante tanta irresponsabilidad. La vida, por encima del lucro, es vital.<\/p>\n<p style=\"text-align: center;\"><strong>Turbulencias<br \/>\nLuchar\u00e1 Monreal contra la nomenclatura<\/strong><\/p>\n<p>\u00a0El senador Ricardo Monreal dijo que luchar\u00e1 contra la nomenclatura que tiene secuestrada a Morena y que le cerrar\u00e1 el paso en sus aspiraciones de ser candidato presidencial. Y enumer\u00f3 sus virtudes para lograr tal prop\u00f3sito, desde contar con la formaci\u00f3n acad\u00e9mica y de provenir de una familia campesina pobre, hasta ser conciliador y contar con buena salud\u2026 El ex presidente Donald Trump, en un festival derechista que dur\u00f3 tres d\u00edas en Dallas, Texas, en un discurso de m\u00e1s de dos horas, arremeti\u00f3 de nuevo contra los indocumentados y contra el presidente Joe Biden, que ha llevado a la Uni\u00f3n Americana a convertirse en un pa\u00eds del tercer mundo y que ha causado m\u00e1s da\u00f1o que 5 de los peores presidentes estadunidenses. El republicano buscar\u00e1 otra vez volver a la Casa Blanca\u2026 En Villa \u00c1lvarez, acompa\u00f1ado de la gobernadora de Colima, Indira Vizca\u00edno, y del director del IMSS, Zo\u00e9 Robledo, el presidente L\u00f3pez Obrador dijo que la educaci\u00f3n y la salud son gratuitas, por lo que no se deben pedir cuotas ni en hospitales ni en escuelas; operan con presupuesto p\u00fablico. Dijo tambi\u00e9n que nada de cuadro b\u00e1sico porque la medicina es universal, no puede reducirse a unas cuantas claves. Ojal\u00e1 y esto sea tomado en cuenta por derechohabientes, alumnos y estudiantes de nivel medio y superior: Ni las escuelas ni los hospitales deben cobrar por la prestaci\u00f3n de servicios gratuitos\u2026 Raquel Sosa El\u00edzaga, coordinadora de las Universidades del Bienestar Benito Ju\u00e1rez, compa\u00f1era del presidente L\u00f3pez Obrador en la Facultad de Ciencias Pol\u00edticas de la UNAM,\u00a0 podr\u00eda ser considerada a partir de esta semana como viable para ocupar la titularidad de la SEP, en sustituci\u00f3n de la maestra Delfina G\u00f3mez. Es una mujer preparada y honesta, indica el Presidente\u2026 Sigue el misterio de la ausencia en Campeche de la gobernadora Layda Sansores y de su presencia en Buenos Aires, Argentina, por razones personales, aun cuando tiene que estar de manera presencial en la entidad para rendir su informe de gobierno. Seguramente esto se aclarar\u00e1 en las pr\u00f3ximas horas\u2026 Protestan familiares de los mineros atrapados en Sabinas, Coahuila, por lo que consideran lentitud en los trabajos de rescate; la coordinadora nacional de Protecci\u00f3n Civil nunca ha ubicado el lugar exacto ni el nombre completo de la mina ni el tipo de mineral que se extrae; ser\u00eda bueno un curso intensivo al respecto.<\/p>\n<p><u><a href=\"mailto:asorianocarrasco@yahoo.com\" target=\"_blank\" rel=\"noopener noreferrer\"><em>asorianocarrasco@yahoo.com<\/em><\/a><br \/>\n<em><a href=\"https:\/\/revistabrecha.com\" target=\"_blank\" rel=\"noopener noreferrer\">www.revistabrecha.com<\/a><br \/>\n<\/em><\/u><em>facebook oficial <a href=\"https:\/\/es-la.facebook.com\/RevistaBrecha.Oficial\" target=\"_blank\" rel=\"noopener\">@BrechaRevista<\/a><\/em><\/p>\n","protected":false},"excerpt":{"rendered":"<p><span style=\"color: #005497;\"><strong>\u00c1ngel Soriano<\/strong><\/span><\/p>\n","protected":false},"author":3,"featured_media":0,"comment_status":"open","ping_status":"open","sticky":false,"template":"","format":"standard","meta":{"_monsterinsights_skip_tracking":false,"_monsterinsights_sitenote_active":false,"_monsterinsights_sitenote_note":"","_monsterinsights_sitenote_category":0,"footnotes":""},"categories":[135],"tags":[85,86,43674],"class_list":["post-556135","post","type-post","status-publish","format-standard","hentry","category-angel-soriano-opinion","tag-angel-soriano","tag-desde-el-portal","tag-opinion"],"_links":{"self":[{"href":"https:\/\/www.diarioimagen.net\/index.php?rest_route=\/wp\/v2\/posts\/556135","targetHints":{"allow":["GET"]}}],"collection":[{"href":"https:\/\/www.diarioimagen.net\/index.php?rest_route=\/wp\/v2\/posts"}],"about":[{"href":"https:\/\/www.diarioimagen.net\/index.php?rest_route=\/wp\/v2\/types\/post"}],"author":[{"embeddable":true,"href":"https:\/\/www.diarioimagen.net\/index.php?rest_route=\/wp\/v2\/users\/3"}],"replies":[{"embeddable":true,"href":"https:\/\/www.diarioimagen.net\/index.php?rest_route=%2Fwp%2Fv2%2Fcomments&post=556135"}],"version-history":[{"count":0,"href":"https:\/\/www.diarioimagen.net\/index.php?rest_route=\/wp\/v2\/posts\/556135\/revisions"}],"wp:attachment":[{"href":"https:\/\/www.diarioimagen.net\/index.php?rest_route=%2Fwp%2Fv2%2Fmedia&parent=556135"}],"wp:term":[{"taxonomy":"category","embeddable":true,"href":"https:\/\/www.diarioimagen.net\/index.php?rest_route=%2Fwp%2Fv2%2Fcategories&post=556135"},{"taxonomy":"post_tag","embeddable":true,"href":"https:\/\/www.diarioimagen.net\/index.php?rest_route=%2Fwp%2Fv2%2Ftags&post=556135"}],"curies":[{"name":"wp","href":"https:\/\/api.w.org\/{rel}","templated":true}]}}