{"id":556141,"date":"2022-08-09T00:08:34","date_gmt":"2022-08-09T05:08:34","guid":{"rendered":"https:\/\/www.diarioimagen.net\/?p=556141"},"modified":"2022-08-09T04:57:33","modified_gmt":"2022-08-09T09:57:33","slug":"frenar-las-tragedias-mineras","status":"publish","type":"post","link":"https:\/\/www.diarioimagen.net\/?p=556141","title":{"rendered":"Frenar las tragedias mineras"},"content":{"rendered":"<h2>Punto por punto<\/h2>\n<h5>Augusto Corro<\/h5>\n<p>&nbsp;<\/p>\n<p>Parece que los mineros en M\u00e9xico se encuentran olvidados por las autoridades laborales.<\/p>\n<p>Basta con ver la lista de decesos en las minas de carb\u00f3n para confirmar que nadie realiza inspecciones en esos centros de trabajo. La semana pasada, diez trabajadores quedaron atrapados en un pozo minero de la poblaci\u00f3n de Agujita, municipio de Sabinas, Coahuila.<\/p>\n<p>Los equipos de rescate trabajan intensamente para llegar hasta el sitio donde est\u00e1n los atrapados.<\/p>\n<p>Como informamos, los mineros laboraban a 60 metros de profundidad en el pozo, cuando ocurri\u00f3 el derrumbe en las paredes de los t\u00faneles, lo que provoc\u00f3 la inundaci\u00f3n.<\/p>\n<p>Ante esos hechos, la Fiscal\u00eda General de la Rep\u00fablica (FGR) inform\u00f3 que desde el 5 de agosto investiga sobre posibles delitos de car\u00e1cter federal vinculados al derrumbe del pozo minero.<\/p>\n<p>Quiz\u00e1s sea momento de revisar las leyes laborales para mejorar la situaci\u00f3n de los mineros en M\u00e9xico.<\/p>\n<p>Las concesiones para la explotaci\u00f3n de minas se encuentran en manos de extranjeros, pol\u00edticos o caciques regionales.<\/p>\n<p>Es oportuno, pues, que se revisen las medidas para brindar seguridad a los mineros.<\/p>\n<p>Es importante castigar a los responsables de la tragedia, pero tambi\u00e9n es necesario que no se repitan.<\/p>\n<p style=\"text-align: center;\"><strong>Sedena y la Guardia Nacional<\/strong><\/p>\n<p>El presidente L\u00f3pez Obrador inform\u00f3 que enviar\u00e1 un acuerdo esta semana para que la Secretar\u00eda de la Defensa Nacional (Sedena) quede a cargo de la Guardia Nacional (GN).<\/p>\n<p>La GN fue creada en 2019 mediante decreto presidencial del 26 de marzo de 2019 publicado en el <em>Diario Oficial de la Federaci\u00f3n<\/em>, como una corporaci\u00f3n de car\u00e1cter civil orientada a realizar tareas de seguridad p\u00fablica y con ello beneficiar a la sociedad.<\/p>\n<p>Como se\u00f1alamos en l\u00edneas anteriores, el mandatario tabasque\u00f1o dijo lo siguiente: \u201cVoy a emitir un acuerdo para que ya por completo la Guardia Nacional dependa de la Sedena y esperamos el resultado de la reforma\u201d.<\/p>\n<p>As\u00ed pues, la reforma a la GN planteada por el presidente quedar\u00e1 protegida en caso de no ser aprobada.\u00a0 La presencia de la GN es necesaria en tiempos de violencia como los que se viven en M\u00e9xico.\u00a0 La inseguridad invadi\u00f3 nuestro pa\u00eds y uno de los factores que evitan erradicarla es la falta de polic\u00edas en los niveles municipales y estatales.<\/p>\n<p>Los grupos de la delincuencia organizada son los que tienen el control de la seguridad en contubernio con autoridades corruptas.<\/p>\n<p>De ah\u00ed la necesidad de corporaciones como la GN para enfrentar la espiral de violencia que da\u00f1a a nuestro pa\u00eds.<\/p>\n<p style=\"text-align: center;\"><strong>Las carreteras peligrosas<\/strong><\/p>\n<p>De acuerdo con datos revelados por la Guardia Nacional (GN) estas son las carreteras m\u00e1s inseguras y peligrosas de M\u00e9xico.<\/p>\n<p>Esas v\u00edas son:<\/p>\n<p>La carretera 150D, la autopista de peaje que comunica a la Ciudad de M\u00e9xico con Veracruz. En 2020, se registraron 22 denuncias de asalto en el tramo Puebla-C\u00f3rdoba.<\/p>\n<p>La carretera federal 37D o sea la Autopista Siglo XXI que est\u00e1 en Michoac\u00e1n y Guerrero. Este camino empieza en Uruapan y termina en L\u00e1zaro C\u00e1rdenas.<\/p>\n<p>La siguiente es la carretera federal 97, en Tamaulipas, con su tramo peligroso que se encuentra entre Matamoros y Reynosa.<\/p>\n<p>Tambi\u00e9n est\u00e1n el camino Quer\u00e9taro-Irapuato y el entronque Morelos-Pachuca.<\/p>\n<p>Se dej\u00f3 crecer a los grupos de la delincuencia organizada y cada vez son m\u00e1s las agresiones a transportistas y ciudadanos que viajan por las carreteras.<\/p>\n<p>En las zonas urbanas tambi\u00e9n se increment\u00f3 la ola de asaltos. Existen, por ejemplo, rutas en las que diariamente los pasajeros que viajan en peseras son v\u00edctimas de los delincuentes.\u00a0 Una de esas v\u00edas es el tramo carretero que va de la Ciudad de M\u00e9xico a Pachuca.<\/p>\n<p>Por otra parte, el Instituto Nacional de Estad\u00edstica y Geograf\u00eda (Inegi) inform\u00f3 que, en general, para los mexicanos, se increment\u00f3 la percepci\u00f3n de inseguridad en las carreteras del pa\u00eds.<\/p>\n<p>\u00bfUsted qu\u00e9 opina amable lector?<\/p>\n<p><em><a href=\"mailto:aco2742@hotmail.com\" target=\"_blank\" rel=\"noopener noreferrer\">aco2742@hotmail.com<\/a><\/em><\/p>\n","protected":false},"excerpt":{"rendered":"<p><span style=\"color: #005497;\"><strong>Augusto Corro<\/strong><\/span><\/p>\n","protected":false},"author":3,"featured_media":0,"comment_status":"open","ping_status":"open","sticky":false,"template":"","format":"standard","meta":{"_monsterinsights_skip_tracking":false,"_monsterinsights_sitenote_active":false,"_monsterinsights_sitenote_note":"","_monsterinsights_sitenote_category":0,"footnotes":""},"categories":[157],"tags":[43686,43674,11515],"class_list":["post-556141","post","type-post","status-publish","format-standard","hentry","category-augusto-corro","tag-augusto-corro","tag-opinion","tag-punto-por-punto"],"_links":{"self":[{"href":"https:\/\/www.diarioimagen.net\/index.php?rest_route=\/wp\/v2\/posts\/556141","targetHints":{"allow":["GET"]}}],"collection":[{"href":"https:\/\/www.diarioimagen.net\/index.php?rest_route=\/wp\/v2\/posts"}],"about":[{"href":"https:\/\/www.diarioimagen.net\/index.php?rest_route=\/wp\/v2\/types\/post"}],"author":[{"embeddable":true,"href":"https:\/\/www.diarioimagen.net\/index.php?rest_route=\/wp\/v2\/users\/3"}],"replies":[{"embeddable":true,"href":"https:\/\/www.diarioimagen.net\/index.php?rest_route=%2Fwp%2Fv2%2Fcomments&post=556141"}],"version-history":[{"count":0,"href":"https:\/\/www.diarioimagen.net\/index.php?rest_route=\/wp\/v2\/posts\/556141\/revisions"}],"wp:attachment":[{"href":"https:\/\/www.diarioimagen.net\/index.php?rest_route=%2Fwp%2Fv2%2Fmedia&parent=556141"}],"wp:term":[{"taxonomy":"category","embeddable":true,"href":"https:\/\/www.diarioimagen.net\/index.php?rest_route=%2Fwp%2Fv2%2Fcategories&post=556141"},{"taxonomy":"post_tag","embeddable":true,"href":"https:\/\/www.diarioimagen.net\/index.php?rest_route=%2Fwp%2Fv2%2Ftags&post=556141"}],"curies":[{"name":"wp","href":"https:\/\/api.w.org\/{rel}","templated":true}]}}