{"id":556161,"date":"2022-08-09T00:07:13","date_gmt":"2022-08-09T05:07:13","guid":{"rendered":"https:\/\/www.diarioimagen.net\/?p=556161"},"modified":"2022-08-09T05:06:33","modified_gmt":"2022-08-09T10:06:33","slug":"amlo-intenta-otra-maniobra-para-darle-la-vuelta-a-la-constitucion","status":"publish","type":"post","link":"https:\/\/www.diarioimagen.net\/?p=556161","title":{"rendered":"AMLO intenta otra maniobra para darle la vuelta a la Constituci\u00f3n"},"content":{"rendered":"<h2>Clase Pol\u00edtica<\/h2>\n<h5>Miguel \u00c1ngel Rivera<\/h5>\n<p>&nbsp;<\/p>\n<p>Aunque no estudi\u00f3 Derecho, el presidente Andr\u00e9s Manuel L\u00f3pez Obrador se ha convertido en todo un catedr\u00e1tico de c\u00f3mo dar vuelta a los mandatos de los jueces y tribunales y no cumplir con lo que dicen las leyes.<\/p>\n<p>Tal vez su c\u00e1tedra no tendr\u00eda \u00e9xito en la UNAM o en alguna otra prestigiosa universidad o facultad de Derecho, pero sin duda tendr\u00eda una concurrida asistencia de abogados litigantes conocidos en los tribunales como \u201cchicaneros\u201d.<\/p>\n<p>Para precisar, cabe citar que el Diccionario Panhisp\u00e1nico del Espa\u00f1ol Jur\u00eddico define al abogado <em>chicanero<\/em> como aquel \u201cabogado o litigante que utiliza hasta la saciedad mecanismos para alargar los juicios y obtener con ello ventajas econ\u00f3micas para s\u00ed y a veces para su cliente, promoviendo apelaciones sin fin, excepciones dilatorias, denuncias improcedentes dentro del juicio y solicitud de suspensiones\u201d.<\/p>\n<p>El mismo diccionario jur\u00eddico a\u00f1ade que \u201clas\u00a0<strong><em>chicanas<\/em><\/strong>\u00a0forman parte de la subcultura del litigio y llegan a constituir una real obstrucci\u00f3n de la justicia, por el perjuicio que ocasionan a esta y la frivolidad de las promociones, que las leyes, como la Ley de Amparo, llegan a castigar\u201d.<\/p>\n<p>Todo lo anterior porque el Presidente anunci\u00f3 en su ma\u00f1anera de ayer que promulgar\u00e1 un acuerdo para ceder al Ej\u00e9rcito el control de la Guardia Nacional.<\/p>\n<p>Esto porque el primer mandatario y sus asesores y colaboradores est\u00e1n conscientes de que no ser\u00e1 aprobada en el Congreso de la Uni\u00f3n la iniciativa de reforma constitucional para cambiar la ley org\u00e1nica de la Guardia Nacional, que naci\u00f3 como una instituci\u00f3n civil, pero que el primer mandatario y su r\u00e9gimen de\u00a0la llamada Cuarta Transformaci\u00f3n quieren ahora transferir a la Secretar\u00eda de la Defensa, lo cual implica otras modificaciones a la llamada Carta Magna, pues el Ej\u00e9rcito no tiene facultades para ejercer labores de polic\u00eda, aunque ha desempe\u00f1ada algunas labores especiales de combate a la delincuencia.<\/p>\n<p>El llamado bloque opositor que opera en las c\u00e1maras de Diputados y Senadores, integrado por las bancadas del PAN, PRI y PRD, a los que con frecuencia se suma el grupo de MC, ha anticipado que esas reformas constitucionales no podr\u00e1n ser aprobadas porque el oficialismo integrado por Morena y sus r\u00e9moras del PT y PVEM no suma los votos suficientes para aprobar reformas constitucionales (las dos terceras partes de los legisladores presentes).<\/p>\n<p>En su ma\u00f1anera de ayer, el presidente L\u00f3pez Obrador de hecho admiti\u00f3 esa realidad, por lo que anticip\u00f3 que, en caso de no ser aprobada su reforma para que la GN sea parte de Sedena no pasa, el traslado se har\u00e1 realidad por un acuerdo de la presidencia.<\/p>\n<p>Es decir, se prepara una\u00a0<strong><em>chicana<\/em><\/strong>. Como no se puede ganar con base en las leyes vigentes o por venir, se recurre a un desv\u00edo para no tener que cumplir con las normas.<\/p>\n<p>Esto no es nuevo en\u00a0la llamada Cuarta Transformaci\u00f3n. Hace unos d\u00edas, la administraci\u00f3n encabezada por L\u00f3pez Obrador recurri\u00f3 a otra\u00a0<strong><em>chicana<\/em><\/strong>\u00a0para lograr que contin\u00faen las obras del Tramo 5 del Tren Maya, una de las obras estelares del r\u00e9gimen que hab\u00eda sido detenida mediante amparos promovidos por ecologistas y otras organizaciones de la sociedad civil por considerar que afecta radicalmente a la ecolog\u00eda y da\u00f1a numerosos y valiosos vestigios de las culturas precolombinas que tanto presume \u201cdefender\u201d el gobierno federal. Para evadir los amparos, el gobierno de L\u00f3pez Obrador recurri\u00f3 al subterfugio de calificar al Tren Maya como una obra necesaria para la seguridad nacional.<\/p>\n<p>En el caso de la Guardia Nacional, creada por el actual r\u00e9gimen a pesar de las protestas de la oposici\u00f3n porque se le considera un avance en la militarizaci\u00f3n del pa\u00eds, pues para nacer se destruy\u00f3 una Polic\u00eda Federal que empezaba a trabajar con relativo \u00e9xito y que era conducida por civiles, algunos de los cuales ahora son perseguidos por una \u201caut\u00f3noma\u201d Fiscal\u00eda General de la Rep\u00fablica, acusados de enriquecimiento il\u00edcito y\/o de encubrir a delincuentes.<\/p>\n<p>Al anunciar el subterfugio de emitir un decreto o acuerdo presidencial para que la Guardia Nacional quede bajo el control absoluto de la Defensa Nacional, el presidente L\u00f3pez Obrador<\/p>\n<p>justific\u00f3 su intenci\u00f3n con el argumento de evitar la corrupci\u00f3n, impedir el manejo pol\u00edtico del cuerpo de seguridad y garantizar su permanencia.<\/p>\n<p style=\"text-align: center;\"><strong>Autogolpe de Estado, advierte la oposici\u00f3n<\/strong><\/p>\n<p>\u201cYa, por acuerdo de la Presidencia, la seguridad que tiene que ver con la Guardia Nacional, completa, pasa a la Secretar\u00eda de la Defensa. Ya la cuesti\u00f3n operativa est\u00e1 a cargo de la Secretar\u00eda de la Defensa\u201d, dijo en la ma\u00f1anera de este 8 de agosto.<\/p>\n<p>El mandatario mexicano hizo este anuncio a pesar de que en 2019, cuando cre\u00f3 la Guardia Nacional, el Gobierno prometi\u00f3 que el cuerpo de seguridad mantendr\u00eda una naturaleza civil ante las cr\u00edticas de organizaciones de defensa de derechos humanos.<\/p>\n<p>Despu\u00e9s, L\u00f3pez Obrador cambi\u00f3 su postura y anunci\u00f3 una reforma constitucional para formalizar que las Fuerzas Armadas controlen la Guardia Nacional, que depende de la Secretar\u00eda de Seguridad y Protecci\u00f3n Ciudadana (SSPC), pero ahora prefiri\u00f3 adelantarse con un acuerdo ante la oposici\u00f3n que afronta en el Congreso.<\/p>\n<p>\u201cVamos a buscar la forma de que lo podamos hacer en lo administrativo, por si no pasa (la reforma) de todas maneras va a quedar as\u00ed\u201d, advirti\u00f3 AMLO.<\/p>\n<p>En contra del optimismo presidencial, de inmediato surgieron protestas en la sociedad y, en particular, en las filas de la oposici\u00f3n.<\/p>\n<p>En el Senado, legisladores de oposici\u00f3n calificaron como una amenaza al orden constitucional y un paso hacia un autogolpe de Estado el anuncio del presidente L\u00f3pez Obrador de promulgar un acuerdo para incorporar a la Guardia Nacional a la Secretar\u00eda de la Defensa Nacional (Sedena) y anunciaron que, una vez m\u00e1s, interpondr\u00e1n una acci\u00f3n de inconstitucionalidad para revertir esa medida.<\/p>\n<p>La vicecoordinadora del PAN, Kenia L\u00f3pez Rabad\u00e1n, anunci\u00f3 que de inmediato interpondr\u00e1 una acci\u00f3n de inconstitucionalidad una vez que el presidente L\u00f3pez Obrador promulgue este \u201cdecretazo\u201d.<\/p>\n<p>\u201cEs necesario que el Presidente de la Rep\u00fablica entienda que en M\u00e9xico tenemos tres poderes y \u00e9l solamente encabeza uno de los tres poderes\u201d, dijo la tambi\u00e9n presidenta de la Comisi\u00f3n Nacional de Derechos Humanos.<\/p>\n<p>La Guardia Nacional (GN) es una instituci\u00f3n concebida bajo un mando civil y adscrita a la Secretar\u00eda de Seguridad y Protecci\u00f3n Ciudadana (SSPC) y ning\u00fan decreto del Presidente puede alterar esta disposici\u00f3n, afirm\u00f3 Alejandro Moreno, dirigente nacional del PRI.<\/p>\n<p>Moreno precis\u00f3 que la \u00fanica forma de lograr la adscripci\u00f3n de la Guardia Nacional a la Sedena \u201cser\u00eda a trav\u00e9s de la mayor\u00eda calificada en el Congreso, la cual no tienen\u201d.<\/p>\n<p style=\"text-align: center;\"><strong>A punto de resolverse, diferendo con Grupo Salinas<\/strong><\/p>\n<p>En su conferencia de ayer, el presidente L\u00f3pez Obrador tambi\u00e9n coment\u00f3 que el diferendo fiscal con Grupo Salinas, encabezado por el empresario Ricardo Salinas Pliego est\u00e1 por definirse.<\/p>\n<p>El mandatario federal indic\u00f3 que antes que finalice este a\u00f1o, ese caso deber\u00e1 estar resuelto.<\/p>\n<p>Interrogado acerca de posibles adeudos del due\u00f1o de Grupo Salinas, el titular del Ejecutivo explic\u00f3 que \u00e9l alega que desde el gobierno de Vicente Fox se le est\u00e1 cobrando el pago doble de impuestos y que lo correspondiente ya lo habr\u00eda cubierto; indic\u00f3 que el caso se revisa junto con el Servicio de Administraci\u00f3n Tributaria (SAT) y garantiz\u00f3 que \u201cya no hay privilegios fiscales, ya no es el tiempo de antes\u201d.<\/p>\n<p>\u201cEsto lo entienden todos, incluso Salinas Pliego, \u00e9l tiene un alegato y se le est\u00e1 escuchando como a todos, sostiene que le quieren cobrar doble, que es una especie de venganza de gobiernos anteriores, entonces se est\u00e1 revisando porque si hay algo injusto se tiene que reponer el procedimiento, si no, reafirmar lo que est\u00e1 demandando el SAT que se pague, pero est\u00e1 abierta la negociaci\u00f3n\u201d, expuso el Presidente.<\/p>\n<p>A trav\u00e9s de su cuenta de Twitter, el empresario, respondi\u00f3 a AMLO que pagar\u00e1 \u201csolamente lo justo\u201d de su adeudo con el SAT.<\/p>\n<p>A principios de este a\u00f1o, Grupo Salinas inform\u00f3 que recurrir\u00eda a instancias internacionales luego de que en la Segunda Sala de la Suprema Corte de Justicia de la Naci\u00f3n (SCJN) se negara a analizar un amparo con el que busca evitar el pago de impuestos.<\/p>\n<p>El amparo directo en revisi\u00f3n 2497\/2018 fue interpuesto por Grupo Elektra y est\u00e1 relacionado al pago de un cr\u00e9dito fiscal que el SAT le fij\u00f3 por ISR correspondiente al ejercicio fiscal de 2006.<\/p>\n<p><em><a href=\"mailto:riparcangel@hotmail.com\" target=\"_blank\" rel=\"noopener noreferrer\">riparcangel@hotmail.com<\/a><\/em><\/p>\n","protected":false},"excerpt":{"rendered":"<p><span style=\"color: #005497;\"><strong>Miguel \u00c1ngel Rivera<\/strong><\/span<\/span><\/p>\n","protected":false},"author":3,"featured_media":0,"comment_status":"open","ping_status":"open","sticky":false,"template":"","format":"standard","meta":{"_monsterinsights_skip_tracking":false,"_monsterinsights_sitenote_active":false,"_monsterinsights_sitenote_note":"","_monsterinsights_sitenote_category":0,"footnotes":""},"categories":[84119],"tags":[84120,84121,43674],"class_list":["post-556161","post","type-post","status-publish","format-standard","hentry","category-miguel-angel-rivera","tag-clase-politica","tag-miguel-angel-rivera","tag-opinion"],"_links":{"self":[{"href":"https:\/\/www.diarioimagen.net\/index.php?rest_route=\/wp\/v2\/posts\/556161","targetHints":{"allow":["GET"]}}],"collection":[{"href":"https:\/\/www.diarioimagen.net\/index.php?rest_route=\/wp\/v2\/posts"}],"about":[{"href":"https:\/\/www.diarioimagen.net\/index.php?rest_route=\/wp\/v2\/types\/post"}],"author":[{"embeddable":true,"href":"https:\/\/www.diarioimagen.net\/index.php?rest_route=\/wp\/v2\/users\/3"}],"replies":[{"embeddable":true,"href":"https:\/\/www.diarioimagen.net\/index.php?rest_route=%2Fwp%2Fv2%2Fcomments&post=556161"}],"version-history":[{"count":0,"href":"https:\/\/www.diarioimagen.net\/index.php?rest_route=\/wp\/v2\/posts\/556161\/revisions"}],"wp:attachment":[{"href":"https:\/\/www.diarioimagen.net\/index.php?rest_route=%2Fwp%2Fv2%2Fmedia&parent=556161"}],"wp:term":[{"taxonomy":"category","embeddable":true,"href":"https:\/\/www.diarioimagen.net\/index.php?rest_route=%2Fwp%2Fv2%2Fcategories&post=556161"},{"taxonomy":"post_tag","embeddable":true,"href":"https:\/\/www.diarioimagen.net\/index.php?rest_route=%2Fwp%2Fv2%2Ftags&post=556161"}],"curies":[{"name":"wp","href":"https:\/\/api.w.org\/{rel}","templated":true}]}}