{"id":556163,"date":"2022-08-09T00:12:35","date_gmt":"2022-08-09T05:12:35","guid":{"rendered":"https:\/\/www.diarioimagen.net\/?p=556163"},"modified":"2022-08-09T05:09:32","modified_gmt":"2022-08-09T10:09:32","slug":"un-estado-sin-seguridad-juridica-va-al-fracaso-monreal","status":"publish","type":"post","link":"https:\/\/www.diarioimagen.net\/?p=556163","title":{"rendered":"Un Estado sin seguridad jur\u00eddica va al fracaso: Monreal"},"content":{"rendered":"<h2>Tras la puerta del poder<\/h2>\n<h5>Roberto Vizca\u00edno<\/h5>\n<p>&nbsp;<\/p>\n<p>Desde Anenecuilco, y durante la celebraci\u00f3n del 143 Aniversario del Natalicio del General Emiliano Zapata, <strong>Ricardo Monreal<\/strong> present\u00f3 su tercer cap\u00edtulo de <strong>Proyecto de Naci\u00f3n<\/strong> con el que impulsa su precandidatura en Morena para la presidencial de 2024 y que contiene los lineamientos sobre democracia y participaci\u00f3n ciudadana.<\/p>\n<p>En semanas anteriores dio a conocer sus propuestas para ir a una reforma fiscal y para atender la pobreza y los problemas del campo.<\/p>\n<p>El tercer cap\u00edtulo de su Proyecto de Naci\u00f3n presentado ayer plantea dise\u00f1ar los mecanismos para saldar las deudas de la transici\u00f3n pol\u00edtica, como es la democratizaci\u00f3n de la vida interna de los partidos pol\u00edticos.<\/p>\n<p>En este contexto, el zacatecano insisti\u00f3 en que Morena, como la mayor fuerza pol\u00edtica de M\u00e9xico, tiene ante s\u00ed el reto de ir a una democratizaci\u00f3n de todas sus estructuras y mecanismos, comenzando por el de la adopci\u00f3n de nuevas formas de selecci\u00f3n de sus candidatos y dirigentes.<\/p>\n<p>Igualmente indispensable, dijo, es reforzar el respeto de la ley para que tanto ciudadanos como autoridades mantengan una fuerte cohesi\u00f3n social.<\/p>\n<p><strong>Un Estado sin seguridad jur\u00eddica, subray\u00f3,<\/strong> est\u00e1 destinado al fracaso, porque los inversionistas nacionales y extranjeros carecer\u00edan de incentivos para la creaci\u00f3n de nuevas empresas y de los empleos correspondientes.<\/p>\n<p>En su tercera propuesta, <strong>Monreal<\/strong> Insiste en una <strong>reforma integral al sistema de impartici\u00f3n y procuraci\u00f3n de justicia<\/strong> que permita combatir efectivamente el crimen, que termine con la impunidad de los que lo cometen y que permita ejercer plenamente el derecho ciudadano a la seguridad p\u00fablica y al respeto de los derechos humanos.<\/p>\n<p>Con plena convicci\u00f3n de que el laicismo es un principio b\u00e1sico de convivencia en una sociedad plural y heterog\u00e9nea, rechaz\u00f3 \u201ccualquier programa de corte conservador o comprometido con un proyecto de velada restauraci\u00f3n\u201d.<\/p>\n<p>Su intenci\u00f3n, dijo, es \u201ccolocar al pensamiento de la izquierda democr\u00e1tica, fuera de todo \u00e1nimo de revancha y libre de toda par\u00e1lisis y dogmatismos, y en el centro de la construcci\u00f3n de ese espacio de coexistencia pol\u00edtica que requiere M\u00e9xico en los albores del nuevo siglo\u201d.<\/p>\n<p>El presidente de la Junta de Coordinaci\u00f3n Pol\u00edtica del Senado y l\u00edder de la mayor\u00eda de Morena en esa c\u00e1mara, considera indispensable dise\u00f1ar los instrumentos y mecanismos que nos permitan <strong>terminar de saldar las deudas de la transici\u00f3n a la democracia<\/strong>.<\/p>\n<p>Este paso es necesario, agreg\u00f3, ya que no hay instituci\u00f3n que se pueda mantener intacta, pues la naturaleza din\u00e1mica de las sociedades obliga a readecuarlas a las nuevas realidades.<\/p>\n<p>\u201cEsto nos permite centrarnos en la necesidad de perfeccionar aquellos aspectos dentro del sistema electoral, para reajustar las condiciones del juego democr\u00e1tico hasta satisfacer a todos los actores involucrados\u201d, precis\u00f3.<\/p>\n<p>Por ello, subray\u00f3, es indispensable expandir la democracia a otros \u00e1mbitos, c\u00f3mo los <strong>partidos pol\u00edticos<\/strong>, pues la <strong>crisis de representaci\u00f3n pol\u00edtica se origin\u00f3 en buena medida, a partir del distanciamiento ideol\u00f3gico y program\u00e1tico entre la sociedad y estos institutos<\/strong>.<\/p>\n<p>El anquilosamiento de las estructuras partidistas advirti\u00f3, tiende a la formaci\u00f3n de <strong>oligarqu\u00edas <\/strong>que dominan su vida interna.<\/p>\n<p>\u201cPor esa raz\u00f3n, no es posible hablar de un gobierno democr\u00e1tico, si la antesala, la vida interna de los partidos est\u00e1 dominada por pr\u00e1cticas antidemocr\u00e1ticas en todos los \u00e1mbitos de la vida partidista\u201d.<\/p>\n<p>De entrada, afirm\u00f3, se requiere que se garanticen las condiciones institucionales para la toma de decisiones y la resoluci\u00f3n de conflictos internos en los partidos, y la construcci\u00f3n de mecanismos democr\u00e1ticos para el acceso a cargos de poder.<\/p>\n<p>Hay que hacer efectivas la transparencia y la rendici\u00f3n de cuentas, pues, como entidades de inter\u00e9s p\u00fablico, los partidos pol\u00edticos se benefician de un copioso financiamiento p\u00fablico para satisfacer sus necesidades, agreg\u00f3.<\/p>\n<p>As\u00ed, en el <strong>tercer cap\u00edtulos de su Proyecto de Naci\u00f3n, denominado<\/strong> <strong>Estado de Derecho, Social y Democr\u00e1tico<\/strong>, <strong>Monreal<\/strong> propone perfeccionar las figuras de consulta popular, iniciativa popular y revocaci\u00f3n de mandato, as\u00ed como fortalecer a las organizaciones de la sociedad civil e instrumentar mejores mecanismos para evaluar la eficacia y la eficiencia gubernamental.<\/p>\n<p>En este contexto, el zacatecano insisti\u00f3 ayer que tiene confianza en ganar y que espera hacerlo como candidato presidencial de Morena.<\/p>\n<p style=\"text-align: center;\"><strong>AMLO, va decreto de militarizaci\u00f3n de la Guardia Nacional<\/strong><\/p>\n<p>Justo en el contexto de la presentaci\u00f3n del tercer apartado del Proyecto de Naci\u00f3n de <strong>Monreal<\/strong>, en que plantea la necesidad de respetar la Ley como garant\u00eda de estabilidad y gobernabilidad es que, por otro lado, el presidente <strong>Andr\u00e9s Manuel L\u00f3pez Obrador<\/strong> anuncia que emitir\u00e1 un decreto para integrar la Guardia Nacional a la Secretar\u00eda de la Defensa Nacional.<\/p>\n<p>Con este decreto, <strong>AMLO<\/strong> busca evadir al Congreso donde no cuenta con la mayor\u00eda calificada de 2 terceras partes para sacar adelante una reforma constitucional.<\/p>\n<p>El <strong><em>decretazo<\/em><\/strong> ir\u00e1, sin duda directo, a una impugnaci\u00f3n ante la suprema Corte.<\/p>\n<p><em><a href=\"mailto:rvizcainoa@gmail.com\" target=\"_blank\" rel=\"noopener noreferrer\">vizcainoa@gmail.com<\/a><a href=\"mailto:rvizcainoa@gmail.com\" target=\"_blank\" rel=\"noopener noreferrer\"><br \/>\n<\/a><a href=\"http:\/\/endirecto.mx\" target=\"_blank\" rel=\"noopener noreferrer\">www.endirecto.mx<\/a><a href=\"mailto:rvizcainoa@gmail.com\" target=\"_blank\" rel=\"noopener noreferrer\"><br \/>\n<\/a><a href=\"https:\/\/twitter.com\/_rvizcaino\" target=\"_blank\" rel=\"noopener noreferrer\">@_RVizcaino<\/a><a href=\"mailto:rvizcainoa@gmail.com\" target=\"_blank\" rel=\"noopener noreferrer\"><br \/>\n<\/a><a href=\"https:\/\/www.facebook.com\/rvizcainoa\" target=\"_blank\" rel=\"noopener noreferrer\">facebook.com\/rvizcainoa<\/a><\/em><\/p>\n","protected":false},"excerpt":{"rendered":"<p><span style=\"color: #005497;\"><strong>Roberto Vizca\u00edno<\/strong><\/span><\/p>\n","protected":false},"author":3,"featured_media":0,"comment_status":"open","ping_status":"open","sticky":false,"template":"","format":"standard","meta":{"_monsterinsights_skip_tracking":false,"_monsterinsights_sitenote_active":false,"_monsterinsights_sitenote_note":"","_monsterinsights_sitenote_category":0,"footnotes":""},"categories":[136],"tags":[43674,93,94],"class_list":["post-556163","post","type-post","status-publish","format-standard","hentry","category-roberto-vizcaino-opinion","tag-opinion","tag-roberto-vizcaino","tag-tras-la-puerta-del-poder"],"_links":{"self":[{"href":"https:\/\/www.diarioimagen.net\/index.php?rest_route=\/wp\/v2\/posts\/556163","targetHints":{"allow":["GET"]}}],"collection":[{"href":"https:\/\/www.diarioimagen.net\/index.php?rest_route=\/wp\/v2\/posts"}],"about":[{"href":"https:\/\/www.diarioimagen.net\/index.php?rest_route=\/wp\/v2\/types\/post"}],"author":[{"embeddable":true,"href":"https:\/\/www.diarioimagen.net\/index.php?rest_route=\/wp\/v2\/users\/3"}],"replies":[{"embeddable":true,"href":"https:\/\/www.diarioimagen.net\/index.php?rest_route=%2Fwp%2Fv2%2Fcomments&post=556163"}],"version-history":[{"count":0,"href":"https:\/\/www.diarioimagen.net\/index.php?rest_route=\/wp\/v2\/posts\/556163\/revisions"}],"wp:attachment":[{"href":"https:\/\/www.diarioimagen.net\/index.php?rest_route=%2Fwp%2Fv2%2Fmedia&parent=556163"}],"wp:term":[{"taxonomy":"category","embeddable":true,"href":"https:\/\/www.diarioimagen.net\/index.php?rest_route=%2Fwp%2Fv2%2Fcategories&post=556163"},{"taxonomy":"post_tag","embeddable":true,"href":"https:\/\/www.diarioimagen.net\/index.php?rest_route=%2Fwp%2Fv2%2Ftags&post=556163"}],"curies":[{"name":"wp","href":"https:\/\/api.w.org\/{rel}","templated":true}]}}