{"id":556164,"date":"2022-08-09T00:09:36","date_gmt":"2022-08-09T05:09:36","guid":{"rendered":"https:\/\/www.diarioimagen.net\/?p=556164"},"modified":"2022-08-11T04:27:11","modified_gmt":"2022-08-11T09:27:11","slug":"a-cuba-con-amor-obsesion-de-amlo","status":"publish","type":"post","link":"https:\/\/www.diarioimagen.net\/?p=556164","title":{"rendered":"\u00a1A Cuba con amor!; obsesi\u00f3n de AMLO"},"content":{"rendered":"<h2>Poder y dinero<\/h2>\n<h5>V\u00edctor S\u00e1nchez Ba\u00f1os<\/h5>\n<p>&nbsp;<\/p>\n<ul>\n<li><em><strong>La isla, refugio de ex presidentes<\/strong><\/em><\/li>\n<li><em><strong>Exilio, para evitar la deshonra<\/strong><\/em><\/li>\n<li><em><strong>D\u00edaz Ordaz, Echeverr\u00eda, Salinas<\/strong><\/em><\/li>\n<li><em><strong>El\u00edas Calles, corrido por C\u00e1rdenas<\/strong><\/em><\/li>\n<li><em><strong>L\u00f3pez Obrador, prepara salida<\/strong><\/em><\/li>\n<li><em><strong>Embajadores, sin oposici\u00f3n<\/strong><\/em><\/li>\n<li><em><strong>Sin queja, diplom\u00e1ticos de carrera<\/strong><\/em><\/li>\n<li><em><strong>Provident, RSC<\/strong><\/em><\/li>\n<\/ul>\n<p>&nbsp;<\/p>\n<p style=\"text-align: right;\"><em>Si os hall\u00e1is precisado a oponeros al dictamen de otro, hacedlo<br \/>\n<\/em><strong>San Francisco de Sales<\/strong> (1567-1622), Obispo y Doctor de la Iglesia<\/p>\n<p>&nbsp;<\/p>\n<p>Primero fueron los 300 m\u00e9dicos cubanos que llegaron al pa\u00eds a turistear a costillas de los gobiernos de la Ciudad de M\u00e9xico y de Veracruz.<\/p>\n<p>Despu\u00e9s, oootra vez, el presidente L\u00f3pez Obrador fue por la segunda camada de m\u00e9dicos cubanos para atender, supuestamente, a mexicanos en los sitios donde no hay seguridad porque las ciudades y regiones est\u00e1n tomadas por el crimen organizado. Son 500.<\/p>\n<p>Por instrucciones presidenciales, el gobierno mexicano le env\u00eda apoyo a Cuba, no s\u00f3lo de dinero para negocios inexistentes, sino regalamos ventiladores para atenci\u00f3n a cubanos enfermos por Covid; material de curaci\u00f3n y medicinas. Esto, en los momentos m\u00e1s dram\u00e1ticos de la crisis sanitaria por el coronavirus que seg\u00f3 la vida de m\u00e1s de 700 mil mexicanos.<\/p>\n<p>Adem\u00e1s, en caso de emergencias, como la explosi\u00f3n de dos dep\u00f3sitos de combustible en Matanzas, muy cerca de La Habana, les regalar\u00e1 el gobierno mexicano, \u201ccomo ayuda humanitaria\u201d, combustible a la administraci\u00f3n de Manuel D\u00edaz-Canel. Adem\u00e1s, envi\u00f3 apoyo a Cuba para combatir el incendio de unos tanques de combustible. Fueron especialistas de Pemex y elementos de la Sedena.<\/p>\n<p>Este amor es similar al que le tuvo al gobierno de Fidel Castro, Carlos Salinas de Gortari y que le permiti\u00f3 asilarse, \u201cextraoficialmente\u201d, en Cuba durante la persecuci\u00f3n de Ernesto Zedillo.<\/p>\n<p>\u00bfAcaso estar\u00e1 pensando el presidente L\u00f3pez Obrador que podr\u00eda el pr\u00f3ximo sexenio una emulaci\u00f3n a lo ocurrido entre Zedillo y Salinas? Zedillo, incluso meti\u00f3 a la c\u00e1rcel por varios a\u00f1os al hermano del ex presidente Ra\u00fal, quien ahora es un alto funcionario bancario.<\/p>\n<p>Aunque los exilios no son nuevos, ni de finales del siglo XX. En la era postrevolucionaria se dice en el clamor popular, que Plutarco El\u00edas Calles elimin\u00f3 a \u00c1lvaro Obreg\u00f3n, su jefe y creador, en un ataque en el parque de La Bombilla en la Ciudad de M\u00e9xico, realizado por varios pistoleros (no un asesino solitario, como dice el Ministerio P\u00fablico de la \u00e9poca). Pero esto ser\u00e1 otra historia.<\/p>\n<p>A El\u00edas Calles lo exili\u00f3 L\u00e1zaro C\u00e1rdenas, ya que el caudillo quer\u00eda entrometerse en los asuntos de Estado. Luis Echeverr\u00eda exili\u00f3 a Gustavo D\u00edaz Ordaz a Espa\u00f1a, lo que aprovech\u00f3 Jos\u00e9 L\u00f3pez Portillo, para nombrar a Echeverr\u00eda, en 1977, como representante de M\u00e9xico ante la Unesco. Enrique Pe\u00f1a, con L\u00f3pez Obrador, se autoexili\u00f3 a Europa, para realizar un viaje id\u00edlico con su pareja por varias naciones.<\/p>\n<p>Sin embargo, Cuba representa todo un s\u00edmbolo de refugio para los momentos m\u00e1s delicados en la vida de nuestros ex gobernantes.<\/p>\n<p>Por ello, esa paradis\u00edaca isla es apapachada cotidianamente, no s\u00f3lo por mexicanos sino por otras naciones, cuyos gobernantes ven ah\u00ed un asilo c\u00f3modo para poder disfrutar la vida y, en muchos casos, del dinero que se robaron de las arcas p\u00fablicas de sus pa\u00edses.<\/p>\n<p>L\u00f3pez Obrador, env\u00eda dinero, apoyo log\u00edstico y hasta recibe de los gobernantes como Manuel D\u00edaz-Canel, medallas de \u201chero\u00edsmo\u201d.<\/p>\n<p>Salinas le perdon\u00f3 una deuda de 350 millones de d\u00f3lares, por un proyecto fallido de telefon\u00eda en la isla, donde Fidel Castro provoc\u00f3 graves p\u00e9rdidas a la compa\u00f1\u00eda que al final de cuentas el entonces presidente mexicano fue quien sali\u00f3 al rescate. Como pago, fue recibido en su autoexilio a finales de los noventa. De ah\u00ed, se fue a Irlanda.<\/p>\n<p>Casos, son numerosos, pero Cuba ha sido el escondite de otros pol\u00edticos, donde los Castro fueron los que brindaron ese cobijo.<\/p>\n<p>AMLO se cuida las espaldas de cualquier traici\u00f3n, que es uno de los temores que tiene el tabasque\u00f1o.<\/p>\n<p style=\"text-align: center;\"><strong>PODEROSOS CABALLEROS<\/strong><\/p>\n<p><strong>EMBAJADORES, SIN OPOSICI\u00d3N:<\/strong> En la pasada camada de embajadores aprobados por el Senado, destaca que 3 fueron aprobados sin oposici\u00f3n. Carolina Zaragoza Flores Rodr\u00edguez ir\u00e1 a Irlanda; Mar\u00eda Victoria Romero Caballero, ratificada en Azerbaiy\u00e1n; Norma Bertha Pensado Moreno, al Reino de Dinamarca y sujeto a la recepci\u00f3n del benepl\u00e1cito correspondiente ante la Rep\u00fablica de Islandia, as\u00ed como a Amparo Er\u00e9ndira Anguiano Rodr\u00edguez, a Rumania y la Rep\u00fablica de Moldova. Todos, diplom\u00e1ticos de carrera.<\/p>\n<p style=\"text-align: center;\"><strong>RESPONSABILIDAD SOCIAL CORPORATIVA<\/strong><\/p>\n<p><strong>PROVIDENT:<\/strong> Provident, que en M\u00e9xico lidera David Parkinson, arranc\u00f3 la d\u00e9cimo sexta edici\u00f3n de su tradicional torneo de futbol pro-asociaciones civiles, que congregar\u00e1 a m\u00e1s de 680 colaboradores voluntarios como jugadores y forma parte de su programa de RSC Juntos Cuidamos. Este torneo inici\u00f3 el 7 de agosto al 4 de septiembre a nivel nacional. Buscan recaudar recursos para apoyar a m\u00e1s de 40,000 personas en M\u00e9xico, junto con 22 organizaciones sociales.<\/p>\n<p>&nbsp;<\/p>\n<blockquote>\n<p style=\"text-align: right;\">Esc\u00fachame lunes, martes, mi\u00e9rcoles y viernes, en <strong><em>El Heraldo Radio<\/em><\/strong>, desde las 22 horas.<\/p>\n<\/blockquote>\n<p>&nbsp;<\/p>\n<p><em><a href=\"http:\/\/poderydinero.mx\/\" target=\"_blank\" rel=\"noopener\">poderydinero.mx<\/a><br \/>\n<\/em><em><a href=\"mailto:vsb@poderydinero.mx\" target=\"_blank\" rel=\"noopener noreferrer\">vsb@poderydinero.mx<\/a><br \/>\n<\/em><em><a href=\"https:\/\/twitter.com\/vsanchezbanos\" target=\"_blank\" rel=\"noopener noreferrer\">@vsanchezbanos<\/a><\/em><\/p>\n","protected":false},"excerpt":{"rendered":"<p><span style=\"color: #005497;\"><strong>V\u00edctor S\u00e1nchez Ba\u00f1os<\/strong><\/span><\/p>\n","protected":false},"author":3,"featured_media":0,"comment_status":"open","ping_status":"open","sticky":false,"template":"","format":"standard","meta":{"_monsterinsights_skip_tracking":false,"_monsterinsights_sitenote_active":false,"_monsterinsights_sitenote_note":"","_monsterinsights_sitenote_category":0,"footnotes":""},"categories":[38844],"tags":[43674,38847,38848],"class_list":["post-556164","post","type-post","status-publish","format-standard","hentry","category-victor-sanchez-banos","tag-opinion","tag-poder-y-dinero","tag-victor-sanchez-banos"],"_links":{"self":[{"href":"https:\/\/www.diarioimagen.net\/index.php?rest_route=\/wp\/v2\/posts\/556164","targetHints":{"allow":["GET"]}}],"collection":[{"href":"https:\/\/www.diarioimagen.net\/index.php?rest_route=\/wp\/v2\/posts"}],"about":[{"href":"https:\/\/www.diarioimagen.net\/index.php?rest_route=\/wp\/v2\/types\/post"}],"author":[{"embeddable":true,"href":"https:\/\/www.diarioimagen.net\/index.php?rest_route=\/wp\/v2\/users\/3"}],"replies":[{"embeddable":true,"href":"https:\/\/www.diarioimagen.net\/index.php?rest_route=%2Fwp%2Fv2%2Fcomments&post=556164"}],"version-history":[{"count":0,"href":"https:\/\/www.diarioimagen.net\/index.php?rest_route=\/wp\/v2\/posts\/556164\/revisions"}],"wp:attachment":[{"href":"https:\/\/www.diarioimagen.net\/index.php?rest_route=%2Fwp%2Fv2%2Fmedia&parent=556164"}],"wp:term":[{"taxonomy":"category","embeddable":true,"href":"https:\/\/www.diarioimagen.net\/index.php?rest_route=%2Fwp%2Fv2%2Fcategories&post=556164"},{"taxonomy":"post_tag","embeddable":true,"href":"https:\/\/www.diarioimagen.net\/index.php?rest_route=%2Fwp%2Fv2%2Ftags&post=556164"}],"curies":[{"name":"wp","href":"https:\/\/api.w.org\/{rel}","templated":true}]}}