{"id":556246,"date":"2022-08-10T00:02:21","date_gmt":"2022-08-10T05:02:21","guid":{"rendered":"https:\/\/www.diarioimagen.net\/?p=556246"},"modified":"2022-08-10T01:40:18","modified_gmt":"2022-08-10T06:40:18","slug":"amlo-tapa-incapacidad-de-luisa-maria-alcalde","status":"publish","type":"post","link":"https:\/\/www.diarioimagen.net\/?p=556246","title":{"rendered":"AMLO tapa incapacidad de Luisa Mar\u00eda Alcalde"},"content":{"rendered":"<h2>La Retaguardia<\/h2>\n<h5>Adriana Moreno Cordero<\/h5>\n<p><em>\u00a0<\/em><\/p>\n<ul>\n<li><strong><em>Se le concede a \u201cAlito\u201d Moreno suspensi\u00f3n definitiva; Layda, muy triste<\/em><\/strong><\/li>\n<\/ul>\n<p>&nbsp;<\/p>\n<p>Si algo ha demostrado la ineficiencia e incapacidad de esta errada y llamada cuarta transformaci\u00f3n son dos hechos: Lo que ocurre con los diez mineros atrapados en Sabinas, Coahuila, y la insistencia y arrogancia del presidente <strong>Andr\u00e9s Manuel L\u00f3pez Obrado<\/strong>r para que la Guardia Nacional pase al control de la Secretar\u00eda de la Defensa Nacional y decir aberraciones como aquella de que la GN seguir\u00e1 teniendo mando civil, con todo y que dependa de la Sedena. \u00bfAs\u00ed o m\u00e1s incoherente?<\/p>\n<p>En el primer caso, el de los mineros, se hizo desde Palacio Nacional todo por tapar la nula capacidad ni m\u00e1s ni menos que de la flamante secretaria del Trabajo y Previsi\u00f3n Social, <strong>Luisa Mar\u00eda Alcalde<\/strong>, que es evidente, no tiene ni la m\u00e1s remota idea de c\u00f3mo manejar este caso. La semana pasada, lleg\u00f3 a\u00a0 decir, palabras m\u00e1s, palabras menos, que como todo el personal de la dependencia estaba viendo qu\u00e9 ocurr\u00eda en Sabinas, pues no se pod\u00eda atender otros asuntos.<\/p>\n<p>Luego, de plano se \u201clav\u00f3 las manos\u201d guardando un silencio sepulcral sobre la situaci\u00f3n que guardan minas como la de \u201cEl Pinabete\u201d, de Agujita, y para rematar, la coordinadora Nacional de Protecci\u00f3n Civil, <strong>Laura Vel\u00e1zquez<\/strong>, recibi\u00f3 instrucciones precisas de no hablar m\u00e1s sobre c\u00f3mo van las operaciones de rescate de los mineros, vivos o muertos.<\/p>\n<p>Como puede observarse y para variar, a esta errada y llamada Cuarta Transformaci\u00f3n ya se le sali\u00f3 de las manos este asunto y no es suficiente que desde su gustad\u00edsimo \u201cstand-up\u201d ma\u00f1anero, L\u00f3pez Obrador se limite a decir que hay que tener confianza y fe, \u00bfser\u00e1 porque capacidad no hay?, de que se rescatar\u00e1 a los mineros.<\/p>\n<p>Adem\u00e1s, el de Tepetit\u00e1n, calcul\u00f3 mal y termin\u00f3 por echarse encima a los familiares de los mineros atrapados, cuando el fin de semana se dej\u00f3 ver por el lugar para, como dijo la madre de uno de los atrapados, tomarse la foto con el dolor de los parientes de dichos hombres que bajan a las oscuridades de la Tierra sin la m\u00e1s m\u00ednima seguridad, como si estuvi\u00e9ramos en el siglo XVIII y de eso, nadie se hace responsable. De hecho, en su visita a la comunidad de Agujitas, L\u00f3pez Obrador no se atrevi\u00f3 a acercarse a donde estaban los familiares de los mineros atrapados; lo hizo de lejos y ante las protestas de estos, prometi\u00f3 que primero ser\u00eda el rescate y despu\u00e9s se buscar\u00eda hacer justicia, pero a como van los tiempos, la justicia tardar\u00e1 much\u00edsimo en llegar. Adem\u00e1s, se trata tambi\u00e9n de buscar el mejoramiento de las condiciones de trabajo de los mineros que no solo laboran en esa zona y que ganan sueldos miserables.<\/p>\n<p>Respecto a quien es el due\u00f1o de esas minas, unos y otros se \u201cechan la bolita\u201d para no asumir responsabilidad ni culpabilidad alguna.<\/p>\n<p>Antes de esta tragedia, hace ya algunos meses, se hab\u00eda destapado por las \u201cex benditas redes sociales\u201d a la secretaria Luisa Mar\u00eda Alcalde, como aspirante al gobierno de la Ciudad de M\u00e9xico, sin embargo, luego de estos desafortunados hechos, el tema, podr\u00eda decirse, se qued\u00f3 congelado.<\/p>\n<p>Lo anterior, al tiempo que el inquilino de Palacio Nacional, hace c\u00e1lculos sin mayor sustento de que pronto, -y eso puede que sea el d\u00eda de hoy-, los equipos de rescate podr\u00e1n ingresar a la zona siniestrada para iniciar sus labores.<\/p>\n<p>Espec\u00edficamente se\u00f1al\u00f3: \u201cY si se sigue avanzando ya podemos pensar que ma\u00f1ana o pasado ma\u00f1ana el tirante de agua va a ser de un metro y medio y ya van a poder entrar buzos y rescatistas\u201d. \u00bfSer\u00e1?<\/p>\n<p>Ahora bien, sobre el tema de la Guardia Nacional, se\u00f1alado en l\u00edneas anteriores, el dicho del presidente respecto a que ser\u00e1 el Poder Judicial el que resuelva la constitucionalidad o no de que la GN pase a manos de la Sedena, esto va a representar otra \u201cprueba de fuego\u201d ni m\u00e1s ni menos que para el ministro presidente de la Suprema Corte de Justicia de la Naci\u00f3n, <strong>Arturo Zald\u00edvar<\/strong>, pero en este sentido, el inquilino de Palacio Nacional est\u00e1 muy confiado en que quien encabeza la SCJN sigue trabajando para \u00e9l y por eso puede violar sin problema alguno la Constituci\u00f3n.<\/p>\n<p>Un aspecto que no se puede soslayar, son las p\u00e9simas condiciones en que esta errada y llamada Cuarta Transformaci\u00f3n tiene a los integrantes de la Guardia Nacional, durmiendo en estacionamientos, como en el caso de Guerrero, sin las m\u00e1s m\u00ednimas medidas de higiene y con una alimentaci\u00f3n deficiente. Y, \u00bfqu\u00e9 va a hacer el Presidente con este tema?<\/p>\n<p style=\"text-align: center;\"><strong>Municiones<\/strong><\/p>\n<p>*** Una verdadera l\u00e1stima que la gobernadora de Campeche, <strong>Layda Sansores San Rom\u00e1n<\/strong>, no nos haya regalado su gustad\u00edsmo \u201cshow c\u00f3mico, m\u00e1gico y musical\u201d denominado el Martes del Jaguar, donde la controvertida mandataria estatal hace chistes de un p\u00e9simo gusto; trata de hacer bombas yucatecas, en fin, Pero es que est\u00e1 tan ocupada, no preparando su I Informe de Gobierno y de justificaciones de que no ha hecho nada al frente del estado, sino porque se fue a Buenos Aires, Argentina, a celebrar su cumplea\u00f1os y hasta la diversi\u00f3n cansa, \u00bfo no? El caso es que hay que destacar que adem\u00e1s, un juez federal concedi\u00f3 al l\u00edder del PRI, <strong>Alejandro Moreno C\u00e1rdenas,<\/strong> una suspensi\u00f3n definitiva que impedir\u00eda a la gobernadora Sansores, continuar difundiendo conversaciones telef\u00f3nicas de Alito Moreno y eso la tiene muy, pero muy triste. <strong>Gabriel Regis<\/strong>, juez D\u00e9cimo Sexto de Distrito en Materia Administrativa, concedi\u00f3 la suspensi\u00f3n por tiempo indefinido en el amparo, siguiendo el criterio de tres magistrados del Tribunal Colegiado que coincidieron en que, al difundir estos audios en su programa <strong>Martes del Jaguar,<\/strong> Layda Sansores realiza actos \u00abque escapan a las funciones\u00bb que le corresponden como gobernadora, y que puede causar <strong>da\u00f1os irreparables<\/strong> a los derechos de Alejandro Moreno.<\/p>\n<p>*** Y el que est\u00e1 muy desesperado, es el senador del PT, Jos\u00e9 Narro C\u00e9spedes, porque ve que sus posibilidades para llegar a la presidencia de la Mesa Directiva del Senado de la Rep\u00fablica, se tambalean, aunque, claro est\u00e1, todo puede pasar. Ahora, el legislador se dedica a justificar aquello de que tiene mala relaci\u00f3n con el presidente de la Junta de Coordinaci\u00f3n Pol\u00edtica de la C\u00e1mara alta, Ricardo Monreal, y sostiene que solamente se trata de algunas diferencias, pero nada m\u00e1s.<\/p>\n<p><u><a href=\"mailto:morcora@gmail.com\" target=\"_blank\" rel=\"noopener noreferrer\"><em>morcora@gmail.com<\/em><\/a><\/u><\/p>\n","protected":false},"excerpt":{"rendered":"<p><span style=\"color: #005497;\"><strong>Adriana Moreno Cordero<\/strong><\/span><\/p>\n","protected":false},"author":3,"featured_media":0,"comment_status":"open","ping_status":"open","sticky":false,"template":"","format":"standard","meta":{"_monsterinsights_skip_tracking":false,"_monsterinsights_sitenote_active":false,"_monsterinsights_sitenote_note":"","_monsterinsights_sitenote_category":0,"footnotes":""},"categories":[69370],"tags":[69369,69368,43674],"class_list":["post-556246","post","type-post","status-publish","format-standard","hentry","category-adriana-moreno-cordero","tag-adriana-moreno-cordero","tag-la-retaguardia","tag-opinion"],"_links":{"self":[{"href":"https:\/\/www.diarioimagen.net\/index.php?rest_route=\/wp\/v2\/posts\/556246","targetHints":{"allow":["GET"]}}],"collection":[{"href":"https:\/\/www.diarioimagen.net\/index.php?rest_route=\/wp\/v2\/posts"}],"about":[{"href":"https:\/\/www.diarioimagen.net\/index.php?rest_route=\/wp\/v2\/types\/post"}],"author":[{"embeddable":true,"href":"https:\/\/www.diarioimagen.net\/index.php?rest_route=\/wp\/v2\/users\/3"}],"replies":[{"embeddable":true,"href":"https:\/\/www.diarioimagen.net\/index.php?rest_route=%2Fwp%2Fv2%2Fcomments&post=556246"}],"version-history":[{"count":0,"href":"https:\/\/www.diarioimagen.net\/index.php?rest_route=\/wp\/v2\/posts\/556246\/revisions"}],"wp:attachment":[{"href":"https:\/\/www.diarioimagen.net\/index.php?rest_route=%2Fwp%2Fv2%2Fmedia&parent=556246"}],"wp:term":[{"taxonomy":"category","embeddable":true,"href":"https:\/\/www.diarioimagen.net\/index.php?rest_route=%2Fwp%2Fv2%2Fcategories&post=556246"},{"taxonomy":"post_tag","embeddable":true,"href":"https:\/\/www.diarioimagen.net\/index.php?rest_route=%2Fwp%2Fv2%2Ftags&post=556246"}],"curies":[{"name":"wp","href":"https:\/\/api.w.org\/{rel}","templated":true}]}}